{"id":19325,"date":"2025-03-18T22:35:32","date_gmt":"2025-03-18T22:35:32","guid":{"rendered":"https:\/\/fmamiga909.com.ar\/?p=19325"},"modified":"2025-03-18T22:35:32","modified_gmt":"2025-03-18T22:35:32","slug":"uruguay-dio-la-lista-de-convocados-para-recibir-a-argentina","status":"publish","type":"post","link":"https:\/\/fmamiga909.com.ar\/?p=19325","title":{"rendered":"Uruguay dio la lista de convocados para recibir a Argentina"},"content":{"rendered":"<div><!-- Body --><\/p>\n<p>La Asociaci\u00f3n Uruguaya de F\u00fatbol confirm\u00f3 los convocados por <b>Marcelo Bielsa<\/b> para la doble fecha de Eliminatorias Sudamericanas, en la que se enfrentar\u00e1n con la Selecci\u00f3n <b>Argentina y la de Bolivia.<\/b>\u00a0La lista de Bielsa est\u00e1 conformada por 38 jugadores, aunque s\u00f3lo 23 de ellos podr\u00e1n concentrar para cada partido.<\/p>\n<p>El primer partido para Uruguay ser\u00e1 el viernes a las 20.30 ante la Selecci\u00f3n Argentina, el que apunta para ser <b>el mejor encuentro de la fecha 13<\/b> de las Eliminatorias Sudamericanas.\u00a0Luego, el martes, visitar\u00e1n a las 17 a Bolivia, una selecci\u00f3n muy dif\u00edcil cada vez que juega de local, debido a las complicaciones que representan jugar a tanta altura sobre el nivel del mar.<\/p>\n<p>En la convocatoria se encuentran la mayor\u00eda de las estrellas que suelen ser llamadas por Bielsa, aunque se destaca la ausencia del lateral <b>Gast\u00f3n Martirena, <\/b>de gran presente en Racing. Uruguay marcha segundo en las Eliminatorias Sudamericanas con 20 puntos, aunque en caso de conseguir una victoria podr\u00eda colocarse a s\u00f3lo dos unidades del l\u00edder Argentina, que podr\u00eda sufrir la ausencia de <b>Lionel Messi.<\/b><\/p>\n<p>El \u00faltimo antecedente entre ambas selecciones fue a finales de 2023 en La Bombonera, por la quinta fecha de las Eliminatorias, y Uruguay consigui\u00f3 un valioso triunfo 2-0 con goles de <b>Ronald Ara\u00fajo y Darwin N\u00fa\u00f1ez.<\/b><\/p>\n<p>Todos los convocados:\u00a0<b>Sergio Rochet,<\/b>\u00a0Santiago Mele,\u00a0Franco Israel,\u00a0Kevin Mart\u00ednez, Guillermo Varela, Nahitan N\u00e1ndez, Jos\u00e9 Luis Rodr\u00edguez, Lucas Agazzi, Ronald Ara\u00fajo, Sebasti\u00e1n C\u00e1ceres, Paolo Calione, Jos\u00e9 Mar\u00eda Gim\u00e9nez, Santiago Bueno, Math\u00edas Olivera, Patricio Pac\u00edfico, Marcelo Saracchi, Joaqu\u00edn Piquerez, Rodrigo Bentancur, Manuel Ugarte, Emiliano Mart\u00ednez, <b>Federico Valverde,<\/b> Erico Cuello, Nicol\u00e1s Fonseca, Germ\u00e1n Barbas, Nicol\u00e1s De La Cruz, Giorgian de Arrascaeta, Maximiliano Ara\u00fajo, Facundo Torres, Facundo Pellistri, Pablo Su\u00e1rez, Brian Rodr\u00edguez, Cristian Olivera, Joaqu\u00edn Lavega, Luciano Rodr\u00edguez, Agust\u00edn Alvarez, Rodrigo Aguirre, <b>Darwin N\u00fa\u00f1ez <\/b>y\u00a0Federico Vi\u00f1as.<\/p>\n<p><!-- Live Blog Post --><\/div>\n<p><a href=\"https:\/\/www.pagina12.com.ar\/811660-uruguay-dio-la-lista-de-convocados-para-recibir-a-argentina\">source<\/a><\/p>\n","protected":false},"excerpt":{"rendered":"<p>La Asociaci\u00f3n Uruguaya de F\u00fatbol confirm\u00f3 los convocados por Marcelo Bielsa para la doble fecha&#8230;<\/p>\n","protected":false},"author":3,"featured_media":19326,"comment_status":"closed","ping_status":"closed","sticky":false,"template":"","format":"standard","meta":{"footnotes":""},"categories":[21],"tags":[],"class_list":["post-19325","post","type-post","status-publish","format-standard","has-post-thumbnail","hentry","category-deportes"],"featured_image_urls":{"full":["https:\/\/fmamiga909.com.ar\/wp-content\/uploads\/2025\/03\/wp-header-logo-216.png",960,540,false],"thumbnail":["https:\/\/fmamiga909.com.ar\/wp-content\/uploads\/2025\/03\/wp-header-logo-216-150x150.png",150,150,true],"medium":["https:\/\/fmamiga909.com.ar\/wp-content\/uploads\/2025\/03\/wp-header-logo-216-300x169.png",300,169,true],"medium_large":["https:\/\/fmamiga909.com.ar\/wp-content\/uploads\/2025\/03\/wp-header-logo-216.png",960,540,false],"large":["https:\/\/fmamiga909.com.ar\/wp-content\/uploads\/2025\/03\/wp-header-logo-216.png",640,360,false],"1536x1536":["https:\/\/fmamiga909.com.ar\/wp-content\/uploads\/2025\/03\/wp-header-logo-216.png",960,540,false],"2048x2048":["https:\/\/fmamiga909.com.ar\/wp-content\/uploads\/2025\/03\/wp-header-logo-216.png",960,540,false],"newsium-slider-full":["https:\/\/fmamiga909.com.ar\/wp-content\/uploads\/2025\/03\/wp-header-logo-216.png",960,540,false],"newsium-featured":["https:\/\/fmamiga909.com.ar\/wp-content\/uploads\/2025\/03\/wp-header-logo-216.png",960,540,false],"newsium-medium":["https:\/\/fmamiga909.com.ar\/wp-content\/uploads\/2025\/03\/wp-header-logo-216-720x475.png",720,475,true]},"author_info":{"display_name":"Fredy Giuliano","author_link":"https:\/\/fmamiga909.com.ar\/?author=3"},"category_info":"<a href=\"https:\/\/fmamiga909.com.ar\/?cat=21\" rel=\"category\">Deportes<\/a>","tag_info":"Deportes","comment_count":"0","_links":{"self":[{"href":"https:\/\/fmamiga909.com.ar\/index.php?rest_route=\/wp\/v2\/posts\/19325","targetHints":{"allow":["GET"]}}],"collection":[{"href":"https:\/\/fmamiga909.com.ar\/index.php?rest_route=\/wp\/v2\/posts"}],"about":[{"href":"https:\/\/fmamiga909.com.ar\/index.php?rest_route=\/wp\/v2\/types\/post"}],"author":[{"embeddable":true,"href":"https:\/\/fmamiga909.com.ar\/index.php?rest_route=\/wp\/v2\/users\/3"}],"replies":[{"embeddable":true,"href":"https:\/\/fmamiga909.com.ar\/index.php?rest_route=%2Fwp%2Fv2%2Fcomments&post=19325"}],"version-history":[{"count":0,"href":"https:\/\/fmamiga909.com.ar\/index.php?rest_route=\/wp\/v2\/posts\/19325\/revisions"}],"wp:featuredmedia":[{"embeddable":true,"href":"https:\/\/fmamiga909.com.ar\/index.php?rest_route=\/wp\/v2\/media\/19326"}],"wp:attachment":[{"href":"https:\/\/fmamiga909.com.ar\/index.php?rest_route=%2Fwp%2Fv2%2Fmedia&parent=19325"}],"wp:term":[{"taxonomy":"category","embeddable":true,"href":"https:\/\/fmamiga909.com.ar\/index.php?rest_route=%2Fwp%2Fv2%2Fcategories&post=19325"},{"taxonomy":"post_tag","embeddable":true,"href":"https:\/\/fmamiga909.com.ar\/index.php?rest_route=%2Fwp%2Fv2%2Ftags&post=19325"}],"curies":[{"name":"wp","href":"https:\/\/api.w.org\/{rel}","templated":true}]}}