{"id":19327,"date":"2025-03-18T22:58:28","date_gmt":"2025-03-18T22:58:28","guid":{"rendered":"https:\/\/fmamiga909.com.ar\/?p=19327"},"modified":"2025-03-18T22:58:28","modified_gmt":"2025-03-18T22:58:28","slug":"la-seleccion-con-el-plantel-completo-y-el-equipo-a-confirmar","status":"publish","type":"post","link":"https:\/\/fmamiga909.com.ar\/?p=19327","title":{"rendered":"La Selecci\u00f3n con el plantel completo y el equipo a confirmar"},"content":{"rendered":"<div><!-- Body --><\/p>\n<p>Con los veintiseis jugadores convocados a disposici\u00f3n del director t\u00e9cnico, Lionel Scaloni, <b>la Selecci\u00f3n Argentina hizo su segunda pr\u00e1ctica de cara al partido del viernes ante Uruguay en el estadio Centenario de Montevideo por las Eliminatorias Sudamericanas<\/b> que ser\u00e1 arbitrado por el paraguayo <b>Juan Gabriel Benitez.<\/b> La actividad de tono distendido en el Complejo Lionel Messi de Ezeiza estuvo abierta a la prensa s\u00f3lo en el primer cuarto de hora sin que haya podido entreverse cual ser\u00e1 la formaci\u00f3n del equipo tras la baja por lesi\u00f3n de su capit\u00e1n y figura m\u00e1xima que permanecer\u00e1 recuper\u00e1ndose en Miami.\u00a0<\/p>\n<p>La pr\u00e1ctica de este mi\u00e9rcoles por la tarde a puertas cerradas seguramente entregar\u00e1 mayores indicios. Pero <b>deber\u00e1 suceder algo inesperado como una lesi\u00f3n o una decisi\u00f3n t\u00e1ctica repentina de Scaloni como para que no inicien el juego \u00abDibu\u00bb Mart\u00ednez, Molina, Romero, Otamendi y Tagliafico: De Paul, Enzo Fern\u00e1ndez, Mac Allister y Nicol\u00e1s Gonz\u00e1lez, Juli\u00e1n Alvarez y Lautaro Mart\u00ednez.<\/b>\u00a0<\/p>\n<p>De ser as\u00ed, el esquema pasar\u00eda del 4-3-1-2 que se dispone cada vez que juega Messi a un 4-4-2 con \u00abNico\u00bb Gonz\u00e1lez como volante o extremo por la izquierda y Juli\u00e1n Alvarez suelto por detr\u00e1s de Lautaro Mart\u00ednez. La preocupaci\u00f3n del cuerpo t\u00e9cnico pasa porque Rodrigo\u00a0<b>De Paul<\/b>, Alexis\u00a0<b>Mac Allister, Enzo<\/b>\u00a0<b>Fern\u00e1ndez<\/b>, Nicol\u00e1s\u00a0<b>Otamendi<\/b> y Lautaro\u00a0<b>Mart\u00ednez<\/b>, acumulan una tarjeta amarilla\u00a0 y de ser amonestados en Montevideo,\u00a0<b>se perder\u00e1n el duelo ante Brasil del<\/b>\u00a0martes 25 en el estadio Monumental.<b>\u00a0\u00a0<\/b><\/p>\n<p>El jueves, luego de la \u00faltima pr\u00e1ctica y la conferencia de prensa de Scaloni, la comitiva argentina viajar\u00e1 a Montevideo para aguardar el partido del viernes, tras el cual inmediatamente estar\u00e1 retornando a Buenos Aires para descansar en el predio de Ezeiza. <b>Quienes no hayan acumulado minutos o hayan jugado poco frente a los uruguayos, participar\u00e1n del amistoso solidario ante la Sub 20. Por lo que se descarta que los titulares har\u00e1n acto de presencia, pero no tendr\u00e1n minutos contra el seleccionado que dirige Diego Placente.\u00a0<\/b><\/p>\n<p><!-- Live Blog Post --><\/div>\n<p><a href=\"https:\/\/www.pagina12.com.ar\/811661-la-seleccion-con-el-plantel-completo-y-el-equipo-a-confirmar\">source<\/a><\/p>\n","protected":false},"excerpt":{"rendered":"<p>Con los veintiseis jugadores convocados a disposici\u00f3n del director t\u00e9cnico, Lionel Scaloni, la Selecci\u00f3n Argentina&#8230;<\/p>\n","protected":false},"author":3,"featured_media":19328,"comment_status":"closed","ping_status":"closed","sticky":false,"template":"","format":"standard","meta":{"footnotes":""},"categories":[21],"tags":[],"class_list":["post-19327","post","type-post","status-publish","format-standard","has-post-thumbnail","hentry","category-deportes"],"featured_image_urls":{"full":["https:\/\/fmamiga909.com.ar\/wp-content\/uploads\/2025\/03\/wp-header-logo-217.png",960,540,false],"thumbnail":["https:\/\/fmamiga909.com.ar\/wp-content\/uploads\/2025\/03\/wp-header-logo-217-150x150.png",150,150,true],"medium":["https:\/\/fmamiga909.com.ar\/wp-content\/uploads\/2025\/03\/wp-header-logo-217-300x169.png",300,169,true],"medium_large":["https:\/\/fmamiga909.com.ar\/wp-content\/uploads\/2025\/03\/wp-header-logo-217.png",960,540,false],"large":["https:\/\/fmamiga909.com.ar\/wp-content\/uploads\/2025\/03\/wp-header-logo-217.png",640,360,false],"1536x1536":["https:\/\/fmamiga909.com.ar\/wp-content\/uploads\/2025\/03\/wp-header-logo-217.png",960,540,false],"2048x2048":["https:\/\/fmamiga909.com.ar\/wp-content\/uploads\/2025\/03\/wp-header-logo-217.png",960,540,false],"newsium-slider-full":["https:\/\/fmamiga909.com.ar\/wp-content\/uploads\/2025\/03\/wp-header-logo-217.png",960,540,false],"newsium-featured":["https:\/\/fmamiga909.com.ar\/wp-content\/uploads\/2025\/03\/wp-header-logo-217.png",960,540,false],"newsium-medium":["https:\/\/fmamiga909.com.ar\/wp-content\/uploads\/2025\/03\/wp-header-logo-217-720x475.png",720,475,true]},"author_info":{"display_name":"Fredy Giuliano","author_link":"https:\/\/fmamiga909.com.ar\/?author=3"},"category_info":"<a href=\"https:\/\/fmamiga909.com.ar\/?cat=21\" rel=\"category\">Deportes<\/a>","tag_info":"Deportes","comment_count":"0","_links":{"self":[{"href":"https:\/\/fmamiga909.com.ar\/index.php?rest_route=\/wp\/v2\/posts\/19327","targetHints":{"allow":["GET"]}}],"collection":[{"href":"https:\/\/fmamiga909.com.ar\/index.php?rest_route=\/wp\/v2\/posts"}],"about":[{"href":"https:\/\/fmamiga909.com.ar\/index.php?rest_route=\/wp\/v2\/types\/post"}],"author":[{"embeddable":true,"href":"https:\/\/fmamiga909.com.ar\/index.php?rest_route=\/wp\/v2\/users\/3"}],"replies":[{"embeddable":true,"href":"https:\/\/fmamiga909.com.ar\/index.php?rest_route=%2Fwp%2Fv2%2Fcomments&post=19327"}],"version-history":[{"count":0,"href":"https:\/\/fmamiga909.com.ar\/index.php?rest_route=\/wp\/v2\/posts\/19327\/revisions"}],"wp:featuredmedia":[{"embeddable":true,"href":"https:\/\/fmamiga909.com.ar\/index.php?rest_route=\/wp\/v2\/media\/19328"}],"wp:attachment":[{"href":"https:\/\/fmamiga909.com.ar\/index.php?rest_route=%2Fwp%2Fv2%2Fmedia&parent=19327"}],"wp:term":[{"taxonomy":"category","embeddable":true,"href":"https:\/\/fmamiga909.com.ar\/index.php?rest_route=%2Fwp%2Fv2%2Fcategories&post=19327"},{"taxonomy":"post_tag","embeddable":true,"href":"https:\/\/fmamiga909.com.ar\/index.php?rest_route=%2Fwp%2Fv2%2Ftags&post=19327"}],"curies":[{"name":"wp","href":"https:\/\/api.w.org\/{rel}","templated":true}]}}