{"id":19501,"date":"2025-03-25T21:50:12","date_gmt":"2025-03-25T21:50:12","guid":{"rendered":"https:\/\/fmamiga909.com.ar\/?p=19501"},"modified":"2025-03-25T21:50:12","modified_gmt":"2025-03-25T21:50:12","slug":"ajedrez-por-la-memoria-la-verdad-y-la-justicia","status":"publish","type":"post","link":"https:\/\/fmamiga909.com.ar\/?p=19501","title":{"rendered":"Ajedrez por la Memoria, la Verdad y la Justicia"},"content":{"rendered":"<div><!-- Body --><\/p>\n<p><b>El ajedrez tambi\u00e9n se sum\u00f3 a los eventos del 49 aniversario del 24 de marzo<\/b>. Una vez m\u00e1s como hace 20 a\u00f1os <b>la Liga Nacional de Ajedrez organiz\u00f3 la final de la Copa de Campeones<\/b>. En esta fecha tan significativa, como en las \u00faltimas 5 ediciones, la final <b>cont\u00f3 con el apoyo del SUTERH, realiz\u00e1ndose en sus instalaciones en el Polideportivo de Sald\u00edas<\/b>. <b>Se consagr\u00f3 campe\u00f3n OBRAS IUAS <\/b>(Instituto Universitario Aguas y Sanidad) con el GM Andr\u00e9s Rodr\u00edguez, Franco Villegas y Real de Azua.\u00a0<\/p>\n<p>Durante la entrega de premios, <b>acompa\u00f1aron a Mario Petrucci, Emiliano Ojea y Jos\u00e9 Santa Mar\u00eda, coordinadores de GODeportivo y del Polideportivo<\/b>, quienes destacaron la  importancia de que las competencias deportivas sirvan para concientizar a los j\u00f3venes y <b>mantener viva la memoria de decirle \u00abNunca M\u00e1s\u00bb al terrorismo de estado y a la dictadura militar<\/b>, seguir con el pedido de verdad y justicia, y llamaron a defender la democracia siempre.<\/p>\n<p><b>El presidente de la Liga Nacional reiter\u00f3 su compromiso para la pr\u00f3xima edici\u00f3n del torneo que, en esta oportunidad, cont\u00f3 con 24 jugadores con t\u00edtulos internacionales<\/b>, siendo el torneo por equipos de mayor jerarqu\u00eda del calendario anual.<\/p>\n<p>Detr\u00e1s de los campeones, <b>completaron el podio Obras &#8211; AySA y el Club Ferrocarril Oeste.<\/b><\/p>\n<p><!-- Live Blog Post --><\/div>\n<p><a href=\"https:\/\/www.pagina12.com.ar\/813355-ajedrez-por-la-memoria-la-verdad-y-la-justicia\">source<\/a><\/p>\n","protected":false},"excerpt":{"rendered":"<p>El ajedrez tambi\u00e9n se sum\u00f3 a los eventos del 49 aniversario del 24 de marzo&#8230;.<\/p>\n","protected":false},"author":3,"featured_media":19502,"comment_status":"closed","ping_status":"closed","sticky":false,"template":"","format":"standard","meta":{"footnotes":""},"categories":[21],"tags":[],"class_list":["post-19501","post","type-post","status-publish","format-standard","has-post-thumbnail","hentry","category-deportes"],"featured_image_urls":{"full":["https:\/\/fmamiga909.com.ar\/wp-content\/uploads\/2025\/03\/wp-header-logo-304.png",960,540,false],"thumbnail":["https:\/\/fmamiga909.com.ar\/wp-content\/uploads\/2025\/03\/wp-header-logo-304-150x150.png",150,150,true],"medium":["https:\/\/fmamiga909.com.ar\/wp-content\/uploads\/2025\/03\/wp-header-logo-304-300x169.png",300,169,true],"medium_large":["https:\/\/fmamiga909.com.ar\/wp-content\/uploads\/2025\/03\/wp-header-logo-304.png",960,540,false],"large":["https:\/\/fmamiga909.com.ar\/wp-content\/uploads\/2025\/03\/wp-header-logo-304.png",640,360,false],"1536x1536":["https:\/\/fmamiga909.com.ar\/wp-content\/uploads\/2025\/03\/wp-header-logo-304.png",960,540,false],"2048x2048":["https:\/\/fmamiga909.com.ar\/wp-content\/uploads\/2025\/03\/wp-header-logo-304.png",960,540,false],"newsium-slider-full":["https:\/\/fmamiga909.com.ar\/wp-content\/uploads\/2025\/03\/wp-header-logo-304.png",960,540,false],"newsium-featured":["https:\/\/fmamiga909.com.ar\/wp-content\/uploads\/2025\/03\/wp-header-logo-304.png",960,540,false],"newsium-medium":["https:\/\/fmamiga909.com.ar\/wp-content\/uploads\/2025\/03\/wp-header-logo-304-720x475.png",720,475,true]},"author_info":{"display_name":"Fredy Giuliano","author_link":"https:\/\/fmamiga909.com.ar\/?author=3"},"category_info":"<a href=\"https:\/\/fmamiga909.com.ar\/?cat=21\" rel=\"category\">Deportes<\/a>","tag_info":"Deportes","comment_count":"0","_links":{"self":[{"href":"https:\/\/fmamiga909.com.ar\/index.php?rest_route=\/wp\/v2\/posts\/19501","targetHints":{"allow":["GET"]}}],"collection":[{"href":"https:\/\/fmamiga909.com.ar\/index.php?rest_route=\/wp\/v2\/posts"}],"about":[{"href":"https:\/\/fmamiga909.com.ar\/index.php?rest_route=\/wp\/v2\/types\/post"}],"author":[{"embeddable":true,"href":"https:\/\/fmamiga909.com.ar\/index.php?rest_route=\/wp\/v2\/users\/3"}],"replies":[{"embeddable":true,"href":"https:\/\/fmamiga909.com.ar\/index.php?rest_route=%2Fwp%2Fv2%2Fcomments&post=19501"}],"version-history":[{"count":0,"href":"https:\/\/fmamiga909.com.ar\/index.php?rest_route=\/wp\/v2\/posts\/19501\/revisions"}],"wp:featuredmedia":[{"embeddable":true,"href":"https:\/\/fmamiga909.com.ar\/index.php?rest_route=\/wp\/v2\/media\/19502"}],"wp:attachment":[{"href":"https:\/\/fmamiga909.com.ar\/index.php?rest_route=%2Fwp%2Fv2%2Fmedia&parent=19501"}],"wp:term":[{"taxonomy":"category","embeddable":true,"href":"https:\/\/fmamiga909.com.ar\/index.php?rest_route=%2Fwp%2Fv2%2Fcategories&post=19501"},{"taxonomy":"post_tag","embeddable":true,"href":"https:\/\/fmamiga909.com.ar\/index.php?rest_route=%2Fwp%2Fv2%2Ftags&post=19501"}],"curies":[{"name":"wp","href":"https:\/\/api.w.org\/{rel}","templated":true}]}}