{"id":19559,"date":"2025-03-26T20:43:28","date_gmt":"2025-03-26T20:43:28","guid":{"rendered":"https:\/\/fmamiga909.com.ar\/?p=19559"},"modified":"2025-03-26T20:43:28","modified_gmt":"2025-03-26T20:43:28","slug":"despues-de-la-goleada-la-seleccion-tiene-marcada-la-hoja-de-ruta-de-su-futuro","status":"publish","type":"post","link":"https:\/\/fmamiga909.com.ar\/?p=19559","title":{"rendered":"Despu\u00e9s de la goleada, la Selecci\u00f3n tiene marcada la hoja de ruta de su futuro"},"content":{"rendered":"<div><!-- Body --><\/p>\n<p>Con el pasaje marcado para jugar la Copa del Mundo de 2026, luego de una noche inolvidable repleta de f\u00fatbol y emociones a gran escala, <b>la Selecci\u00f3n Argentina ya tiene su hoja de ruta de cara al futuro. En principio, quedan cuatro fechas para el cierre de las Eliminatorias Sudamericanas,<\/b> Y el equipo que dirige Lionel Scaloni las cubrir\u00e1 enfrentando a <b>Chile<\/b> en Santiago (jueves 5 o viernes 6 de junio), <b>Colombia<\/b> (martes 10 en el Monumental), <b>Venezuela<\/b> (jueves 11 o viernes 12 de septiembre tambi\u00e9n en el Monumental) y<b> Ecuador <\/b>(martes 16 en Quito).<\/p>\n<p>    Seg\u00fan algunos trascendidos, <b>Scaloni podr\u00eda dedicar esas fechas a evaluar algunos jugadores que han tenido pocas oportunidades hasta el momento<\/b> y que podr\u00edan formar parte de la convocatoria final para el Mundial de los Estados Unidos, Canad\u00e1 y M\u00e9xico. Esos futbolistas en su mayor\u00eda se desempe\u00f1an en Europa ya que en el radar del entrenador parecen haber pocas se\u00f1ales para los que juegan en el medio local.  <\/p>\n<p>Luego de la \u00faltima jornada de las Eliminatorias, <b>entre el 6 el 14 de octubre y el 10 y 18 de noviembre habr\u00e1 dos fechas FIFA<\/b> para la concertaci\u00f3n de amistosos preparatorios. Pero como para esa fecha, Europa estar\u00e1 jugando su clasificaci\u00f3n para la Copa del Mundo, <b>es muy probable que la Selecci\u00f3n vuelva a enfilar rumbo a Asia donde pagan millones de d\u00f3lares<\/b> con tal de ver a los campeones del mundo y bicampeones de Am\u00e9rica y hay importantes sponsors regionales.<\/p>\n<p>En estos meses, <b>es posible tambi\u00e9n que Scaloni empiece a tener mucho m\u00e1s en claro si el capit\u00e1n Lionel Messi est\u00e1 dispuesto a hacer el \u00faltimo esfuerzo f\u00edsico y mental de su carrera para convertirse en el \u00fanico jugador de la historia del f\u00fatbol que particip\u00f3 de seis Copas del Mundo.<\/b> Animal competitivo por naturaleza y comprometido a fondo con el destino de la Selecci\u00f3n, ser\u00e1 Messi y nadie m\u00e1s que \u00e9l quien tome esa decisi\u00f3n. Rodeado s\u00f3lo del consejo de su padre Jorge, su madre Celia y su esposa Antonela.<\/p>\n<p>Messi cumplir\u00e1 39 a\u00f1os durante la disputa de la Copa del Mundo y <b>depender\u00e1 b\u00e1sicamente de las respuestas que su f\u00edsico le vaya dando<\/b> en los partidos que jugar\u00e1 para Inter Miami por la MLS de los Estados Unidos, las copas de la Concacaf y el Mundial de Clubes. La fatiga acumulada por la sucesi\u00f3n de juegos y  viajes puede resultarle en contra y <b>quiz\u00e1s haya que pensar en un Messi que no participar\u00e1 de todos los minutos de todos los partidos. Y que hasta puede arrancar como suplente<\/b>. Scaloni sabe que la decisi\u00f3n no est\u00e1 de su lado y que el supercrack rosarino se pondr\u00e1 o se sacar\u00e1 solo de la Selecci\u00f3n. El t\u00e9cnico ya sabe como reemplazarlo.<\/p>\n<p>Aunque Fifa rodav\u00eda no lo oficializ\u00f3, <b>en la primera quincena de diciembre se har\u00e1 el sorteo del programa de partidos del Mundial en una ciudad estadounidense que podr\u00eda ser Nueva York o Las Vegas. Lo notable del caso es que en esa fecha, todav\u00eda no estar\u00e1n definidos los cuarenta y ocho pa\u00edses participantes<\/b>.<b> La n\u00f3mina terminar\u00e1 de cerrarse reci\u00e9n en marzo de 2026<\/b> cuando se jueguen los playoffs europeos que definir\u00e1n cuatro plazas y los repechajes intercontinentales.<b> En esa ventana, Argentina tratar\u00e1 de jugar ante Espa\u00f1a la final\u00edsima intercontinental<\/b> que por ahora no ha encontrado lugar en la agenda. Y que podr\u00eda implicar el enfrentamiento entre las dos mejores selecciones del momento.<\/p>\n<p><b>     Al igual que en la Copa Am\u00e9rica, en el Mundial la Selecci\u00f3n Argentina instalar\u00e1 su cuartel general en el campus del Inter Miam<\/b>i y viajar\u00e1 a cada ciudad el d\u00eda previo a cada partido. Otro dato que FIFA no ha oficializado es la cantidad de jugadores que podr\u00e1n convocarse. <b>Por lo que se sabe, se mantendr\u00e1n los 26 que fueron habilitados para el Mundial de Qatar teniendo en cuenta que la Copa durar\u00e1 38 d\u00edas y habr\u00e1 40 partidos m\u00e1s <\/b>de los que se jugaron en la \u00faltima edici\u00f3n. Sin que esto implique los cuatro primeros vayan a jugar m\u00e1s que los siete encuentros que vienen disputando hasta el momento.\u00a0<\/p>\n<p><!-- Live Blog Post --><\/div>\n<p><a href=\"https:\/\/www.pagina12.com.ar\/813638-despues-de-la-goleada-la-seleccion-tiene-marcada-la-hoja-de-\">source<\/a><\/p>\n","protected":false},"excerpt":{"rendered":"<p>Con el pasaje marcado para jugar la Copa del Mundo de 2026, luego de una&#8230;<\/p>\n","protected":false},"author":3,"featured_media":19560,"comment_status":"closed","ping_status":"closed","sticky":false,"template":"","format":"standard","meta":{"footnotes":""},"categories":[21],"tags":[],"class_list":["post-19559","post","type-post","status-publish","format-standard","has-post-thumbnail","hentry","category-deportes"],"featured_image_urls":{"full":["https:\/\/fmamiga909.com.ar\/wp-content\/uploads\/2025\/03\/wp-header-logo-331.png",960,540,false],"thumbnail":["https:\/\/fmamiga909.com.ar\/wp-content\/uploads\/2025\/03\/wp-header-logo-331-150x150.png",150,150,true],"medium":["https:\/\/fmamiga909.com.ar\/wp-content\/uploads\/2025\/03\/wp-header-logo-331-300x169.png",300,169,true],"medium_large":["https:\/\/fmamiga909.com.ar\/wp-content\/uploads\/2025\/03\/wp-header-logo-331.png",960,540,false],"large":["https:\/\/fmamiga909.com.ar\/wp-content\/uploads\/2025\/03\/wp-header-logo-331.png",640,360,false],"1536x1536":["https:\/\/fmamiga909.com.ar\/wp-content\/uploads\/2025\/03\/wp-header-logo-331.png",960,540,false],"2048x2048":["https:\/\/fmamiga909.com.ar\/wp-content\/uploads\/2025\/03\/wp-header-logo-331.png",960,540,false],"newsium-slider-full":["https:\/\/fmamiga909.com.ar\/wp-content\/uploads\/2025\/03\/wp-header-logo-331.png",960,540,false],"newsium-featured":["https:\/\/fmamiga909.com.ar\/wp-content\/uploads\/2025\/03\/wp-header-logo-331.png",960,540,false],"newsium-medium":["https:\/\/fmamiga909.com.ar\/wp-content\/uploads\/2025\/03\/wp-header-logo-331-720x475.png",720,475,true]},"author_info":{"display_name":"Fredy Giuliano","author_link":"https:\/\/fmamiga909.com.ar\/?author=3"},"category_info":"<a href=\"https:\/\/fmamiga909.com.ar\/?cat=21\" rel=\"category\">Deportes<\/a>","tag_info":"Deportes","comment_count":"0","_links":{"self":[{"href":"https:\/\/fmamiga909.com.ar\/index.php?rest_route=\/wp\/v2\/posts\/19559","targetHints":{"allow":["GET"]}}],"collection":[{"href":"https:\/\/fmamiga909.com.ar\/index.php?rest_route=\/wp\/v2\/posts"}],"about":[{"href":"https:\/\/fmamiga909.com.ar\/index.php?rest_route=\/wp\/v2\/types\/post"}],"author":[{"embeddable":true,"href":"https:\/\/fmamiga909.com.ar\/index.php?rest_route=\/wp\/v2\/users\/3"}],"replies":[{"embeddable":true,"href":"https:\/\/fmamiga909.com.ar\/index.php?rest_route=%2Fwp%2Fv2%2Fcomments&post=19559"}],"version-history":[{"count":0,"href":"https:\/\/fmamiga909.com.ar\/index.php?rest_route=\/wp\/v2\/posts\/19559\/revisions"}],"wp:featuredmedia":[{"embeddable":true,"href":"https:\/\/fmamiga909.com.ar\/index.php?rest_route=\/wp\/v2\/media\/19560"}],"wp:attachment":[{"href":"https:\/\/fmamiga909.com.ar\/index.php?rest_route=%2Fwp%2Fv2%2Fmedia&parent=19559"}],"wp:term":[{"taxonomy":"category","embeddable":true,"href":"https:\/\/fmamiga909.com.ar\/index.php?rest_route=%2Fwp%2Fv2%2Fcategories&post=19559"},{"taxonomy":"post_tag","embeddable":true,"href":"https:\/\/fmamiga909.com.ar\/index.php?rest_route=%2Fwp%2Fv2%2Ftags&post=19559"}],"curies":[{"name":"wp","href":"https:\/\/api.w.org\/{rel}","templated":true}]}}