{"id":19563,"date":"2025-03-26T23:39:11","date_gmt":"2025-03-26T23:39:11","guid":{"rendered":"https:\/\/fmamiga909.com.ar\/?p=19563"},"modified":"2025-03-26T23:39:11","modified_gmt":"2025-03-26T23:39:11","slug":"boca-recupero-a-ander-herrera-para-el-domingo","status":"publish","type":"post","link":"https:\/\/fmamiga909.com.ar\/?p=19563","title":{"rendered":"Boca recuper\u00f3 a Ander Herrera para el domingo"},"content":{"rendered":"<div><!-- Body --><\/p>\n<p>El mediocampista Ander Herrera est\u00e1 recuperado de una molestia muscular y regresar\u00e1 a la titularidad del equipo de Boca, que el domingo enfrentar\u00e1 a Newell&#8217;s, en Rosario, por la und\u00e9cima fecha del torneo Apertura de la Liga Profesional de f\u00fatbol. Herrera hab\u00eda sufrido una molestia muscular la semana siguiente al triunfo ante Central C\u00f3rdoba de Santiago del Estero.\u00a0<\/p>\n<p>El plantel se entren\u00f3 en el predio de Ezeiza, oportunidad en la que se sum\u00f3 al grupo el chileno Carlos Palacios, que ven\u00eda trabajando al margen de sus compa\u00f1eros, debido a que lleg\u00f3 un d\u00eda despu\u00e9s de lo previsto tras los francos que otorg\u00f3 a los jugadores el entrenador Fernando Gago.<\/p>\n<p>La probable formaci\u00f3n para el domingo ser\u00eda con: Marches\u00edn; Blondel, Di Lollo, Rojo, Blanco; Herrera, Delgado, Zen\u00f3n; Palacios; Gim\u00e9nez, Cavani.<\/p>\n<p>Por otra parte, la dirigencia recibi\u00f3 con satisfacci\u00f3n la noticia de que el Genoa de Italia homenaje\u00f3 a Boca con el lanzamiento de una camiseta azul y oro, que ser\u00e1 alternativa, en homenaje a los 120 a\u00f1os que cumplir\u00e1 la instituci\u00f3n argentina el pr\u00f3ximo 3 de abril y en recuerdo de sus ra\u00edces genovesas.<\/p>\n<p>Mediante un video publicado en sus redes sociales, con el t\u00edtulo \u00abEsta remera es para t\u00ed, hermano\u00bb, el Genoa homenaje\u00f3 a Boca con una mezcla de tradiciones italianas y argentinas, vistas del barrio de La Boca y las compar\u00f3 adem\u00e1s con comidas como la pizza y la idolatr\u00eda a \u00eddolos como Diego Maradona en Boca y Diego Milito en Genoa.<\/p>\n<p>Boca fue fundado el 3 de abril de 1905, por j\u00f3venes que en su mayor\u00eda eran inmigrantes genoveses que se hab\u00edan instalado en el barrio de La Boca, y de ah\u00ed surgi\u00f3 el apelativo de Xeneize , por el origen genov\u00e9s de sus fundadores.<\/p>\n<p><!-- Live Blog Post --><\/div>\n<p><a href=\"https:\/\/www.pagina12.com.ar\/813692-boca-recupero-a-ander-herrera-para-el-domingo\">source<\/a><\/p>\n","protected":false},"excerpt":{"rendered":"<p>El mediocampista Ander Herrera est\u00e1 recuperado de una molestia muscular y regresar\u00e1 a la titularidad&#8230;<\/p>\n","protected":false},"author":3,"featured_media":19564,"comment_status":"closed","ping_status":"closed","sticky":false,"template":"","format":"standard","meta":{"footnotes":""},"categories":[21],"tags":[],"class_list":["post-19563","post","type-post","status-publish","format-standard","has-post-thumbnail","hentry","category-deportes"],"featured_image_urls":{"full":["https:\/\/fmamiga909.com.ar\/wp-content\/uploads\/2025\/03\/wp-header-logo-333.png",960,540,false],"thumbnail":["https:\/\/fmamiga909.com.ar\/wp-content\/uploads\/2025\/03\/wp-header-logo-333-150x150.png",150,150,true],"medium":["https:\/\/fmamiga909.com.ar\/wp-content\/uploads\/2025\/03\/wp-header-logo-333-300x169.png",300,169,true],"medium_large":["https:\/\/fmamiga909.com.ar\/wp-content\/uploads\/2025\/03\/wp-header-logo-333.png",960,540,false],"large":["https:\/\/fmamiga909.com.ar\/wp-content\/uploads\/2025\/03\/wp-header-logo-333.png",640,360,false],"1536x1536":["https:\/\/fmamiga909.com.ar\/wp-content\/uploads\/2025\/03\/wp-header-logo-333.png",960,540,false],"2048x2048":["https:\/\/fmamiga909.com.ar\/wp-content\/uploads\/2025\/03\/wp-header-logo-333.png",960,540,false],"newsium-slider-full":["https:\/\/fmamiga909.com.ar\/wp-content\/uploads\/2025\/03\/wp-header-logo-333.png",960,540,false],"newsium-featured":["https:\/\/fmamiga909.com.ar\/wp-content\/uploads\/2025\/03\/wp-header-logo-333.png",960,540,false],"newsium-medium":["https:\/\/fmamiga909.com.ar\/wp-content\/uploads\/2025\/03\/wp-header-logo-333-720x475.png",720,475,true]},"author_info":{"display_name":"Fredy Giuliano","author_link":"https:\/\/fmamiga909.com.ar\/?author=3"},"category_info":"<a href=\"https:\/\/fmamiga909.com.ar\/?cat=21\" rel=\"category\">Deportes<\/a>","tag_info":"Deportes","comment_count":"0","_links":{"self":[{"href":"https:\/\/fmamiga909.com.ar\/index.php?rest_route=\/wp\/v2\/posts\/19563","targetHints":{"allow":["GET"]}}],"collection":[{"href":"https:\/\/fmamiga909.com.ar\/index.php?rest_route=\/wp\/v2\/posts"}],"about":[{"href":"https:\/\/fmamiga909.com.ar\/index.php?rest_route=\/wp\/v2\/types\/post"}],"author":[{"embeddable":true,"href":"https:\/\/fmamiga909.com.ar\/index.php?rest_route=\/wp\/v2\/users\/3"}],"replies":[{"embeddable":true,"href":"https:\/\/fmamiga909.com.ar\/index.php?rest_route=%2Fwp%2Fv2%2Fcomments&post=19563"}],"version-history":[{"count":0,"href":"https:\/\/fmamiga909.com.ar\/index.php?rest_route=\/wp\/v2\/posts\/19563\/revisions"}],"wp:featuredmedia":[{"embeddable":true,"href":"https:\/\/fmamiga909.com.ar\/index.php?rest_route=\/wp\/v2\/media\/19564"}],"wp:attachment":[{"href":"https:\/\/fmamiga909.com.ar\/index.php?rest_route=%2Fwp%2Fv2%2Fmedia&parent=19563"}],"wp:term":[{"taxonomy":"category","embeddable":true,"href":"https:\/\/fmamiga909.com.ar\/index.php?rest_route=%2Fwp%2Fv2%2Fcategories&post=19563"},{"taxonomy":"post_tag","embeddable":true,"href":"https:\/\/fmamiga909.com.ar\/index.php?rest_route=%2Fwp%2Fv2%2Ftags&post=19563"}],"curies":[{"name":"wp","href":"https:\/\/api.w.org\/{rel}","templated":true}]}}