{"id":19581,"date":"2025-03-27T15:05:50","date_gmt":"2025-03-27T15:05:50","guid":{"rendered":"https:\/\/fmamiga909.com.ar\/?p=19581"},"modified":"2025-03-27T15:05:50","modified_gmt":"2025-03-27T15:05:50","slug":"el-futbol-y-la-prepotencia-fueron-temas-de-osvaldo-bayer","status":"publish","type":"post","link":"https:\/\/fmamiga909.com.ar\/?p=19581","title":{"rendered":"El f\u00fatbol y la prepotencia fueron temas de Osvaldo Bayer"},"content":{"rendered":"<div><!-- Body --><\/p>\n<p>Entre lo mucho que investig\u00f3 y escribi\u00f3, Osvaldo Bayer fue un pionero en contar la historia del f\u00fatbol. Lo hizo a trav\u00e9s de un gui\u00f3n que fue pel\u00edcula y fue libro: F\u00fatbol argentino. Hablamos de fines de los 80, cuando a\u00fan el f\u00fatbol era una actividad de masas menospreciada en el \u00e1mbito cultural. Ni el cine ni los documentales, y los libros muchos menos, se ocupaban de la pelota.<\/p>\n<p>Pero en 1989, viviendo en Berl\u00edn (antes hab\u00eda padecido el exilio y nunca se call\u00f3 contra los poderosos), le ofrecieron hacer un documental sobre la historia del f\u00fatbol. Primero dijo que no y despu\u00e9s se retract\u00f3. Se pregunt\u00f3 por qu\u00e9 no animarse a escribir sobre algo que pod\u00eda ser tema no s\u00f3lo de un historiador sino tambi\u00e9n de un soci\u00f3logo o un polit\u00f3logo. Y cit\u00f3 al pensador alem\u00e1n Walter Jens: \u00abCuando ya me haya olvidado hasta el \u00faltimo verso de Goethe voy a recordar siempre la delantera del Bayern M\u00fcnchen\u00bb.<\/p>\n<p>Record\u00f3 que en 1939 (hab\u00eda nacido en Santa Fe el 18 de febrero de 1927), cuando era un pibe, \u00e9l ya era hincha de Rosario Central. Y que como a Jens, tambi\u00e9n se le olvidar\u00edan, con los a\u00f1os, los versos del Mart\u00edn Fierro pero no los apellidos de los canallas que lo marcaron: Laporta, Cisterna, Harry Hayes, D\u00edaz y Maffei. \u00abTodo esto est\u00e1 enredado en el encanto especial, la magia que sobre el ser humano, desde ni\u00f1o, ejerce el juego, el jugar, que no es otra cosa que so\u00f1ar\u00bb, prolog\u00f3. Y jug\u00f3 para escribir aquella historia que lleg\u00f3 a la pantalla grande en abril de 1990 y fue un \u00e9xito.<\/p>\n<p>Lo que le sali\u00f3 fue m\u00e1s que dato puro. Fue una mirada tan distinta a c\u00f3mo se ve\u00eda entonces al f\u00fatbol. Bayer tal vez no fue el pionero, pero s\u00ed fue el primero en hacer despertar a muchos acerca del valor social de la pelota. Y del juego.<\/p>\n<p>Lleg\u00f3 hasta 1986, a\u00f1o maradoniano por excelencia. Alguna vez quiso continuarlo pero prefiri\u00f3 quedarse con las ganas. Pensaba que desde entonces el f\u00fatbol se hab\u00eda convertido en un negocio que ya no le llegaba al coraz\u00f3n. \u00abLos jugadores cambian de camiseta cada temporada. Todo es dinero. Las hinchadas son usadas y se basan en la agresi\u00f3n\u00bb, escribi\u00f3 en la reedici\u00f3n de 2009, para Biblioteca Bayer, publicada por editorial Planeta.<\/p>\n<p>Fue Bayer quien cont\u00f3 los padecimientos (y el genocidio) de las comunidades del sur a manos del General Julio Argentino Roca, venerado con estatuas y hasta con el nombre de una avenida importante en el centro porte\u00f1o. La historia no siempre queda al alcance de todos. Pero as\u00ed como Roca tiene sus monumentos, a Bayer le acaban de quitar uno. Fue muy sorprendente y por dem\u00e1s chocante ver la imagen de la m\u00e1quina retroexcavadora de la Direcci\u00f3n Nacional de Vialidad derribando el monumento en su homenaje, en el puesto policial de G\u00fcer Aike, al costado de la Ruta Nacional 3, a 27 kil\u00f3metros de R\u00edo Gallegos. Y tambi\u00e9n fue triste.<\/p>\n<p>En 1989, otro futbolero como Osvaldo Soriano \u2013pero de San Lorenzo y tambi\u00e9n conocedor del sur\u2013 escribi\u00f3 en el pr\u00f3logo de F\u00fatbol argentino: \u00abOsvaldo Bayer ha iluminado como pocos el conocimiento de la historia de los argentinos. Su obra, rigurosa, dedicada a los episodios m\u00e1s dolorosos y ocultos de este siglo, ha sacudido como ninguna despu\u00e9s de las investigaciones de Sald\u00edas: sus cuatro vol\u00famenes sobre el movimiento libertario de la Patagonia, ahogado en sangre en 1921, sacudieron la cautelosa historiograf\u00eda argentina y forman uno de los pocos cl\u00e1sicos con que cuenta el estudio de la Historia. Los vengadores de la Patagonia tr\u00e1gica es la obra m\u00e1s popular jam\u00e1s publicada sobre el movimiento obrero. Este libro le vali\u00f3 persecuci\u00f3n, exilio, aislamiento y procesos judiciales, pero tambi\u00e9n la satisfacci\u00f3n de haber puesto al alcance de todos la verdad sobre una de las represiones m\u00e1s feroces sufridas por los peones rurales que intentaban organizarse para resistir a la explotaci\u00f3n feudal en las estancias del Sur\u00bb. No es casualidad que en estos tiempos y en el sur haya pasado lo que pas\u00f3.<\/p>\n<p>Sobre el f\u00fatbol y Bayer, afirma Soriano que en el libro est\u00e1n presentes esas mismas preocupaciones que se\u00f1al\u00f3 en sus trabajos no futboleros. Reflej\u00f3 golpes de Estado, golpes de pu\u00f1o, huelgas, traiciones. \u00abEste libro no s\u00f3lo interesar\u00e1 a los apasionados del f\u00fatbol, sino tambi\u00e9n a aquellos que estudian los movimientos sociales nacidos con la Argentina de las vacas gordas\u00bb, a\u00f1ade Soriano.<\/p>\n<p>De hecho, Bayer arranca contando que un pol\u00edtico, en 1953, dijo despu\u00e9s de un Argentina 3-Inglaterra 1: \u00abLes ganamos como en las invasiones inglesas, en 1806 y 1807. Nacionalizamos hace poco los ferrocarriles y ahora nacionalizamos el f\u00fatbol\u00bb. Recuerda al Gimnasia y Esgrima La Plata como club de la alta sociedad platense que abr\u00eda sus puertas \u00abpara ejercitarse en deportes viriles\u00bb a apellidos de alcurnia, entre los que pide no olvidar a Ram\u00f3n L Falc\u00f3n: \u00abel posterior jefe de polic\u00eda, autor de la masacre de obreros de Plaza Lorea, el 1 de mayo de 1909\u00bb. Cuenta que fueron los propios futbolistas quienes organizaron su huelga para pelear por derechos. Y que en la d\u00e9cada infame, el teniente coronel Tom\u00e1s Duc\u00f3, presidente de Hurac\u00e1n, matone\u00f3 y le peg\u00f3 una trompada al \u00e1rbitro Jos\u00e9 Masc\u00edas por un fallo que no le gust\u00f3. \u00abAl agresor no le pas\u00f3 nada pero mostr\u00f3 el punto culminante del autoritarismo, de la falta de \u00e9tica deportiva y de la prepotencia del poder. El mismo militar, en 1944, protagoniz\u00f3 un golpe de Estado sublev\u00e1ndose con su regimiento\u00bb.<\/p>\n<p>Bayer vino de chico a Buenos Aires. Poco despu\u00e9s su familia se instal\u00f3 en la calle Arcos del barrio de Belgrano, cerca de la cancha de River, todav\u00eda en construcci\u00f3n, cuando era una herradura que permit\u00eda la vista al r\u00edo. Su casa, con los a\u00f1os, se volvi\u00f3 m\u00edtica. Fue su estudio y el lugar en que recib\u00eda lectores, amigos y hasta vecinos. No era bueno para jugar a la pelota, y por eso lo mandaban al arco.<\/p>\n<p>\u00abA mi me iba mal en f\u00fatbol porque no jugaba bien. Jugaba cuando me dejaban, de arquero, pero era malo. Y si no en el medio. Iba donde dec\u00eda el capit\u00e1n, que era el que mandaba. Con tal de jugar\u2026 Entre la barra hab\u00eda uno que jugaba muy bien: Eduardo Ricagni, que despu\u00e9s se hizo jugador de Platense, Boca, Chacarita y Hurac\u00e1n. Y adem\u00e1s fue goleador. Tambi\u00e9n jug\u00f3 en la Juventus y en el Milan y en la selecci\u00f3n de Italia. Cuando \u00e9ramos chicos, \u00e9l era el capit\u00e1n del equipo del barrio y nunca me permit\u00eda jugar. Jam\u00e1s me eleg\u00eda. Por eso yo jugaba con otros pibes, porque no era parte del equipo oficial de la calle. Lo importante es que, aunque con otros, igual pod\u00eda jugar. Porque era la diversi\u00f3n de todos jugar a la pelota en la calle. Una vez estuve de arquero y a los diez segundos de haber empezado el partido me metieron un gol, ac\u00e1, en esta misma calle. Ricagni se enoj\u00f3 tanto que me corri\u00f3 para darme la viaba. Yo ten\u00eda 8 a\u00f1os y \u00e9l supongo que 9. Corr\u00ed como los dioses, porque el tipo sab\u00eda pegar. No me alcanz\u00f3 pero me grit\u00f3 lo peor que escuch\u00e9 en mi vida: Alem\u00e1n, culo de pan. Volv\u00ed a casa, me baj\u00e9 los pantalones y me mir\u00e9 la cola en el espejo del ropero. Tengo un culo igual al de todos, \u00bfpor qu\u00e9 culo de pan?, me preguntaba. Eso me marc\u00f3. Me sent\u00ed preocupado. Hoy me causa risa. Eran cosas de pibes\u00bb, record\u00f3 entre risas durante una entrevista en 2014.<\/p>\n<p>Es poco probable que se estuviese hablando por estas horas de Osvaldo Bayer. Pero el ataque a su monumento y a su memoria result\u00f3 contraproducente. Suele pasar. Ahora que le volvieron a dar voz, es muy posible que personas que no lo conoc\u00edan se interesen por su obra y encuentren que la realidad supera a aquellos que la quieren tapar.<\/p>\n<p><!-- Live Blog Post --><\/div>\n<p><a href=\"https:\/\/www.pagina12.com.ar\/813746-el-futbol-y-la-prepotencia-fueron-temas-de-osvaldo-bayer\">source<\/a><\/p>\n","protected":false},"excerpt":{"rendered":"<p>Entre lo mucho que investig\u00f3 y escribi\u00f3, Osvaldo Bayer fue un pionero en contar la&#8230;<\/p>\n","protected":false},"author":3,"featured_media":19582,"comment_status":"closed","ping_status":"closed","sticky":false,"template":"","format":"standard","meta":{"footnotes":""},"categories":[21],"tags":[],"class_list":["post-19581","post","type-post","status-publish","format-standard","has-post-thumbnail","hentry","category-deportes"],"featured_image_urls":{"full":["https:\/\/fmamiga909.com.ar\/wp-content\/uploads\/2025\/03\/wp-header-logo-339.png",960,540,false],"thumbnail":["https:\/\/fmamiga909.com.ar\/wp-content\/uploads\/2025\/03\/wp-header-logo-339-150x150.png",150,150,true],"medium":["https:\/\/fmamiga909.com.ar\/wp-content\/uploads\/2025\/03\/wp-header-logo-339-300x169.png",300,169,true],"medium_large":["https:\/\/fmamiga909.com.ar\/wp-content\/uploads\/2025\/03\/wp-header-logo-339.png",960,540,false],"large":["https:\/\/fmamiga909.com.ar\/wp-content\/uploads\/2025\/03\/wp-header-logo-339.png",640,360,false],"1536x1536":["https:\/\/fmamiga909.com.ar\/wp-content\/uploads\/2025\/03\/wp-header-logo-339.png",960,540,false],"2048x2048":["https:\/\/fmamiga909.com.ar\/wp-content\/uploads\/2025\/03\/wp-header-logo-339.png",960,540,false],"newsium-slider-full":["https:\/\/fmamiga909.com.ar\/wp-content\/uploads\/2025\/03\/wp-header-logo-339.png",960,540,false],"newsium-featured":["https:\/\/fmamiga909.com.ar\/wp-content\/uploads\/2025\/03\/wp-header-logo-339.png",960,540,false],"newsium-medium":["https:\/\/fmamiga909.com.ar\/wp-content\/uploads\/2025\/03\/wp-header-logo-339-720x475.png",720,475,true]},"author_info":{"display_name":"Fredy Giuliano","author_link":"https:\/\/fmamiga909.com.ar\/?author=3"},"category_info":"<a href=\"https:\/\/fmamiga909.com.ar\/?cat=21\" rel=\"category\">Deportes<\/a>","tag_info":"Deportes","comment_count":"0","_links":{"self":[{"href":"https:\/\/fmamiga909.com.ar\/index.php?rest_route=\/wp\/v2\/posts\/19581","targetHints":{"allow":["GET"]}}],"collection":[{"href":"https:\/\/fmamiga909.com.ar\/index.php?rest_route=\/wp\/v2\/posts"}],"about":[{"href":"https:\/\/fmamiga909.com.ar\/index.php?rest_route=\/wp\/v2\/types\/post"}],"author":[{"embeddable":true,"href":"https:\/\/fmamiga909.com.ar\/index.php?rest_route=\/wp\/v2\/users\/3"}],"replies":[{"embeddable":true,"href":"https:\/\/fmamiga909.com.ar\/index.php?rest_route=%2Fwp%2Fv2%2Fcomments&post=19581"}],"version-history":[{"count":0,"href":"https:\/\/fmamiga909.com.ar\/index.php?rest_route=\/wp\/v2\/posts\/19581\/revisions"}],"wp:featuredmedia":[{"embeddable":true,"href":"https:\/\/fmamiga909.com.ar\/index.php?rest_route=\/wp\/v2\/media\/19582"}],"wp:attachment":[{"href":"https:\/\/fmamiga909.com.ar\/index.php?rest_route=%2Fwp%2Fv2%2Fmedia&parent=19581"}],"wp:term":[{"taxonomy":"category","embeddable":true,"href":"https:\/\/fmamiga909.com.ar\/index.php?rest_route=%2Fwp%2Fv2%2Fcategories&post=19581"},{"taxonomy":"post_tag","embeddable":true,"href":"https:\/\/fmamiga909.com.ar\/index.php?rest_route=%2Fwp%2Fv2%2Ftags&post=19581"}],"curies":[{"name":"wp","href":"https:\/\/api.w.org\/{rel}","templated":true}]}}