{"id":19587,"date":"2025-03-27T18:33:12","date_gmt":"2025-03-27T18:33:12","guid":{"rendered":"https:\/\/fmamiga909.com.ar\/?p=19587"},"modified":"2025-03-27T18:33:12","modified_gmt":"2025-03-27T18:33:12","slug":"san-lorenzo-preocupa-el-estado-de-salud-del-colombiano-balanta","status":"publish","type":"post","link":"https:\/\/fmamiga909.com.ar\/?p=19587","title":{"rendered":"San Lorenzo: preocupa el estado de salud del colombiano Balanta"},"content":{"rendered":"<div><!-- Body --><\/p>\n<p><b>La preocupaci\u00f3n en San Lorenzo<\/b> contin\u00faa en aumento por el <b>estado de salud del delantero colombiano Oswaldo Balanta<\/b>, que el mi\u00e9rcoles <b>sufri\u00f3 un paro card\u00edaco durante la pr\u00e1ctica del equipo.<\/b> El futbolista, que hab\u00eda podido ser compensado, present\u00f3 complicaciones durante la madrugada, por lo que <b>se mantiene en estado cr\u00edtico y con pron\u00f3stico reservado<\/b>, de acuerdo al \u00faltimo parte m\u00e9dico que emiti\u00f3 el club.<\/p>\n<p>Desde que fue internado el mi\u00e9rcoles tras el episodio, <b>Balanta sigue bajo asistencia respiratoria mec\u00e1nica,<\/b> a la espera de nuevos estudios que permitan conocer con mayor precisi\u00f3n su estado de salud y posibles secuelas neurol\u00f3gicas derivadas del prolongado tiempo de reanimaci\u00f3n. Seg\u00fan detallaron, en horas del mediod\u00eda se aceleraron los tr\u00e1mites administrativos para<b> su derivaci\u00f3n al Sanatorio Finochietto,<\/b> donde continuar\u00e1 con su evaluaci\u00f3n.<\/p>\n<div class=\"iframely-embed medium-embedded-content\" data-html=\"Jmx0O2Jsb2NrcXVvdGUgY2xhc3M9InR3aXR0ZXItdHdlZXQiIGRhdGEtZG50PSJ0cnVlIiBhbGlnbj0iY2VudGVyIiZndDsmbHQ7cCBsYW5nPSJlcyIgZGlyPSJsdHIiJmd0O0VsIGZ1dGJvbGlzdGEgT3N3YWxkbyBCYWxhbnRhIHN1ZnJpw7MgdW4gcGFybyBjYXJkw61hY28gZW4gZWwgZW50cmVuYW1pZW50byBxdWUgbGEgUmVzZXJ2YSBkZSBTYW4gTG9yZW56byBkZXNhcnJvbGzDsyBlc3RhIG1hw7FhbmEsIGVuIENpdWRhZCBEZXBvcnRpdmEuIEVsIGV2ZW50byBzZSBpbnRlcnByZXTDsyBjb21vIHNlY3VuZGFyaW8gYSB1biB0cmF1bWF0aXNtbyB0b3LDoWNpY28uJmx0O2JyJmd0OyZsdDticiZndDtMb3MgY3VlcnBvcyBtw6lkaWNvcyBkZSBQcmltZXJhIERpdmlzacOzbiB5IFJlc2VydmEgYWN0dWFyb27igKYgJmx0O2EgaHJlZj0iaHR0cHM6Ly90LmNvL093Q0c1UktoZUsiJmd0O3BpYy50d2l0dGVyLmNvbS9Pd0NHNVJLaGVLJmx0Oy9hJmd0OyZsdDsvcCZndDsmYW1wO21kYXNoOyBTYW4gTG9yZW56byAoQFNhbkxvcmVuem8pICZsdDthIGhyZWY9Imh0dHBzOi8vdHdpdHRlci5jb20vU2FuTG9yZW56by9zdGF0dXMvMTkwNTAyNjUyOTg5OTIyMTMyOT9yZWZfc3JjPXR3c3JjJTVFdGZ3IiZndDtNYXJjaCAyNiwgMjAyNSZsdDsvYSZndDsmbHQ7L2Jsb2NrcXVvdGUmZ3Q7CiZsdDtzY3JpcHQgYXN5bmMgc3JjPSJodHRwczovL3BsYXRmb3JtLnR3aXR0ZXIuY29tL3dpZGdldHMuanMiIGNoYXJzZXQ9InV0Zi04IiZndDsmbHQ7L3NjcmlwdCZndDsKCiZsdDtkaXYgY2xhc3M9Im1lZGl1bS1pbnNlcnQtZW1iZWRzLW1ldGEiJmd0OyZsdDtzY3JpcHQgdHlwZT0idGV4dC9qc29uIiZndDt7InVybCI6Imh0dHBzOi8vdHdpdHRlci5jb20vU2FuTG9yZW56by9zdGF0dXMvMTkwNTAyNjUyOTg5OTIyMTMyOSIsInR5cGUiOiJyaWNoIiwidmVyc2lvbiI6IjEuMCIsInRpdGxlIjoiU2FuIExvcmVuem8gb24gVHdpdHRlciAvIFgiLCJhdXRob3IiOiJTYW4gTG9yZW56byIsImF1dGhvcl91cmwiOiJodHRwczovL3R3aXR0ZXIuY29tL1NhbkxvcmVuem8iLCJwcm92aWRlcl9uYW1lIjoiVHdpdHRlciIsImRlc2NyaXB0aW9uIjoiRWwgZnV0Ym9saXN0YSBPc3dhbGRvIEJhbGFudGEgc3VmcmnDsyB1biBwYXJvIGNhcmTDrWFjbyBlbiBlbCBlbnRyZW5hbWllbnRvIHF1ZSBsYSBSZXNlcnZhIGRlIFNhbiBMb3JlbnpvIGRlc2Fycm9sbMOzIGVzdGEgbWHDsWFuYSwgZW4gQ2l1ZGFkIERlcG9ydGl2YS4gRWwgZXZlbnRvIHNlIGludGVycHJldMOzIGNvbW8gc2VjdW5kYXJpbyBhIHVuIHRyYXVtYXRpc21vIHRvcsOhY2ljby5Mb3MgY3VlcnBvcyBtw6lkaWNvcyBkZSBQcmltZXJhIERpdmlzacOzbiB5IFJlc2VydmEgYWN0dWFyb27igKYgcGljLnR3aXR0ZXIuY29tL093Q0c1UktoZUvigJQgU2FuIExvcmVuem8gKEBTYW5Mb3JlbnpvKSBNYXJjaCAyNiwgMjAyNVxuXG5cbiIsInRodW1ibmFpbF91cmwiOiJodHRwczovL3Bicy50d2ltZy5jb20vbWVkaWEvR25BRGh6TlhZQUF0ZFJ3LmpwZzpsYXJnZSIsInRodW1ibmFpbF93aWR0aCI6MTYwMCwidGh1bWJuYWlsX2hlaWdodCI6MjAwMCwiY2FjaGVfYWdlIjo4NjQwMCwib3B0aW9ucyI6eyJfaGlkZV9tZWRpYSI6eyJsYWJlbCI6IkhpZGUgcGhvdG9zLCB2aWRlb3MsIGFuZCBjYXJkcyIsInZhbHVlIjpmYWxzZX0sIl90aGVtZSI6eyJ2YWx1ZSI6IiIsInZhbHVlcyI6eyJkYXJrIjoiVXNlIGRhcmsgdGhlbWUifX0sIl9tYXh3aWR0aCI6eyJ2YWx1ZSI6IiIsImxhYmVsIjoiQWRqdXN0IHdpZHRoIiwicGxhY2Vob2xkZXIiOiIyMjAtNTUwLCBpbiBweCJ9fX0mbHQ7L3NjcmlwdCZndDsmbHQ7L2RpdiZndDs=\">\n                <a data-iframely-url=\"\" href=\"https:\/\/twitter.com\/SanLorenzo\/status\/1905026529899221329\">https:\/\/twitter.com\/SanLorenzo\/status\/1905026529899221329<\/a>\n              <\/div>\n<p>   Balanta, quien estaba a prueba en la Reserva de San Lorenzo desde febrero, <b>sufri\u00f3 el colapso en plena pr\u00e1ctica y estuvo 17 minutos sin signos vitales hasta que los m\u00e9dicos del club lograron reanimarlo <\/b>con maniobras de RCP y el uso de un desfibrilador. Posteriormente, fue trasladado de urgencia al Hospital Pi\u00f1ero, donde permanece internado en terapia intensiva.<\/p>\n<p>   En el comunicado oficial, <b>San Lorenzo subray\u00f3 que el delantero hab\u00eda superado todos los chequeos m\u00e9dicos previos sin inconvenientes.<\/b> No obstante, la instituci\u00f3n se mantiene en contacto con su familia y el cuerpo m\u00e9dico del hospital para seguir de cerca su evoluci\u00f3n. En las pr\u00f3ximas horas, se espera un nuevo parte m\u00e9dico que aporte mayor claridad sobre su condici\u00f3n.<\/p>\n<p><!-- Live Blog Post --><\/div>\n<p><script async src=\"\/\/platform.twitter.com\/widgets.js\" charset=\"utf-8\"><\/script><br \/><a href=\"https:\/\/www.pagina12.com.ar\/813855-san-lorenzo-preocupa-el-estado-de-salud-del-colombiano-balan\">source<\/a><\/p>\n","protected":false},"excerpt":{"rendered":"<p>La preocupaci\u00f3n en San Lorenzo contin\u00faa en aumento por el estado de salud del delantero&#8230;<\/p>\n","protected":false},"author":3,"featured_media":19588,"comment_status":"closed","ping_status":"closed","sticky":false,"template":"","format":"standard","meta":{"footnotes":""},"categories":[21],"tags":[],"class_list":["post-19587","post","type-post","status-publish","format-standard","has-post-thumbnail","hentry","category-deportes"],"featured_image_urls":{"full":["https:\/\/fmamiga909.com.ar\/wp-content\/uploads\/2025\/03\/wp-header-logo-342.png",960,540,false],"thumbnail":["https:\/\/fmamiga909.com.ar\/wp-content\/uploads\/2025\/03\/wp-header-logo-342-150x150.png",150,150,true],"medium":["https:\/\/fmamiga909.com.ar\/wp-content\/uploads\/2025\/03\/wp-header-logo-342-300x169.png",300,169,true],"medium_large":["https:\/\/fmamiga909.com.ar\/wp-content\/uploads\/2025\/03\/wp-header-logo-342.png",960,540,false],"large":["https:\/\/fmamiga909.com.ar\/wp-content\/uploads\/2025\/03\/wp-header-logo-342.png",640,360,false],"1536x1536":["https:\/\/fmamiga909.com.ar\/wp-content\/uploads\/2025\/03\/wp-header-logo-342.png",960,540,false],"2048x2048":["https:\/\/fmamiga909.com.ar\/wp-content\/uploads\/2025\/03\/wp-header-logo-342.png",960,540,false],"newsium-slider-full":["https:\/\/fmamiga909.com.ar\/wp-content\/uploads\/2025\/03\/wp-header-logo-342.png",960,540,false],"newsium-featured":["https:\/\/fmamiga909.com.ar\/wp-content\/uploads\/2025\/03\/wp-header-logo-342.png",960,540,false],"newsium-medium":["https:\/\/fmamiga909.com.ar\/wp-content\/uploads\/2025\/03\/wp-header-logo-342-720x475.png",720,475,true]},"author_info":{"display_name":"Fredy Giuliano","author_link":"https:\/\/fmamiga909.com.ar\/?author=3"},"category_info":"<a href=\"https:\/\/fmamiga909.com.ar\/?cat=21\" rel=\"category\">Deportes<\/a>","tag_info":"Deportes","comment_count":"0","_links":{"self":[{"href":"https:\/\/fmamiga909.com.ar\/index.php?rest_route=\/wp\/v2\/posts\/19587","targetHints":{"allow":["GET"]}}],"collection":[{"href":"https:\/\/fmamiga909.com.ar\/index.php?rest_route=\/wp\/v2\/posts"}],"about":[{"href":"https:\/\/fmamiga909.com.ar\/index.php?rest_route=\/wp\/v2\/types\/post"}],"author":[{"embeddable":true,"href":"https:\/\/fmamiga909.com.ar\/index.php?rest_route=\/wp\/v2\/users\/3"}],"replies":[{"embeddable":true,"href":"https:\/\/fmamiga909.com.ar\/index.php?rest_route=%2Fwp%2Fv2%2Fcomments&post=19587"}],"version-history":[{"count":0,"href":"https:\/\/fmamiga909.com.ar\/index.php?rest_route=\/wp\/v2\/posts\/19587\/revisions"}],"wp:featuredmedia":[{"embeddable":true,"href":"https:\/\/fmamiga909.com.ar\/index.php?rest_route=\/wp\/v2\/media\/19588"}],"wp:attachment":[{"href":"https:\/\/fmamiga909.com.ar\/index.php?rest_route=%2Fwp%2Fv2%2Fmedia&parent=19587"}],"wp:term":[{"taxonomy":"category","embeddable":true,"href":"https:\/\/fmamiga909.com.ar\/index.php?rest_route=%2Fwp%2Fv2%2Fcategories&post=19587"},{"taxonomy":"post_tag","embeddable":true,"href":"https:\/\/fmamiga909.com.ar\/index.php?rest_route=%2Fwp%2Fv2%2Ftags&post=19587"}],"curies":[{"name":"wp","href":"https:\/\/api.w.org\/{rel}","templated":true}]}}