{"id":19608,"date":"2025-03-28T16:28:34","date_gmt":"2025-03-28T16:28:34","guid":{"rendered":"https:\/\/fmamiga909.com.ar\/?p=19608"},"modified":"2025-03-28T16:28:34","modified_gmt":"2025-03-28T16:28:34","slug":"sudamericano-sub-17-argentina-inicia-frente-a-chile-su-participacion-en-el-torneo-de-colombia","status":"publish","type":"post","link":"https:\/\/fmamiga909.com.ar\/?p=19608","title":{"rendered":"Sudamericano Sub 17: Argentina inicia frente a Chile su participaci\u00f3n en el torneo de Colombia"},"content":{"rendered":"<div><!-- Body --><\/p>\n<p>La Selecci\u00f3n argentina Sub-17 enfrenta este s\u00e1bado a su par de Chile, en el municipio colombiano de Monter\u00eda, en el marco de la segunda fecha del Torneo Sudamericano de la categor\u00eda que se disputa en Colombia. <\/p>\n<p>El encuentro se disputar\u00e1 en el estadio Jaraguay de Monter\u00eda desde las 18.30 horas, con terna arbitral a\u00fan por confirmar por parte de la CONMEBOL. La transmisi\u00f3n estar\u00e1 a cargo de la se\u00f1al deportiva DSports 2, canal que se puede sintonizar online en la plataforma digital DGO. <\/p>\n<p>El equipo dirigido por Diego Placente viene de tener la primera fecha libre del certamen que arranc\u00f3 el jueves con la victoria 5-0 de Paraguay sobre Per\u00fa y el triunfo de Colombia 1-0 sobre Chile. <\/p>\n<p>Para este Torneo Sudamericano, la Selecci\u00f3n argentina hab\u00eda convocado a la joven promesa del Real Madrid, Jos\u00e9 Castelau de Roa pero, justamente, fue el equipo espa\u00f1ol que decidi\u00f3 no ceder al arquero y, de urgencia, Placente convoc\u00f3 a Agust\u00edn Mart\u00ednez de Talleres de C\u00f3rdoba que en las pr\u00f3ximas horas ser\u00e1 habilitado por la CONMEBOL como el jugador n\u00famero 23 de la lista. <\/p>\n<p>Al igual que con el Mundial de mayores, la FIFA ampli\u00f3 el cupo de participantes de la cita intercontinental a 48, lo que hace que la CONMEBOL cuente con m\u00e1s cupos disponibles y pasar de tener cuatro a contar con siete. <\/p>\n<p>Con esta ampliaci\u00f3n, se elimin\u00f3 el Hexagonal Final del Torneo Sudamericano y, ahora, se dividir\u00e1n los diez equipos en dos zonas de cinco donde los dos primeros de cada una clasificar\u00e1n de manera directa al Mundial que tendr\u00e1 lugar entre el 5 y 27 de noviembre en Qatar. <\/p>\n<p>Asimismo, los dos l\u00edderes de cada zona avanzar\u00e1n a las semifinales y luchar\u00e1n por el t\u00edtulo. Los terceros y cuartos jugar\u00e1n cruz\u00e1ndose entre s\u00ed y los ganadores de esos partidos se asegurar\u00e1n su lugar en la Copa del Mundo mientras que los perdedores competir\u00e1n luego por el s\u00e9ptimo y \u00faltimo cupo a Qatar. <\/p>\n<p>Con Francisco Barid\u00f3, jugador de la Juventus de Italia que se fue de Boca por la patria potestad y Tom\u00e1s Parmo de Independiente como estandartes, la Selecci\u00f3n argentina se conforma de 23 futbolistas que, en su gran mayor\u00eda, compartieron equipo en el Campeonato Sudamericano Sub-15 de Bolivia 2023 que se disput\u00f3 en 2024 y de la edici\u00f3n del a\u00f1o pasado del Mondial Football Montaig\u00fa. <\/p>\n<p>Luego de enfrentar a Chile este viernes, jugar\u00e1 la segunda fecha ante Paraguay el lunes mientras que el mi\u00e9rcoles lo har\u00e1 ante Per\u00fa y cerrar\u00e1 el s\u00e1bado 5 ante el anfitri\u00f3n Colombia.<\/p>\n<p><b>Formaciones<\/b><\/p>\n<p><b>ARGENTINA:<\/b> D. Mart\u00ednez; Zalazar, M. Mart\u00ednez, Satas, Fari\u00f1a; Esp\u00edndola, G\u00f3mez Mattar,\u00a0 Meza; Ver\u00f3n, Parmo, De Mart\u00eds. <b>DT:<\/b> Diego Placente.<\/p>\n<p><b>CHILE:<\/b> Villegas; Jim\u00e9nez, Torres, Orellana, \u00c1vila; Molina, Bustos, P\u00e9rez Campos, Ya\u00f1ez, Alegr\u00eda; Cuevas. <b>DT: <\/b>Sebasti\u00e1n C\u00f3rdova.\u00a0<\/p>\n<p><b>Estadio:<\/b> Jaraguay, Monter\u00eda, Colombia. <b>\u00c1rbitro:<\/b> a confirmar. <b>Hora:<\/b> 18.30. <b>TV: <\/b>DSports 2\/DGO.<\/p>\n<p><!-- Live Blog Post --><\/div>\n<p><a href=\"https:\/\/www.pagina12.com.ar\/814145-sudamericano-sub-17-argentina-inicia-frente-a-chile-su-parti\">source<\/a><\/p>\n","protected":false},"excerpt":{"rendered":"<p>La Selecci\u00f3n argentina Sub-17 enfrenta este s\u00e1bado a su par de Chile, en el municipio&#8230;<\/p>\n","protected":false},"author":3,"featured_media":19609,"comment_status":"closed","ping_status":"closed","sticky":false,"template":"","format":"standard","meta":{"footnotes":""},"categories":[21],"tags":[],"class_list":["post-19608","post","type-post","status-publish","format-standard","has-post-thumbnail","hentry","category-deportes"],"featured_image_urls":{"full":["https:\/\/fmamiga909.com.ar\/wp-content\/uploads\/2025\/03\/wp-header-logo-351.png",960,540,false],"thumbnail":["https:\/\/fmamiga909.com.ar\/wp-content\/uploads\/2025\/03\/wp-header-logo-351-150x150.png",150,150,true],"medium":["https:\/\/fmamiga909.com.ar\/wp-content\/uploads\/2025\/03\/wp-header-logo-351-300x169.png",300,169,true],"medium_large":["https:\/\/fmamiga909.com.ar\/wp-content\/uploads\/2025\/03\/wp-header-logo-351.png",960,540,false],"large":["https:\/\/fmamiga909.com.ar\/wp-content\/uploads\/2025\/03\/wp-header-logo-351.png",640,360,false],"1536x1536":["https:\/\/fmamiga909.com.ar\/wp-content\/uploads\/2025\/03\/wp-header-logo-351.png",960,540,false],"2048x2048":["https:\/\/fmamiga909.com.ar\/wp-content\/uploads\/2025\/03\/wp-header-logo-351.png",960,540,false],"newsium-slider-full":["https:\/\/fmamiga909.com.ar\/wp-content\/uploads\/2025\/03\/wp-header-logo-351.png",960,540,false],"newsium-featured":["https:\/\/fmamiga909.com.ar\/wp-content\/uploads\/2025\/03\/wp-header-logo-351.png",960,540,false],"newsium-medium":["https:\/\/fmamiga909.com.ar\/wp-content\/uploads\/2025\/03\/wp-header-logo-351-720x475.png",720,475,true]},"author_info":{"display_name":"Fredy Giuliano","author_link":"https:\/\/fmamiga909.com.ar\/?author=3"},"category_info":"<a href=\"https:\/\/fmamiga909.com.ar\/?cat=21\" rel=\"category\">Deportes<\/a>","tag_info":"Deportes","comment_count":"0","_links":{"self":[{"href":"https:\/\/fmamiga909.com.ar\/index.php?rest_route=\/wp\/v2\/posts\/19608","targetHints":{"allow":["GET"]}}],"collection":[{"href":"https:\/\/fmamiga909.com.ar\/index.php?rest_route=\/wp\/v2\/posts"}],"about":[{"href":"https:\/\/fmamiga909.com.ar\/index.php?rest_route=\/wp\/v2\/types\/post"}],"author":[{"embeddable":true,"href":"https:\/\/fmamiga909.com.ar\/index.php?rest_route=\/wp\/v2\/users\/3"}],"replies":[{"embeddable":true,"href":"https:\/\/fmamiga909.com.ar\/index.php?rest_route=%2Fwp%2Fv2%2Fcomments&post=19608"}],"version-history":[{"count":0,"href":"https:\/\/fmamiga909.com.ar\/index.php?rest_route=\/wp\/v2\/posts\/19608\/revisions"}],"wp:featuredmedia":[{"embeddable":true,"href":"https:\/\/fmamiga909.com.ar\/index.php?rest_route=\/wp\/v2\/media\/19609"}],"wp:attachment":[{"href":"https:\/\/fmamiga909.com.ar\/index.php?rest_route=%2Fwp%2Fv2%2Fmedia&parent=19608"}],"wp:term":[{"taxonomy":"category","embeddable":true,"href":"https:\/\/fmamiga909.com.ar\/index.php?rest_route=%2Fwp%2Fv2%2Fcategories&post=19608"},{"taxonomy":"post_tag","embeddable":true,"href":"https:\/\/fmamiga909.com.ar\/index.php?rest_route=%2Fwp%2Fv2%2Ftags&post=19608"}],"curies":[{"name":"wp","href":"https:\/\/api.w.org\/{rel}","templated":true}]}}