{"id":19672,"date":"2025-03-30T23:12:00","date_gmt":"2025-03-30T23:12:00","guid":{"rendered":"https:\/\/fmamiga909.com.ar\/?p=19672"},"modified":"2025-03-30T23:12:00","modified_gmt":"2025-03-30T23:12:00","slug":"neymar-vi-el-partido-fue-triste-por-la-forma-en-la-que-sucedio","status":"publish","type":"post","link":"https:\/\/fmamiga909.com.ar\/?p=19672","title":{"rendered":"Neymar: &quot;Vi el partido, fue triste por la forma en la que sucedi\u00f3&quot;"},"content":{"rendered":"<div><!-- Body --><\/p>\n<p>El delantero de la selecci\u00f3n de Brasil Neymar, ausente en la goleada de Argentina por 4-1 por las Eliminatorias Sudamericanas rumbo al Mundial 2026, asegur\u00f3 que \u00abfue triste por la forma en la que sucedi\u00f3\u00bb.<\/p>\n<p>   El astro carioca de 33 a\u00f1os no pudo estar presente por lesi\u00f3n en la contundente derrota de los suyos ante la \u00abAlbiceleste\u00bb del pasado martes en el estadio Monumental y rompi\u00f3 el silencio en di\u00e1logo con la prensa durante la premiaci\u00f3n del Campeonato Paulista.<\/p>\n<p>   \u00abVi el partido, habl\u00e9 con algunos jugadores despu\u00e9s de la derrota y es triste. Es malo perder un juego, lo sabemos, pero por la forma en que sucedi\u00f3, sabemos que fue un mal d\u00eda para todos. Cuando tienes un mal d\u00eda, las cosas no suceden. Eso es parte del f\u00fatbol. Desgraciadamente as\u00ed es y as\u00ed pas\u00f3 con nuestro equipo\u00bb, reconoci\u00f3.<\/p>\n<p>   Uno de los m\u00e1s apuntados tras la dolorosa ca\u00edda, que ratific\u00f3 el liderato del combinado nacional en el clasificatorio a la pr\u00f3xima Copa del Mundo que se llevar\u00e1 a cabo en Canad\u00e1, Estados Unidos y M\u00e9xico, fue el delantero del Barcelona Raphinha, quien adem\u00e1s calent\u00f3 la previa del cl\u00e1sico internacional al afirmar que \u00ables iban a dar una paliza\u00bb.<\/p>\n<p>   A su vez, otras estrellas de la \u00abCanarinha\u00bb como el capit\u00e1n Marquinhos, Vinicius o Rodrygo, estos dos \u00faltimos futbolistas del Real Madrid de Espa\u00f1a, fueron duramente criticados por su rendimiento y el poco sentimiento por la \u00abverdeamarela\u00bb.<\/p>\n<p>   En la misma l\u00ednea, Neymar no dud\u00f3 en respaldar a sus compa\u00f1eros a pesar de la hist\u00f3rica goleada recibida. \u00abSabemos del compromiso de todos los jugadores, la dedicaci\u00f3n que tienen. Necesitamos m\u00e1s. Solo nosotros, los jugadores de la selecci\u00f3n brasile\u00f1a, podemos cambiar esta situaci\u00f3n. Eso es lo que les digo a ellos y a ti: solo depende de nosotros, de unirnos para mejorar cada vez m\u00e1s\u00bb, exclam\u00f3 el actual atacante del Santos.<\/p>\n<p>   Por otro lado, la selecci\u00f3n brasile\u00f1a decidi\u00f3 despedir a Dorival Junior luego de un desempe\u00f1o irregular y una serie de resultados adversos en las Eliminatorias Sudamericanas, que tuvo la ca\u00edda ante Argentina como la gota que rebas\u00f3 el vaso.<\/p>\n<p><!-- Live Blog Post --><\/div>\n<p><a href=\"https:\/\/www.pagina12.com.ar\/814555-neymar-vi-el-partido-fue-triste-la-forma-en-la-que-sucedio\">source<\/a><\/p>\n","protected":false},"excerpt":{"rendered":"<p>El delantero de la selecci\u00f3n de Brasil Neymar, ausente en la goleada de Argentina por&#8230;<\/p>\n","protected":false},"author":3,"featured_media":19673,"comment_status":"closed","ping_status":"closed","sticky":false,"template":"","format":"standard","meta":{"footnotes":""},"categories":[21],"tags":[],"class_list":["post-19672","post","type-post","status-publish","format-standard","has-post-thumbnail","hentry","category-deportes"],"featured_image_urls":{"full":["https:\/\/fmamiga909.com.ar\/wp-content\/uploads\/2025\/03\/wp-header-logo-383.png",960,540,false],"thumbnail":["https:\/\/fmamiga909.com.ar\/wp-content\/uploads\/2025\/03\/wp-header-logo-383-150x150.png",150,150,true],"medium":["https:\/\/fmamiga909.com.ar\/wp-content\/uploads\/2025\/03\/wp-header-logo-383-300x169.png",300,169,true],"medium_large":["https:\/\/fmamiga909.com.ar\/wp-content\/uploads\/2025\/03\/wp-header-logo-383.png",960,540,false],"large":["https:\/\/fmamiga909.com.ar\/wp-content\/uploads\/2025\/03\/wp-header-logo-383.png",640,360,false],"1536x1536":["https:\/\/fmamiga909.com.ar\/wp-content\/uploads\/2025\/03\/wp-header-logo-383.png",960,540,false],"2048x2048":["https:\/\/fmamiga909.com.ar\/wp-content\/uploads\/2025\/03\/wp-header-logo-383.png",960,540,false],"newsium-slider-full":["https:\/\/fmamiga909.com.ar\/wp-content\/uploads\/2025\/03\/wp-header-logo-383.png",960,540,false],"newsium-featured":["https:\/\/fmamiga909.com.ar\/wp-content\/uploads\/2025\/03\/wp-header-logo-383.png",960,540,false],"newsium-medium":["https:\/\/fmamiga909.com.ar\/wp-content\/uploads\/2025\/03\/wp-header-logo-383-720x475.png",720,475,true]},"author_info":{"display_name":"Fredy Giuliano","author_link":"https:\/\/fmamiga909.com.ar\/?author=3"},"category_info":"<a href=\"https:\/\/fmamiga909.com.ar\/?cat=21\" rel=\"category\">Deportes<\/a>","tag_info":"Deportes","comment_count":"0","_links":{"self":[{"href":"https:\/\/fmamiga909.com.ar\/index.php?rest_route=\/wp\/v2\/posts\/19672","targetHints":{"allow":["GET"]}}],"collection":[{"href":"https:\/\/fmamiga909.com.ar\/index.php?rest_route=\/wp\/v2\/posts"}],"about":[{"href":"https:\/\/fmamiga909.com.ar\/index.php?rest_route=\/wp\/v2\/types\/post"}],"author":[{"embeddable":true,"href":"https:\/\/fmamiga909.com.ar\/index.php?rest_route=\/wp\/v2\/users\/3"}],"replies":[{"embeddable":true,"href":"https:\/\/fmamiga909.com.ar\/index.php?rest_route=%2Fwp%2Fv2%2Fcomments&post=19672"}],"version-history":[{"count":0,"href":"https:\/\/fmamiga909.com.ar\/index.php?rest_route=\/wp\/v2\/posts\/19672\/revisions"}],"wp:featuredmedia":[{"embeddable":true,"href":"https:\/\/fmamiga909.com.ar\/index.php?rest_route=\/wp\/v2\/media\/19673"}],"wp:attachment":[{"href":"https:\/\/fmamiga909.com.ar\/index.php?rest_route=%2Fwp%2Fv2%2Fmedia&parent=19672"}],"wp:term":[{"taxonomy":"category","embeddable":true,"href":"https:\/\/fmamiga909.com.ar\/index.php?rest_route=%2Fwp%2Fv2%2Fcategories&post=19672"},{"taxonomy":"post_tag","embeddable":true,"href":"https:\/\/fmamiga909.com.ar\/index.php?rest_route=%2Fwp%2Fv2%2Ftags&post=19672"}],"curies":[{"name":"wp","href":"https:\/\/api.w.org\/{rel}","templated":true}]}}