{"id":19748,"date":"2025-04-03T03:39:10","date_gmt":"2025-04-03T03:39:10","guid":{"rendered":"https:\/\/fmamiga909.com.ar\/?p=19748"},"modified":"2025-04-03T03:39:10","modified_gmt":"2025-04-03T03:39:10","slug":"velez-supero-a-penarol-por-la-copa-libertadores","status":"publish","type":"post","link":"https:\/\/fmamiga909.com.ar\/?p=19748","title":{"rendered":"V\u00e9lez super\u00f3 a Pe\u00f1arol por la Copa Libertadores"},"content":{"rendered":"<div><!-- Body --><\/p>\n<p>V\u00e9lez comenz\u00f3 a aparecer en esta nueva versi\u00f3n dirigida por Guillermo Barros Schelotto y, en su debut en la Copa Libertadores, super\u00f3 2-1 a Pe\u00f1arol de Uruguay en Liniers por el Grupo H donde San Antonio Bulo Bulo sorprendi\u00f3 3-2 en Bolivia a Olimpia de Asunci\u00f3n.<\/p>\n<p>La propuesta agresiva del nuevo t\u00e9cnico aliment\u00f3 la ilusi\u00f3n de la gente en el arranque pero fue el visitante el que gener\u00f3 la ocasi\u00f3n m\u00e1s clara para abrir el marcador, a trav\u00e9s de la calidad individual de Leonardo Fern\u00e1ndez, quien dej\u00f3 en el camino a Mammana y Lagos antes de definir desviado.<\/p>\n<p><iframe style=\"border: 0px; position: absolute; top: 0px; left: 0px; height: 100%;\" allowfullscreen=\"\" frameborder=\"0\" src=\"https:\/\/www.youtube.com\/embed\/iF8PHenJ2QI\"><\/iframe><\/p>\n<p>La respuesta del equipo local lleg\u00f3 por intermedio de la potencia de Romero y las proyecciones de Bouzat. En la m\u00e1s clara, el exBoca se luci\u00f3 con un pie a pie que no termin\u00f3 en gol por la gran reacci\u00f3n de Campa\u00f1a.<\/p>\n<p>Pe\u00f1arol sorprendi\u00f3 en la segunda parte con un desborde de Cabrera, el amague sin pelota de Silvera y la definici\u00f3n de Fern\u00e1ndez para hacer delirar a los miles de hinchas uruguayos que estaban en Liniers. Y cuando parec\u00eda que nuevamente la desaz\u00f3n envolv\u00eda al plantel, los j\u00f3venes Carrizo y el ingresado Montoro, \u00e9ste \u00faltimo en tiempo de descuento, le dieron la primera alegr\u00eda al Fort\u00edn en la Copa.<\/p>\n<p>      <!-- Live Blog Post --><\/div>\n<p><a href=\"https:\/\/www.pagina12.com.ar\/815286-velez-supero-a-penarol-por-la-copa-libertadores\">source<\/a><\/p>\n","protected":false},"excerpt":{"rendered":"<p>V\u00e9lez comenz\u00f3 a aparecer en esta nueva versi\u00f3n dirigida por Guillermo Barros Schelotto y, en&#8230;<\/p>\n","protected":false},"author":3,"featured_media":19749,"comment_status":"closed","ping_status":"closed","sticky":false,"template":"","format":"standard","meta":{"footnotes":""},"categories":[21],"tags":[],"class_list":["post-19748","post","type-post","status-publish","format-standard","has-post-thumbnail","hentry","category-deportes"],"featured_image_urls":{"full":["https:\/\/fmamiga909.com.ar\/wp-content\/uploads\/2025\/04\/wp-header-logo-23.png",960,540,false],"thumbnail":["https:\/\/fmamiga909.com.ar\/wp-content\/uploads\/2025\/04\/wp-header-logo-23-150x150.png",150,150,true],"medium":["https:\/\/fmamiga909.com.ar\/wp-content\/uploads\/2025\/04\/wp-header-logo-23-300x169.png",300,169,true],"medium_large":["https:\/\/fmamiga909.com.ar\/wp-content\/uploads\/2025\/04\/wp-header-logo-23.png",960,540,false],"large":["https:\/\/fmamiga909.com.ar\/wp-content\/uploads\/2025\/04\/wp-header-logo-23.png",640,360,false],"1536x1536":["https:\/\/fmamiga909.com.ar\/wp-content\/uploads\/2025\/04\/wp-header-logo-23.png",960,540,false],"2048x2048":["https:\/\/fmamiga909.com.ar\/wp-content\/uploads\/2025\/04\/wp-header-logo-23.png",960,540,false],"newsium-slider-full":["https:\/\/fmamiga909.com.ar\/wp-content\/uploads\/2025\/04\/wp-header-logo-23.png",960,540,false],"newsium-featured":["https:\/\/fmamiga909.com.ar\/wp-content\/uploads\/2025\/04\/wp-header-logo-23.png",960,540,false],"newsium-medium":["https:\/\/fmamiga909.com.ar\/wp-content\/uploads\/2025\/04\/wp-header-logo-23-720x475.png",720,475,true]},"author_info":{"display_name":"Fredy Giuliano","author_link":"https:\/\/fmamiga909.com.ar\/?author=3"},"category_info":"<a href=\"https:\/\/fmamiga909.com.ar\/?cat=21\" rel=\"category\">Deportes<\/a>","tag_info":"Deportes","comment_count":"0","_links":{"self":[{"href":"https:\/\/fmamiga909.com.ar\/index.php?rest_route=\/wp\/v2\/posts\/19748","targetHints":{"allow":["GET"]}}],"collection":[{"href":"https:\/\/fmamiga909.com.ar\/index.php?rest_route=\/wp\/v2\/posts"}],"about":[{"href":"https:\/\/fmamiga909.com.ar\/index.php?rest_route=\/wp\/v2\/types\/post"}],"author":[{"embeddable":true,"href":"https:\/\/fmamiga909.com.ar\/index.php?rest_route=\/wp\/v2\/users\/3"}],"replies":[{"embeddable":true,"href":"https:\/\/fmamiga909.com.ar\/index.php?rest_route=%2Fwp%2Fv2%2Fcomments&post=19748"}],"version-history":[{"count":0,"href":"https:\/\/fmamiga909.com.ar\/index.php?rest_route=\/wp\/v2\/posts\/19748\/revisions"}],"wp:featuredmedia":[{"embeddable":true,"href":"https:\/\/fmamiga909.com.ar\/index.php?rest_route=\/wp\/v2\/media\/19749"}],"wp:attachment":[{"href":"https:\/\/fmamiga909.com.ar\/index.php?rest_route=%2Fwp%2Fv2%2Fmedia&parent=19748"}],"wp:term":[{"taxonomy":"category","embeddable":true,"href":"https:\/\/fmamiga909.com.ar\/index.php?rest_route=%2Fwp%2Fv2%2Fcategories&post=19748"},{"taxonomy":"post_tag","embeddable":true,"href":"https:\/\/fmamiga909.com.ar\/index.php?rest_route=%2Fwp%2Fv2%2Ftags&post=19748"}],"curies":[{"name":"wp","href":"https:\/\/api.w.org\/{rel}","templated":true}]}}