{"id":19786,"date":"2025-04-04T19:19:23","date_gmt":"2025-04-04T19:19:23","guid":{"rendered":"https:\/\/fmamiga909.com.ar\/?p=19786"},"modified":"2025-04-04T19:19:23","modified_gmt":"2025-04-04T19:19:23","slug":"independiente-cerro-las-actividades-de-la-sede-boyaca-por-falta-de-pago","status":"publish","type":"post","link":"https:\/\/fmamiga909.com.ar\/?p=19786","title":{"rendered":"Independiente cerr\u00f3 las actividades de la sede Boyac\u00e1 por falta de pago"},"content":{"rendered":"<div><!-- Body --><\/p>\n<p>El Departamento de F\u00fatbol de la Sede de Capital Federal de Independiente comunic\u00f3 el cese de actividades por tiempo indeterminado en dicho lugar por falta de pago al personal.<\/p>\n<p>   El club de Avellaneda vive un agradable presente futbol\u00edstico en el que es l\u00edder del Grupo B del Torneo Apertura de la Liga Profesional de F\u00fatbol y, a pesar de haber ca\u00eddo 2-0 con Nacional Potos\u00ed de Bolivia el martes en su debut en la Copa Sudamericana, aspira a pelear todos los frentes este a\u00f1o tras temporadas sin hacerlo.<\/p>\n<p>   Sin embargo, fuera de la cancha, la realidad de Independiente,\u00a0que tiene como presidente al ex dirigente del PRO, ex intendente de Lan\u00fas y ex jefe de Gabinete en el Gobierno de la Ciudad de Jorge Macri, N\u00e9stor Grindetti,  es muy diferente y prueba de ello es la lamentable situaci\u00f3n que se dio a conocer este viernes en la Sede de Capital Federal del club, ubicada en la Avenida Boyac\u00e1 470.<\/p>\n<p>   En un comunicado, el Departamento de F\u00fatbol de dicho predio inform\u00f3 el cese de actividades: \u00abPor medio de la presente, informamos que el Departamento de F\u00fatbol de la Sede Boyac\u00e1 decidi\u00f3 cesar las actividades por tiempo indeterminado por el motivo de que los entrenadores, profesores, ayudantes, coordinaci\u00f3n y resto del staff t\u00e9cnico se le adeudan dos meses de sueldo y no hay fecha estimativa de que se hagan efectivos los pagos\u00bb.<\/p>\n<p>   \u00abNuestro compromiso con el club sigue siendo firme e intachable pero no podemos permitir ver vulnerados nuestros derechos laborales, esperemos que la situaci\u00f3n se resuelva a la brevedad\u00bb concluye el comunicado.<\/p>\n<p>   Desde el club a\u00fan no dieron alguna respuesta al reclamo de los trabajadores de la sede del barrio porte\u00f1o de Flores que se inaugur\u00f3 el 1\u00b0 de julio de 1995, este a\u00f1o cumplir\u00e1 tres d\u00e9cadas y es donde m\u00e1s de 1.000 deportistas participan de m\u00faltiples disciplinas.<\/p>\n<p><!-- Live Blog Post --><\/div>\n<p><a href=\"https:\/\/www.pagina12.com.ar\/815754-independiente-cerro-las-actividades-de-la-sede-boyaca-por-fa\">source<\/a><\/p>\n","protected":false},"excerpt":{"rendered":"<p>El Departamento de F\u00fatbol de la Sede de Capital Federal de Independiente comunic\u00f3 el cese&#8230;<\/p>\n","protected":false},"author":3,"featured_media":19787,"comment_status":"closed","ping_status":"closed","sticky":false,"template":"","format":"standard","meta":{"footnotes":""},"categories":[21],"tags":[],"class_list":["post-19786","post","type-post","status-publish","format-standard","has-post-thumbnail","hentry","category-deportes"],"featured_image_urls":{"full":["https:\/\/fmamiga909.com.ar\/wp-content\/uploads\/2025\/04\/wp-header-logo-37.png",960,540,false],"thumbnail":["https:\/\/fmamiga909.com.ar\/wp-content\/uploads\/2025\/04\/wp-header-logo-37-150x150.png",150,150,true],"medium":["https:\/\/fmamiga909.com.ar\/wp-content\/uploads\/2025\/04\/wp-header-logo-37-300x169.png",300,169,true],"medium_large":["https:\/\/fmamiga909.com.ar\/wp-content\/uploads\/2025\/04\/wp-header-logo-37.png",960,540,false],"large":["https:\/\/fmamiga909.com.ar\/wp-content\/uploads\/2025\/04\/wp-header-logo-37.png",640,360,false],"1536x1536":["https:\/\/fmamiga909.com.ar\/wp-content\/uploads\/2025\/04\/wp-header-logo-37.png",960,540,false],"2048x2048":["https:\/\/fmamiga909.com.ar\/wp-content\/uploads\/2025\/04\/wp-header-logo-37.png",960,540,false],"newsium-slider-full":["https:\/\/fmamiga909.com.ar\/wp-content\/uploads\/2025\/04\/wp-header-logo-37.png",960,540,false],"newsium-featured":["https:\/\/fmamiga909.com.ar\/wp-content\/uploads\/2025\/04\/wp-header-logo-37.png",960,540,false],"newsium-medium":["https:\/\/fmamiga909.com.ar\/wp-content\/uploads\/2025\/04\/wp-header-logo-37-720x475.png",720,475,true]},"author_info":{"display_name":"Fredy Giuliano","author_link":"https:\/\/fmamiga909.com.ar\/?author=3"},"category_info":"<a href=\"https:\/\/fmamiga909.com.ar\/?cat=21\" rel=\"category\">Deportes<\/a>","tag_info":"Deportes","comment_count":"0","_links":{"self":[{"href":"https:\/\/fmamiga909.com.ar\/index.php?rest_route=\/wp\/v2\/posts\/19786","targetHints":{"allow":["GET"]}}],"collection":[{"href":"https:\/\/fmamiga909.com.ar\/index.php?rest_route=\/wp\/v2\/posts"}],"about":[{"href":"https:\/\/fmamiga909.com.ar\/index.php?rest_route=\/wp\/v2\/types\/post"}],"author":[{"embeddable":true,"href":"https:\/\/fmamiga909.com.ar\/index.php?rest_route=\/wp\/v2\/users\/3"}],"replies":[{"embeddable":true,"href":"https:\/\/fmamiga909.com.ar\/index.php?rest_route=%2Fwp%2Fv2%2Fcomments&post=19786"}],"version-history":[{"count":0,"href":"https:\/\/fmamiga909.com.ar\/index.php?rest_route=\/wp\/v2\/posts\/19786\/revisions"}],"wp:featuredmedia":[{"embeddable":true,"href":"https:\/\/fmamiga909.com.ar\/index.php?rest_route=\/wp\/v2\/media\/19787"}],"wp:attachment":[{"href":"https:\/\/fmamiga909.com.ar\/index.php?rest_route=%2Fwp%2Fv2%2Fmedia&parent=19786"}],"wp:term":[{"taxonomy":"category","embeddable":true,"href":"https:\/\/fmamiga909.com.ar\/index.php?rest_route=%2Fwp%2Fv2%2Fcategories&post=19786"},{"taxonomy":"post_tag","embeddable":true,"href":"https:\/\/fmamiga909.com.ar\/index.php?rest_route=%2Fwp%2Fv2%2Ftags&post=19786"}],"curies":[{"name":"wp","href":"https:\/\/api.w.org\/{rel}","templated":true}]}}