{"id":19788,"date":"2025-04-04T19:24:35","date_gmt":"2025-04-04T19:24:35","guid":{"rendered":"https:\/\/fmamiga909.com.ar\/?p=19788"},"modified":"2025-04-04T19:24:35","modified_gmt":"2025-04-04T19:24:35","slug":"atp-de-bucarest-baez-se-metio-en-las-semifinales","status":"publish","type":"post","link":"https:\/\/fmamiga909.com.ar\/?p=19788","title":{"rendered":"ATP de Bucarest: B\u00e1ez se meti\u00f3 en las semifinales"},"content":{"rendered":"<div><!-- Body --><\/p>\n<p>B\u00e1ez, n\u00famero 36 del mundo y primer preclasificado en el ATP de Rumania, venci\u00f3 al marplatense Comesa\u00f1a por 7-6 (5), 2-6 y 6-1, en poco m\u00e1s de dos horas de partido, y se convirti\u00f3 en el \u00fanico argentino clasificado a las semifinales del certamen.<\/p>\n<p>B\u00e1ez hab\u00eda debutado en la v\u00edspera con un trabajoso triunfo ante el canadiense Gabriel Diallo, por un resultado casi id\u00e9ntico al de este viernes, 7-6 (5), 2-6 y 6-2, en 2 horas y 18 minutos, en su regreso al circuito despu\u00e9s de sus r\u00e1pidas eliminaciones en los Masters de Indian Wells y Miami.<\/p>\n<p>En su superficie preferida, en el inicio de la gira europea sobre polvo de ladrillo que sirve como preparaci\u00f3n para el Grand Slam de Roland Garros \u2013seg\u00fan inform\u00f3 DporTV web\u2013, el bonaerense se meti\u00f3 entre los cuatro mejores del certamen y en la pr\u00f3xima instancia se medir\u00e1 con el h\u00fangaro Marton Fucsovics, quien ven\u00eda de eliminar al argentino Mariano Navone en octavos y en la jornada se impuso ante el australiano Christopher O&#8217;Conell por 6-0 y 6-4.<\/p>\n<p><iframe loading=\"lazy\" frameborder=\"0\" width=\"640\" height=\"360\" src=\"https:\/\/www.espn.com.ar\/core\/video\/iframe\/_\/id\/15002773\/endcard\/false\"><\/iframe><\/p>\n<p>Lo curioso de la victoria de B\u00e1ez sobre Comesa\u00f1a es que ambos son compa\u00f1eros en el dobles y en la v\u00edspera hab\u00edan sido eliminados por el belga Sander Gille y el polaco Jan Zielinski, por 5-7 y 1-6. En singles, fue su segundo enfrentamiento luego de haberse cruzado en Santiago de Chile, el 27 de febrero pasado, con triunfo tambi\u00e9n para el bonaerense.<\/p>\n<p><!-- Live Blog Post --><\/div>\n<p><a href=\"https:\/\/www.pagina12.com.ar\/815762-atp-de-bucarest-baez-se-metio-en-las-semifinales\">source<\/a><\/p>\n","protected":false},"excerpt":{"rendered":"<p>B\u00e1ez, n\u00famero 36 del mundo y primer preclasificado en el ATP de Rumania, venci\u00f3 al&#8230;<\/p>\n","protected":false},"author":3,"featured_media":19789,"comment_status":"closed","ping_status":"closed","sticky":false,"template":"","format":"standard","meta":{"footnotes":""},"categories":[21],"tags":[],"class_list":["post-19788","post","type-post","status-publish","format-standard","has-post-thumbnail","hentry","category-deportes"],"featured_image_urls":{"full":["https:\/\/fmamiga909.com.ar\/wp-content\/uploads\/2025\/04\/wp-header-logo-38.png",0,0,false],"thumbnail":["https:\/\/fmamiga909.com.ar\/wp-content\/uploads\/2025\/04\/wp-header-logo-38.png",1,1,false],"medium":["https:\/\/fmamiga909.com.ar\/wp-content\/uploads\/2025\/04\/wp-header-logo-38.png",1,1,false],"medium_large":["https:\/\/fmamiga909.com.ar\/wp-content\/uploads\/2025\/04\/wp-header-logo-38.png",0,0,false],"large":["https:\/\/fmamiga909.com.ar\/wp-content\/uploads\/2025\/04\/wp-header-logo-38.png",1,1,false],"1536x1536":["https:\/\/fmamiga909.com.ar\/wp-content\/uploads\/2025\/04\/wp-header-logo-38.png",1,1,false],"2048x2048":["https:\/\/fmamiga909.com.ar\/wp-content\/uploads\/2025\/04\/wp-header-logo-38.png",1,1,false],"newsium-slider-full":["https:\/\/fmamiga909.com.ar\/wp-content\/uploads\/2025\/04\/wp-header-logo-38.png",1,1,false],"newsium-featured":["https:\/\/fmamiga909.com.ar\/wp-content\/uploads\/2025\/04\/wp-header-logo-38.png",1,1,false],"newsium-medium":["https:\/\/fmamiga909.com.ar\/wp-content\/uploads\/2025\/04\/wp-header-logo-38.png",1,1,false]},"author_info":{"display_name":"Fredy Giuliano","author_link":"https:\/\/fmamiga909.com.ar\/?author=3"},"category_info":"<a href=\"https:\/\/fmamiga909.com.ar\/?cat=21\" rel=\"category\">Deportes<\/a>","tag_info":"Deportes","comment_count":"0","_links":{"self":[{"href":"https:\/\/fmamiga909.com.ar\/index.php?rest_route=\/wp\/v2\/posts\/19788","targetHints":{"allow":["GET"]}}],"collection":[{"href":"https:\/\/fmamiga909.com.ar\/index.php?rest_route=\/wp\/v2\/posts"}],"about":[{"href":"https:\/\/fmamiga909.com.ar\/index.php?rest_route=\/wp\/v2\/types\/post"}],"author":[{"embeddable":true,"href":"https:\/\/fmamiga909.com.ar\/index.php?rest_route=\/wp\/v2\/users\/3"}],"replies":[{"embeddable":true,"href":"https:\/\/fmamiga909.com.ar\/index.php?rest_route=%2Fwp%2Fv2%2Fcomments&post=19788"}],"version-history":[{"count":0,"href":"https:\/\/fmamiga909.com.ar\/index.php?rest_route=\/wp\/v2\/posts\/19788\/revisions"}],"wp:featuredmedia":[{"embeddable":true,"href":"https:\/\/fmamiga909.com.ar\/index.php?rest_route=\/wp\/v2\/media\/19789"}],"wp:attachment":[{"href":"https:\/\/fmamiga909.com.ar\/index.php?rest_route=%2Fwp%2Fv2%2Fmedia&parent=19788"}],"wp:term":[{"taxonomy":"category","embeddable":true,"href":"https:\/\/fmamiga909.com.ar\/index.php?rest_route=%2Fwp%2Fv2%2Fcategories&post=19788"},{"taxonomy":"post_tag","embeddable":true,"href":"https:\/\/fmamiga909.com.ar\/index.php?rest_route=%2Fwp%2Fv2%2Ftags&post=19788"}],"curies":[{"name":"wp","href":"https:\/\/api.w.org\/{rel}","templated":true}]}}