{"id":19806,"date":"2025-04-05T17:54:04","date_gmt":"2025-04-05T17:54:04","guid":{"rendered":"https:\/\/fmamiga909.com.ar\/?p=19806"},"modified":"2025-04-05T17:54:04","modified_gmt":"2025-04-05T17:54:04","slug":"champions-league-una-pintura-de-cada-serie-de-los-cuartos-de-final","status":"publish","type":"post","link":"https:\/\/fmamiga909.com.ar\/?p=19806","title":{"rendered":"Champions League: una pintura de cada serie de los cuartos de final"},"content":{"rendered":"<div><!-- Body --><\/p>\n<p>Los cuartos de final de la Champions League, el torneo m\u00e1s importante de Europa, comenzar\u00e1n a disputarse este martes. El <b>Bayern M\u00fanich recibir\u00e1 a Inter <\/b>de Mil\u00e1n en el Allianz Arena, desde las 16; mientras que el Arsenal ser\u00e1 local ante el Real Madrid en Anfield. Barcelona, al d\u00eda siguiente y a la misma hora, en el estadio Montjuic, se medir\u00e1 contra el Borussia Dortmund; al mismo tiempo que en Francia, el <b>Aston Villa visitar\u00e1 al Par\u00eds Saint Germain. <\/b>Las revanchas se jugar\u00e1n una semana m\u00e1s tarde, invirtiendo las local\u00edas.<\/p>\n<p>El Bayern y el Inter se enfrentaron en la final de la edici\u00f3n 2010 que se llev\u00f3 a cabo en el Camp Nou, estadio que actualmente est\u00e1 en refacci\u00f3n. El conjunto italiano venci\u00f3 a los alemanes 2\u20130, <b>logrando su tercera Champions, despu\u00e9s de 45 a\u00f1os. <\/b>No obstante, la \u00faltima vez que se vieron las caras, el equipo de Baviera gan\u00f3 los dos duelos en la fase de grupos, pero el del Mil\u00e1n logr\u00f3 trascender y lleg\u00f3 hasta la final, donde cay\u00f3 frente al Manchester City en 2023.<\/p>\n<p>Los presentes de ambos equipos son muy buenos. Los dos son l\u00edderes de sus respectivas ligas, aunque con m\u00e1rgenes muy distintos. Los negriazules <b>le llevan tres unidades de ventaja al Napoli en la Serie A,<\/b> mientras que los b\u00e1varos suman seis puntos de diferencia sobre el Bayer Leverkusen, pero las realidades de ambos en Europa no siguen la l\u00ednea de los campeonatos locales.<\/p>\n<p>El Inter apenas recibi\u00f3 dos goles en toda la Champions, y ahora recuper\u00f3 a su arquero titular <b>Yann Sommer,<\/b> un exfutbolista del Bayern M\u00fanich. Adem\u00e1s, tiene latente el sue\u00f1o de la Triple Corona, ya que tambi\u00e9n se encuentra disputando la Copa Italia. El equipo alem\u00e1n, en cambio, no logr\u00f3 clasificarse entre los ocho primeros, pero jug\u00f3 los playoffs, y en ese marco elimin\u00f3 con lo justo al <b>Celtic de Escocia.<\/b><\/p>\n<p>En este cruce, se espera la presencia de los delanteros argentinos Joaqu\u00edn Correa y <b>Lautaro Mart\u00ednez,<\/b> que se recupera de una molestia muscular. El exRacing suma diez goles en la Serie A y seis en la Champions. No pudo estar en las semifinales contra el Milan por la Copa Italia, ni tampoco tuvo participaci\u00f3n con la Selecci\u00f3n Argentina en la \u00faltima doble fecha de Eliminatorias Sudamericanas por lesi\u00f3n.\u00a0<\/p>\n<p>Mart\u00ednez volver\u00e1 para jugar la ida contra el Bayern que tendr\u00e1 al <b>temible goleador Harry Kane, <\/b>que cuenta con la marca de ser el primer ingl\u00e9s en llegar a diez tantos en una temporada europea, y encabeza la Bundesliga con 21. Adem\u00e1s de contabilizar 77 goles en los 83 encuentros hasta ahora en el club alem\u00e1n.<\/p>\n<div class=\"medium-insert-embeds\">\n<figure>\n<div class=\"medium-insert-embed\">\n<div align=\"center\">\n<figure role=\"group\" class=\"caption caption-drupal-entity\"><figcaption>Emiliano Mart\u00ednez tiene un gran rendimiento en Asto Villa.<\/figcaption><\/figure>\n<\/div><\/div>\n<\/figure>\n<\/div>\n<p>Ambas plantillas sufrir\u00e1n bajas importantes. Del lado del Bayern, el arquero <b>Manuel Neuer <\/b>qued\u00f3 descartado tras sufrir un desgarro en el m\u00fasculo de la pantorrilla derecha, como tambi\u00e9n el canadiense <b>Alphonse Davies, <\/b>que padece una rotura de ligamentos cruzados de la rodilla derecha, y el franc\u00e9s Dayot <b>Upamecano,<\/b> que tiene una molestia en la rodilla izquierda.\u00a0<\/p>\n<p>Por el lado del Inter, deber\u00e1 prescindir de <b>Denzel Dumfries<\/b> debido a una lesi\u00f3n muscular que sufri\u00f3 en el partido contra el Atalanta en marzo pasado. Adem\u00e1s, Marcus Thuram fue desafectado de la Selecci\u00f3n de Francia por una lesi\u00f3n en su tobillo izquierdo, y est\u00e1 afuera de la ida. Tambi\u00e9n se ausentar\u00e1 el mediocampista polaco<b> Piotr Zielinski,<\/b> ya que sufre una distensi\u00f3n en el gemelo de su pierna derecha, y el joven argentino Valent\u00edn Carboni, que est\u00e1 lesionado.<\/p>\n<p>Por su parte, el Real Madrid defiende el t\u00edtulo obtenido el a\u00f1o pasado, cuando le gan\u00f3 en la final al Borussia Dortmund. Para llegar a estas instancias finales, los hombres de <b>Carlo Ancelotti <\/b>tuvieron que llegar hasta la definici\u00f3n por penales para deshacerse del Atl\u00e9tico de Madrid. El Arsenal, por su parte, elimin\u00f3 con holgura al PSV, al que ya hab\u00eda superado 7-1 en Pa\u00edses Bajos en la ida y, posteriormente, empat\u00f3 2-2 en la revancha en Londres.<\/p>\n<p>Es apenas el tercer partido de estos equipos en la Champions. El recuerdo de los anteriores no es bueno para los espa\u00f1oles. En la \u00e9poca de \u00abLos Gal\u00e1cticos\u00bb, con <b>David Beckham, Zinedine Zidane y Ronaldo Nazario, <\/b>se enfrentaron en octavos de final en la temporada 2005\/06. El equipo ingl\u00e9s sali\u00f3 victorioso en la ida con el tanto de Thierry Henry, mientras que en la revancha igualaron sin goles.<\/p>\n<p>El entrenador espa\u00f1ol Mikel Arteta sabe que <b>Bukayo Saka<\/b> no se recuperar\u00e1 a tiempo para los cuartos de final, al igual que <b>Kai Havertz,<\/b> que no estar\u00e1 disponible durante esta temporada por lesi\u00f3n. Ancelotti, por su parte, no contar\u00e1 con Aur\u00e9lien Tchouam\u00e9ni en la ida por acumulaci\u00f3n de tarjetas amarillas, ni tampoco con los lesionados Eder Militao y Dani Carvajal. Pero, en cambio, recuperar\u00e1 a<b> Daniel Ceballos <\/b>tras la lesi\u00f3n muscular en la pierna izquierda sufrida a finales de febrero.<\/p>\n<p>En tanto, el choque entre el Barcelona y Borussia Dortmund tendr\u00e1 una curiosidad especial, porque dos de los tres m\u00e1ximos goleadores de esta Champions se encuentran en esta serie. Por un lado, <b>Raphinha con 11 goles,<\/b> y por el otro Serhou Guirassy con diez. La \u00faltima final del equipo alem\u00e1n fue en 2024, cuando perdi\u00f3 contra el Real Madrid, actual defensor del t\u00edtulo. Los catalanes, por su parte, disputaron su \u00faltimo partido decisivo en la temporada 2004\/05, <b>gan\u00e1ndole a la Juventus de Tur\u00edn,<\/b> final en la cual se enfrentaron Lionel Messi y Carlos Tevez.<\/p>\n<div class=\"medium-insert-embeds\">\n<figure>\n<div class=\"medium-insert-embed\">\n<div align=\"center\">\n<figure role=\"group\" class=\"caption caption-drupal-entity\"><figcaption>Real Madrid es el defensor del t\u00edtulo. Imagen: EFE<\/figcaption><\/figure>\n<\/div><\/div>\n<\/figure>\n<\/div>\n<p>Otra particularidad de esta serie tiene que ver con que el Barcelona a\u00fan no perdi\u00f3 en el 2025. En cambio, el Dortmund intentar\u00e1 salvar su a\u00f1o avanzando a la pr\u00f3xima instancia. El Borussia apostar\u00e1 a sus individualidades como <b>Guirassy, Jamie Gittens y Julian Brandt,<\/b> mientras que el conjunto de Hansi Flick contar\u00e1 con varios de los futbolistas m\u00e1s s\u00f3lidos del mundo como Pedri, Raphinha, Robert Lewandowski y Lamine Yamal.<\/p>\n<p>Por \u00faltimo, se medir\u00e1n el Aston Villa y el Par\u00eds Saint Germain, dos rivales en pleno crecimiento y con presencia argentina, debido a que <b>Emiliano \u00abDibu\u00bb Mart\u00ednez<\/b> atajar\u00e1 en el equipo ingl\u00e9s.<\/p>\n<p>Son varias las curiosidades que tiene este cruce. La primera tiene que ver con <b>Unai Emery, <\/b>ya que el actual entrenador del elenco de Birmingham dirigi\u00f3 al PSG entre 2016 y 2018. De hecho, fue el responsable de la llegada de Kylian Mbapp\u00e9 a Parque de Los Pr\u00edncipes. La segunda se relaciona con el espa\u00f1ol <b>Marco Asensio, <\/b>que es jugador del PSG, pero est\u00e1 a pr\u00e9stamo en el Aston Villa desde el \u00faltimo mercado de pases invernal, sin opci\u00f3n de compra y sin cl\u00e1usula de salida. El delantero ya marc\u00f3 seis goles desde su llegada a Inglaterra.<\/p>\n<p>En el conjunto parisino no estar\u00e1 presente <b>Marquinhos, <\/b>ya que fue amonestado al final del cotejo contra el Liverpool en Anfield. Entonces, por acumulaci\u00f3n de amarillas se perder\u00e1 la ida en Par\u00eds, ya que tambi\u00e9n fue amonestado en el primer encuentro de la fase de grupos ante el Girona (1-0). Adem\u00e1s, ser\u00e1n bajas el arquero Gianluigi Donnarumma, el defensor <b>Lucas Hern\u00e1ndez y el atacante Ousmane Demb\u00e9l\u00e9, <\/b>lo que deja al equipo de Luis Enrique con un plantel mermado. En la vereda de enfrente, el conjunto de Birmingham no contar\u00e1 con figuras como Tyrone Mings y Matty Cash.<\/p>\n<p>Este enfrentamiento ser\u00e1 el primero entre el PSG y Aston Villa en instancias finales de este certamen. Adem\u00e1s, el equipo ingl\u00e9s avanz\u00f3 al menos hasta cuartos de final en sus tres participaciones hist\u00f3ricas en la Champions: cay\u00f3 en esa instancia en 1983 y fue campe\u00f3n en 1982. <b>Luego de 40 a\u00f1os, el Aston Villa se encuentra en la pelea por \u00abLa Orejona\u00bb, <\/b>una Copa que pudo ganar en 1982. Por su parte, el PSG nuevamente disputar\u00e1 instancias finales, como sucede desde la temporada 2012\/13 de manera continua.<\/p>\n<p><!-- Live Blog Post --><\/div>\n<p><a href=\"https:\/\/www.pagina12.com.ar\/815969-champions-league-una-pintura-de-cada-serie-de-los-cuartos-de\">source<\/a><\/p>\n","protected":false},"excerpt":{"rendered":"<p>Los cuartos de final de la Champions League, el torneo m\u00e1s importante de Europa, comenzar\u00e1n&#8230;<\/p>\n","protected":false},"author":3,"featured_media":19807,"comment_status":"closed","ping_status":"closed","sticky":false,"template":"","format":"standard","meta":{"footnotes":""},"categories":[21],"tags":[],"class_list":["post-19806","post","type-post","status-publish","format-standard","has-post-thumbnail","hentry","category-deportes"],"featured_image_urls":{"full":["https:\/\/fmamiga909.com.ar\/wp-content\/uploads\/2025\/04\/wp-header-logo-47.png",960,540,false],"thumbnail":["https:\/\/fmamiga909.com.ar\/wp-content\/uploads\/2025\/04\/wp-header-logo-47-150x150.png",150,150,true],"medium":["https:\/\/fmamiga909.com.ar\/wp-content\/uploads\/2025\/04\/wp-header-logo-47-300x169.png",300,169,true],"medium_large":["https:\/\/fmamiga909.com.ar\/wp-content\/uploads\/2025\/04\/wp-header-logo-47.png",960,540,false],"large":["https:\/\/fmamiga909.com.ar\/wp-content\/uploads\/2025\/04\/wp-header-logo-47.png",640,360,false],"1536x1536":["https:\/\/fmamiga909.com.ar\/wp-content\/uploads\/2025\/04\/wp-header-logo-47.png",960,540,false],"2048x2048":["https:\/\/fmamiga909.com.ar\/wp-content\/uploads\/2025\/04\/wp-header-logo-47.png",960,540,false],"newsium-slider-full":["https:\/\/fmamiga909.com.ar\/wp-content\/uploads\/2025\/04\/wp-header-logo-47.png",960,540,false],"newsium-featured":["https:\/\/fmamiga909.com.ar\/wp-content\/uploads\/2025\/04\/wp-header-logo-47.png",960,540,false],"newsium-medium":["https:\/\/fmamiga909.com.ar\/wp-content\/uploads\/2025\/04\/wp-header-logo-47-720x475.png",720,475,true]},"author_info":{"display_name":"Fredy Giuliano","author_link":"https:\/\/fmamiga909.com.ar\/?author=3"},"category_info":"<a href=\"https:\/\/fmamiga909.com.ar\/?cat=21\" rel=\"category\">Deportes<\/a>","tag_info":"Deportes","comment_count":"0","_links":{"self":[{"href":"https:\/\/fmamiga909.com.ar\/index.php?rest_route=\/wp\/v2\/posts\/19806","targetHints":{"allow":["GET"]}}],"collection":[{"href":"https:\/\/fmamiga909.com.ar\/index.php?rest_route=\/wp\/v2\/posts"}],"about":[{"href":"https:\/\/fmamiga909.com.ar\/index.php?rest_route=\/wp\/v2\/types\/post"}],"author":[{"embeddable":true,"href":"https:\/\/fmamiga909.com.ar\/index.php?rest_route=\/wp\/v2\/users\/3"}],"replies":[{"embeddable":true,"href":"https:\/\/fmamiga909.com.ar\/index.php?rest_route=%2Fwp%2Fv2%2Fcomments&post=19806"}],"version-history":[{"count":0,"href":"https:\/\/fmamiga909.com.ar\/index.php?rest_route=\/wp\/v2\/posts\/19806\/revisions"}],"wp:featuredmedia":[{"embeddable":true,"href":"https:\/\/fmamiga909.com.ar\/index.php?rest_route=\/wp\/v2\/media\/19807"}],"wp:attachment":[{"href":"https:\/\/fmamiga909.com.ar\/index.php?rest_route=%2Fwp%2Fv2%2Fmedia&parent=19806"}],"wp:term":[{"taxonomy":"category","embeddable":true,"href":"https:\/\/fmamiga909.com.ar\/index.php?rest_route=%2Fwp%2Fv2%2Fcategories&post=19806"},{"taxonomy":"post_tag","embeddable":true,"href":"https:\/\/fmamiga909.com.ar\/index.php?rest_route=%2Fwp%2Fv2%2Ftags&post=19806"}],"curies":[{"name":"wp","href":"https:\/\/api.w.org\/{rel}","templated":true}]}}