{"id":19816,"date":"2025-04-05T23:16:50","date_gmt":"2025-04-05T23:16:50","guid":{"rendered":"https:\/\/fmamiga909.com.ar\/?p=19816"},"modified":"2025-04-05T23:16:50","modified_gmt":"2025-04-05T23:16:50","slug":"liga-profesional-boca-va-por-la-remontada-de-local-ante-barracas","status":"publish","type":"post","link":"https:\/\/fmamiga909.com.ar\/?p=19816","title":{"rendered":"Liga Profesional: Boca va por la remontada de local ante Barracas"},"content":{"rendered":"<div><!-- Body --><\/p>\n<p><b>Boca recibir\u00e1 este domingo a Barracas Central<\/b>, en un encuentro correspondiente a la <b>duod\u00e9cima fecha<\/b> del <b>Torneo Apertura<\/b>, con la posibilidad de quedar con un pie y medio en los play-offs.<\/p>\n<p><b>El equipo de Fernando Gago viene de caer <\/b>en su \u00faltima presentaci\u00f3n 2-0 <b>ante Newell&#8217;s<\/b>, en un partido en el que demostr\u00f3 un muy flojo nivel. Este resultado puso fin a la racha de seis victorias consecutivas que arrastraba el conjunto de La Ribera, que adem\u00e1s <b>perdi\u00f3 la primera posici\u00f3n en la Zona A a manos de Tigre.<\/b><\/p>\n<p><b>La principal novedad<\/b> en el 11 titular de Boca <b>ser\u00e1 la presencia del chileno Carlos Palacios<\/b>, que volvi\u00f3 a ser tenido en cuenta luego de su ausencia en Rosario por faltar a un entrenamiento.<\/p>\n<p>La \u00fanicas<b> inc\u00f3gnitas pasan por <\/b>el lateral derecho de<b> la defensa<\/b>, que estar\u00e1 ocupado por el peruano <b>Luis Adv\u00edncula o<\/b> por<b> Lucas Blondel<\/b>, y en la zaga central, donde<b> Rodrigo Battaglia o Lautaro Di Lollo <\/b>acompa\u00f1ar\u00e1n a Marcos Rojo.<\/p>\n<p><b>Barracas Central<\/b>, por su parte, <b>marcha s\u00e9ptimo<\/b> en la Zona A con 17 puntos. En la \u00faltima fecha <b>consigui\u00f3 un muy buen triunfo por 2-0 ante Estudiantes de La Plata.<\/b>\u00a0<\/p>\n<p>El partido comenzar\u00e1 <b>a las 18<\/b> (TV: TNT Sports) <b>en el estadio Alberto J. Armando.<\/b><\/p>\n<h2>Juega el Rojo puntero<\/h2>\n<p><b>Independiente visitar\u00e1 este domingo a Lan\u00fas<\/b>, por la <b>duod\u00e9cima fecha <\/b>de la <b>Liga Profesional<\/b>, con el objetivo asegurarse la clasificaci\u00f3n a los play-offs.<\/p>\n<p>Independiente llega a este encuentro <b>luego de un frustrado debut en la Copa Sudamericana, donde cay\u00f3 2-0 ante Nacional Potos\u00ed de Bolivia.<\/b><\/p>\n<p>Sus s\u00f3lidas presentaciones <b>en el plano local<\/b> le permiti\u00f3 llegar a esta fecha en la primera posici\u00f3n de la Zona B e incluso <b>podr\u00eda sellar su clasificaci\u00f3n en caso de sumar de a tres.<\/b><\/p>\n<p>Pese a que <b>el director t\u00e9cnico Julio Vaccari a\u00fan no confirm\u00f3 la formaci\u00f3n<\/b> para este partido, se especula con una peque\u00f1a rotaci\u00f3n, ya que durante la semana visitar\u00e1n a Boston River de Uruguay y necesitan ganar para no complicarse en la Copa Sudamericana.<\/p>\n<p><b>Lan\u00fas<\/b>, por su parte, <b>llega <\/b>a este encuentro <b>en la s\u00e9ptima posici\u00f3n<\/b> con 14 puntos y buscar\u00e1 un triunfo que lo acerque m\u00e1s a su clasificaci\u00f3n.\u00a0<\/p>\n<p>El Granate <b>tuvo su debut <\/b>esta semana<b> en la Copa Sudamericana con un empate 2-2 ante Puerto Cabello en Venezuela.<\/b>\u00a0El equipo dirigido por Mauricio Pellegrino lleva cinco partidos sin perder en el Torneo Apertura, aunque solo gan\u00f3 uno de ellos.<\/p>\n<p><b>El encuentro est\u00e1 programado para las 15.30<\/b> (TV: ESPN Premium) <b>en<\/b> el Estadio Ciudad de <b>Lan\u00fas<\/b> &#8211; N\u00e9stor D\u00edaz P\u00e9rez.<\/p>\n<h2>La Academia, a ganar o morir<\/h2>\n<p><b>Racing recibir\u00e1 este domingo a Banfield<\/b> por la duod\u00e9cima fecha del Torneo Apertura, <b>con la obligaci\u00f3n de conseguir un triunfo<\/b> que le permita mantenerse en la pelea para clasificar a los play-offs.<\/p>\n<p>Racing, <b>dirigido por Gustavo Costas<\/b>, viene con un andar flojo <b>en el Torneo Apertura<\/b>, donde <b>perdi\u00f3 en cinco de sus \u00faltimas siete presentaciones.<\/b> Es por esto que<b> ocupa el und\u00e9cimo lugar de la Zona A<\/b> y est\u00e1 a cuatro puntos de los puestos de clasificaci\u00f3n.<\/p>\n<p>Sin embargo, este martes <b>debut\u00f3 en la Copa Libertadores con una goleada 3-0 sobre Fortaleza en Brasil<\/b>, por lo que llegar\u00e1n al cruce con el \u00abTaladro\u00bb con mucha confianza.<\/p>\n<p>Debido a la importancia de este partido, que podr\u00eda marcar a fuego el futuro de Racing en el Torneo Apertura, <b>Costas pondr\u00eda a todos los jugadores que suelen ser titulares<\/b> y se destaca el posible regreso de Agust\u00edn Garc\u00eda Basso, clave en la defensa que es baja desde la primera fecha.<\/p>\n<p><b>Banfield<\/b>, por su parte, <b>est\u00e1 teniendo una floj\u00edsima actuaci\u00f3n en el Torneo Apertura<\/b>, donde solo gan\u00f3 en las dos primeras fechas.\u00a0A partir de all\u00ed, empat\u00f3 tres partidos y perdi\u00f3 los seis restantes.\u00a0<\/p>\n<p>Debido a este flojo presente, <b>el Taladro est\u00e1 decimotercero en la Zona A<\/b> con nueve puntos y est\u00e1 pr\u00e1cticamente sin chances de clasificar a los play-offs.<\/p>\n<p>El encuentro comenzar\u00e1 <b>a las 20.15<\/b>  (TV: TNT Sports) <b>en <\/b>el Estadio Presidente Per\u00f3n, de <b>Avellaneda.<\/b><\/p>\n<h2>Duelo en Santa Fe<\/h2>\n<p><b>Uni\u00f3n y Central C\u00f3rdoba<\/b> jugar\u00e1n este domingo <b>desde las 15.30<\/b>  (TV: TNT Sports) <b>en el estadio 15 de Abril de Santa Fe<\/b>, en el marco de la fecha 12 de la Zona A de la <b>Liga Profesional.\u00a0<\/b><\/p>\n<p><b>M\u00e1s all\u00e1 del triunfo ag\u00f3nico ante Cruzeiro en la Copa Sudamericana, el \u00abKily\u00bb Gonz\u00e1lez sigue en la cuerda floja<\/b> producto del mal arranque de temporada.\u00a0<\/p>\n<p>Por el otro lado,<b> el equipo dirigido por Omar De Felippe quiere <\/b>repetir el resultado del a\u00f1o pasado y <b>ganar en Santa Fe.<\/b><\/p>\n<h2>Un Halc\u00f3n en La Paternal<\/h2>\n<p><b>Argentinos Juniors y Defensa y Justicia<\/b>\u00a0se medir\u00e1n este domingo <b>desde las 20.15<\/b>  (TV: ESPN Premium)<b> en el estadio Diego Armando Maradona<\/b>, en el marco de la jornada 12 de la <b>Zona A del Torneo Apertura.\u00a0<\/b><\/p>\n<p>Tanto el Bicho de La Paternal como el Halc\u00f3n de Varela quieren llevarse los tres puntos <b>para no perderle pisada a Tigre, el l\u00edder.<\/b><\/p>\n<p>      <!-- Live Blog Post --><\/div>\n<p><a href=\"https:\/\/www.pagina12.com.ar\/816021-liga-profesional-boca-va-por-la-remontada-de-local-ante-barr\">source<\/a><\/p>\n","protected":false},"excerpt":{"rendered":"<p>Boca recibir\u00e1 este domingo a Barracas Central, en un encuentro correspondiente a la duod\u00e9cima fecha&#8230;<\/p>\n","protected":false},"author":3,"featured_media":19817,"comment_status":"closed","ping_status":"closed","sticky":false,"template":"","format":"standard","meta":{"footnotes":""},"categories":[21],"tags":[],"class_list":["post-19816","post","type-post","status-publish","format-standard","has-post-thumbnail","hentry","category-deportes"],"featured_image_urls":{"full":["https:\/\/fmamiga909.com.ar\/wp-content\/uploads\/2025\/04\/wp-header-logo-52.png",960,540,false],"thumbnail":["https:\/\/fmamiga909.com.ar\/wp-content\/uploads\/2025\/04\/wp-header-logo-52-150x150.png",150,150,true],"medium":["https:\/\/fmamiga909.com.ar\/wp-content\/uploads\/2025\/04\/wp-header-logo-52-300x169.png",300,169,true],"medium_large":["https:\/\/fmamiga909.com.ar\/wp-content\/uploads\/2025\/04\/wp-header-logo-52.png",960,540,false],"large":["https:\/\/fmamiga909.com.ar\/wp-content\/uploads\/2025\/04\/wp-header-logo-52.png",640,360,false],"1536x1536":["https:\/\/fmamiga909.com.ar\/wp-content\/uploads\/2025\/04\/wp-header-logo-52.png",960,540,false],"2048x2048":["https:\/\/fmamiga909.com.ar\/wp-content\/uploads\/2025\/04\/wp-header-logo-52.png",960,540,false],"newsium-slider-full":["https:\/\/fmamiga909.com.ar\/wp-content\/uploads\/2025\/04\/wp-header-logo-52.png",960,540,false],"newsium-featured":["https:\/\/fmamiga909.com.ar\/wp-content\/uploads\/2025\/04\/wp-header-logo-52.png",960,540,false],"newsium-medium":["https:\/\/fmamiga909.com.ar\/wp-content\/uploads\/2025\/04\/wp-header-logo-52-720x475.png",720,475,true]},"author_info":{"display_name":"Fredy Giuliano","author_link":"https:\/\/fmamiga909.com.ar\/?author=3"},"category_info":"<a href=\"https:\/\/fmamiga909.com.ar\/?cat=21\" rel=\"category\">Deportes<\/a>","tag_info":"Deportes","comment_count":"0","_links":{"self":[{"href":"https:\/\/fmamiga909.com.ar\/index.php?rest_route=\/wp\/v2\/posts\/19816","targetHints":{"allow":["GET"]}}],"collection":[{"href":"https:\/\/fmamiga909.com.ar\/index.php?rest_route=\/wp\/v2\/posts"}],"about":[{"href":"https:\/\/fmamiga909.com.ar\/index.php?rest_route=\/wp\/v2\/types\/post"}],"author":[{"embeddable":true,"href":"https:\/\/fmamiga909.com.ar\/index.php?rest_route=\/wp\/v2\/users\/3"}],"replies":[{"embeddable":true,"href":"https:\/\/fmamiga909.com.ar\/index.php?rest_route=%2Fwp%2Fv2%2Fcomments&post=19816"}],"version-history":[{"count":0,"href":"https:\/\/fmamiga909.com.ar\/index.php?rest_route=\/wp\/v2\/posts\/19816\/revisions"}],"wp:featuredmedia":[{"embeddable":true,"href":"https:\/\/fmamiga909.com.ar\/index.php?rest_route=\/wp\/v2\/media\/19817"}],"wp:attachment":[{"href":"https:\/\/fmamiga909.com.ar\/index.php?rest_route=%2Fwp%2Fv2%2Fmedia&parent=19816"}],"wp:term":[{"taxonomy":"category","embeddable":true,"href":"https:\/\/fmamiga909.com.ar\/index.php?rest_route=%2Fwp%2Fv2%2Fcategories&post=19816"},{"taxonomy":"post_tag","embeddable":true,"href":"https:\/\/fmamiga909.com.ar\/index.php?rest_route=%2Fwp%2Fv2%2Ftags&post=19816"}],"curies":[{"name":"wp","href":"https:\/\/api.w.org\/{rel}","templated":true}]}}