{"id":19820,"date":"2025-04-06T00:30:25","date_gmt":"2025-04-06T00:30:25","guid":{"rendered":"https:\/\/fmamiga909.com.ar\/?p=19820"},"modified":"2025-04-06T00:30:25","modified_gmt":"2025-04-06T00:30:25","slug":"liga-profesional-talleres-batio-a-gimnasia-y-se-metio-en-play-offs","status":"publish","type":"post","link":"https:\/\/fmamiga909.com.ar\/?p=19820","title":{"rendered":"Liga Profesional: Talleres bati\u00f3 a Gimnasia y se meti\u00f3 en play-offs"},"content":{"rendered":"<div><!-- Body --><\/p>\n<p><b>En el debut de Pablo Gui\u00f1az\u00fa como DT interino, Talleres venci\u00f3 2-0 a Gimnasia La Plata<\/b> <b>en el<\/b> estadio <b>Mario Alberto Kempes<\/b>,\u00a0por la <b>fecha 12<\/b> del Torneo Apertura.\u00a0<\/p>\n<p>Fue un <b>partido clave para el equipo cordob\u00e9s, que necesitaba sumar de a tres para seguir con vida<\/b> en la lucha por la clasificaci\u00f3n\u00a0<b>en la Zona B.<\/b><\/p>\n<p><b>La T mostr\u00f3 personalidad desde el arranque y r\u00e1pidamente<\/b> encontr\u00f3 la ventaja. A los 16 minutos, un corner\u00a0<b>encontr\u00f3 la cabeza de Augusto Schott, quien con precisi\u00f3n abri\u00f3 el marcador\u00a0<\/b>para los locales.<\/p>\n<p><b>El segundo tanto lleg\u00f3 en el complemento, tras<\/b> una pol\u00e9mica jugada en el \u00e1rea que fue revisada por el VAR. El \u00e1rbitro sancion\u00f3 <b>penal a favor de Talleres. Nahuel Bustos se hizo cargo <\/b>del remate, que <b>fue tapado por Nelson Insfr\u00e1n, pero\u00a0el rebote le qued\u00f3 servido a Ulises Ortegoza, que no perdon\u00f3 <\/b>y decret\u00f3 el 2-0 definitivo.<\/p>\n<p><iframe style=\"border: 0px; position: absolute; top: 0px; left: 0px; height: 100%;\" allowfullscreen=\"\" frameborder=\"0\" src=\"https:\/\/www.youtube.com\/embed\/nh2yM2FNEdk\"><\/iframe><\/p>\n<p>Gracias a ese gol, el equipo de C\u00f3rdoba respir\u00f3 aliviado y termin\u00f3 de sellar un triunfo vital. <b>Con esta victoria, la T alcanz\u00f3 los 12 puntos y super\u00f3 justamente a Gimnasia por diferencia de gol. <\/b>Ahora se ubica en el octavo lugar de la Zona B, el \u00faltimo que otorga un boleto a los octavos de final. <\/p>\n<p><b>El pr\u00f3ximo desaf\u00edo para Talleres ser\u00e1 por la Copa Libertadores, cuando visite a Libertad de Paraguay. <\/b>El partido se jugar\u00e1 <b>este martes en Asunci\u00f3n<\/b>, y ser\u00e1 clave para el futuro del equipo en el certamen continental.<\/p>\n<p><b>Gimnasia<\/b> complic\u00f3 su situaci\u00f3n en la tabla y ahora <b>se jugar\u00e1 <\/b>mucho m\u00e1s que<b> el honor en el Cl\u00e1sico de La Plata,\u00a0<\/b>ya que <b>debe recibir <\/b>en la pr\u00f3xima fecha <b>a Estudiantes en el Bosque con la obligaci\u00f3n de ganar.<\/b><\/p>\n<p>      <!-- Live Blog Post --><\/div>\n<p><a href=\"https:\/\/www.pagina12.com.ar\/816050-liga-profesional-talleres-batio-a-gimnasia-y-se-metio-en-pla\">source<\/a><\/p>\n","protected":false},"excerpt":{"rendered":"<p>En el debut de Pablo Gui\u00f1az\u00fa como DT interino, Talleres venci\u00f3 2-0 a Gimnasia La&#8230;<\/p>\n","protected":false},"author":3,"featured_media":19821,"comment_status":"closed","ping_status":"closed","sticky":false,"template":"","format":"standard","meta":{"footnotes":""},"categories":[21],"tags":[],"class_list":["post-19820","post","type-post","status-publish","format-standard","has-post-thumbnail","hentry","category-deportes"],"featured_image_urls":{"full":["https:\/\/fmamiga909.com.ar\/wp-content\/uploads\/2025\/04\/wp-header-logo-54.png",960,540,false],"thumbnail":["https:\/\/fmamiga909.com.ar\/wp-content\/uploads\/2025\/04\/wp-header-logo-54-150x150.png",150,150,true],"medium":["https:\/\/fmamiga909.com.ar\/wp-content\/uploads\/2025\/04\/wp-header-logo-54-300x169.png",300,169,true],"medium_large":["https:\/\/fmamiga909.com.ar\/wp-content\/uploads\/2025\/04\/wp-header-logo-54.png",960,540,false],"large":["https:\/\/fmamiga909.com.ar\/wp-content\/uploads\/2025\/04\/wp-header-logo-54.png",640,360,false],"1536x1536":["https:\/\/fmamiga909.com.ar\/wp-content\/uploads\/2025\/04\/wp-header-logo-54.png",960,540,false],"2048x2048":["https:\/\/fmamiga909.com.ar\/wp-content\/uploads\/2025\/04\/wp-header-logo-54.png",960,540,false],"newsium-slider-full":["https:\/\/fmamiga909.com.ar\/wp-content\/uploads\/2025\/04\/wp-header-logo-54.png",960,540,false],"newsium-featured":["https:\/\/fmamiga909.com.ar\/wp-content\/uploads\/2025\/04\/wp-header-logo-54.png",960,540,false],"newsium-medium":["https:\/\/fmamiga909.com.ar\/wp-content\/uploads\/2025\/04\/wp-header-logo-54-720x475.png",720,475,true]},"author_info":{"display_name":"Fredy Giuliano","author_link":"https:\/\/fmamiga909.com.ar\/?author=3"},"category_info":"<a href=\"https:\/\/fmamiga909.com.ar\/?cat=21\" rel=\"category\">Deportes<\/a>","tag_info":"Deportes","comment_count":"0","_links":{"self":[{"href":"https:\/\/fmamiga909.com.ar\/index.php?rest_route=\/wp\/v2\/posts\/19820","targetHints":{"allow":["GET"]}}],"collection":[{"href":"https:\/\/fmamiga909.com.ar\/index.php?rest_route=\/wp\/v2\/posts"}],"about":[{"href":"https:\/\/fmamiga909.com.ar\/index.php?rest_route=\/wp\/v2\/types\/post"}],"author":[{"embeddable":true,"href":"https:\/\/fmamiga909.com.ar\/index.php?rest_route=\/wp\/v2\/users\/3"}],"replies":[{"embeddable":true,"href":"https:\/\/fmamiga909.com.ar\/index.php?rest_route=%2Fwp%2Fv2%2Fcomments&post=19820"}],"version-history":[{"count":0,"href":"https:\/\/fmamiga909.com.ar\/index.php?rest_route=\/wp\/v2\/posts\/19820\/revisions"}],"wp:featuredmedia":[{"embeddable":true,"href":"https:\/\/fmamiga909.com.ar\/index.php?rest_route=\/wp\/v2\/media\/19821"}],"wp:attachment":[{"href":"https:\/\/fmamiga909.com.ar\/index.php?rest_route=%2Fwp%2Fv2%2Fmedia&parent=19820"}],"wp:term":[{"taxonomy":"category","embeddable":true,"href":"https:\/\/fmamiga909.com.ar\/index.php?rest_route=%2Fwp%2Fv2%2Fcategories&post=19820"},{"taxonomy":"post_tag","embeddable":true,"href":"https:\/\/fmamiga909.com.ar\/index.php?rest_route=%2Fwp%2Fv2%2Ftags&post=19820"}],"curies":[{"name":"wp","href":"https:\/\/api.w.org\/{rel}","templated":true}]}}