{"id":19886,"date":"2025-04-09T00:07:15","date_gmt":"2025-04-09T00:07:15","guid":{"rendered":"https:\/\/fmamiga909.com.ar\/?p=19886"},"modified":"2025-04-09T00:07:15","modified_gmt":"2025-04-09T00:07:15","slug":"dibu-martinez-piso-francia-y-calienta-la-previa-con-el-psg","status":"publish","type":"post","link":"https:\/\/fmamiga909.com.ar\/?p=19886","title":{"rendered":"&quot;Dibu&quot; Mart\u00ednez pis\u00f3 Francia y calienta la previa con el PSG"},"content":{"rendered":"<div><!-- Body --><\/p>\n<p><b><a href=\"https:\/\/www.pagina12.com.ar\/814534-emiliano-dibu-martinez-cumplio-200-partidos-con-el-aston-vil\">Emiliano \u00abDibu\u00bb Mart\u00ednez <\/a><\/b>es una persona no grata para los franceses, desde su lucida actuaci\u00f3n en la final del Mundial de Qatar que Argentina le gan\u00f3 a Les Bleus, y se lo hacen saber cada vez que pisa el suelo galo. Atento a este clima hostil y a las cr\u00edticas que recibi\u00f3 en la previa, <b>el arquero marplatense arrib\u00f3 a Par\u00eds<\/b>, donde su equipo Aston Villa enfrentar\u00e1 este mi\u00e9rcoles al PSG por los cuartos de final de la Champions League, con un atuendo muy particular.\u00a0<b>Baj\u00f3 del avi\u00f3n con una gorra de la Albiceleste que ostenta los cuatro t\u00edtulos ganados por La Scaloneta:<\/b> la Copa del Mundo, las dos Copa Am\u00e9rica y la Finalissima.<\/p>\n<p>Este detalle no pas\u00f3 desapercibido y caus\u00f3 revuelo en los medios locales: \u201cEl gui\u00f1o de Emiliano Mart\u00ednez, que lleva una gorra en honor a Argentina para su llegada a Francia\u201d, public\u00f3 RMC, alertando. Pero eso no fue todo, en los d\u00edas previos, la prensa ya le hab\u00eda dedicado varios t\u00edtulos al argentino: la revista <b><i>So Foot<\/i><\/b>\u00a0<b>le dedic\u00f3 un art\u00edculo entero, <\/b>que iniciaba con la siguiente frase:\u00a0\u00abP\u00e1rpados muy abiertos, pupilas dilatadas, ojos que salen de sus \u00f3rbitas, girando como una atracci\u00f3n de un parque de diversiones: si ve alguno de estos signos en el rostro de Emiliano Mart\u00ednez, tenga cuidado. <b>Est\u00e1 a punto de detener su penalti o est\u00e1 a punto de bailar sobre su cad\u00e1ver<\/b>. Es adrenalina. Y tambi\u00e9n su manera de expresarse\u201d.<\/p>\n<p>Por otra parte, el magazine <i><b>Get French Football News<\/b> <\/i>fue m\u00e1s duro y concreto, al titular que Mart\u00ednez <b>es el \u00ab<i>enemigo p\u00fablico n\u00famero uno<\/i>\u00ab.<\/b> Adem\u00e1s, pronosticaron \u00ab<i>recepci\u00f3n hostil por parte del Stade Pierre-Mauroy<\/i>\u00bb ya que los hinchas \u00ab<i>tendr\u00e1n una oportunidad real de expresar algo de su enojo anterior<\/i>\u201d.<\/p>\n<p>La presencia de \u00abEl Dibu\u00bb tambi\u00e9n tuvo incidencia en las conferencias de prensa previas al duelo por la Orejona. D\u00e9sir\u00e9 Dou\u00e9, figura del PSG, le quit\u00f3 importancia al rol del argentino, que viene teniendo un gran desempe\u00f1o debajo de los tres palos: <b>\u201cEs un portero como cualquier otro<\/b>. A\u00fan no me he enfrentado a \u00e9l. El objetivo ser\u00e1 marcarle tantos goles como sea posible\u201d.<\/p>\n<p><b>Esta ser\u00e1 la tercera ocasi\u00f3n en que el arquero de la Scaloneta juegue en Francia<\/b> tras el Mundial de Qatar. La primera fue el a\u00f1o pasado en cuartos de final de la Conference League frente al Lille, donde el argentino fue silbado y abucheado durante todo el partido.<\/p>\n<p>La segunda fue en enero de este a\u00f1o, cuando su equipo jug\u00f3 frente al M\u00f3naco en el Principado por la s\u00e9ptima jornada de la Champions League. En esa ocasi\u00f3n, la hostilidad de los hinchas se hizo presente nuevamente.\u00a0<\/p>\n<p>Para el partido de este mi\u00e9rcoles, cuando Aston Villa se enfrente al PSG por los cuartos de final de la Champions League, se espera un clima similar. Solo resta saber cu\u00e1l ser\u00e1 la actitud de \u00abEl Dibu\u00bb, que suele responder con destacadas actuaciones dentro de la cancha.\u00a0<\/p>\n<p><!-- Live Blog Post --><\/div>\n<p><a href=\"https:\/\/www.pagina12.com.ar\/816737-dibu-martinez-piso-francia-y-calienta-la-previa-con-el-psg\">source<\/a><\/p>\n","protected":false},"excerpt":{"rendered":"<p>Emiliano \u00abDibu\u00bb Mart\u00ednez es una persona no grata para los franceses, desde su lucida actuaci\u00f3n&#8230;<\/p>\n","protected":false},"author":3,"featured_media":19887,"comment_status":"closed","ping_status":"closed","sticky":false,"template":"","format":"standard","meta":{"footnotes":""},"categories":[21],"tags":[],"class_list":["post-19886","post","type-post","status-publish","format-standard","has-post-thumbnail","hentry","category-deportes"],"featured_image_urls":{"full":["https:\/\/fmamiga909.com.ar\/wp-content\/uploads\/2025\/04\/wp-header-logo-87.png",960,540,false],"thumbnail":["https:\/\/fmamiga909.com.ar\/wp-content\/uploads\/2025\/04\/wp-header-logo-87-150x150.png",150,150,true],"medium":["https:\/\/fmamiga909.com.ar\/wp-content\/uploads\/2025\/04\/wp-header-logo-87-300x169.png",300,169,true],"medium_large":["https:\/\/fmamiga909.com.ar\/wp-content\/uploads\/2025\/04\/wp-header-logo-87.png",960,540,false],"large":["https:\/\/fmamiga909.com.ar\/wp-content\/uploads\/2025\/04\/wp-header-logo-87.png",640,360,false],"1536x1536":["https:\/\/fmamiga909.com.ar\/wp-content\/uploads\/2025\/04\/wp-header-logo-87.png",960,540,false],"2048x2048":["https:\/\/fmamiga909.com.ar\/wp-content\/uploads\/2025\/04\/wp-header-logo-87.png",960,540,false],"newsium-slider-full":["https:\/\/fmamiga909.com.ar\/wp-content\/uploads\/2025\/04\/wp-header-logo-87.png",960,540,false],"newsium-featured":["https:\/\/fmamiga909.com.ar\/wp-content\/uploads\/2025\/04\/wp-header-logo-87.png",960,540,false],"newsium-medium":["https:\/\/fmamiga909.com.ar\/wp-content\/uploads\/2025\/04\/wp-header-logo-87-720x475.png",720,475,true]},"author_info":{"display_name":"Fredy Giuliano","author_link":"https:\/\/fmamiga909.com.ar\/?author=3"},"category_info":"<a href=\"https:\/\/fmamiga909.com.ar\/?cat=21\" rel=\"category\">Deportes<\/a>","tag_info":"Deportes","comment_count":"0","_links":{"self":[{"href":"https:\/\/fmamiga909.com.ar\/index.php?rest_route=\/wp\/v2\/posts\/19886","targetHints":{"allow":["GET"]}}],"collection":[{"href":"https:\/\/fmamiga909.com.ar\/index.php?rest_route=\/wp\/v2\/posts"}],"about":[{"href":"https:\/\/fmamiga909.com.ar\/index.php?rest_route=\/wp\/v2\/types\/post"}],"author":[{"embeddable":true,"href":"https:\/\/fmamiga909.com.ar\/index.php?rest_route=\/wp\/v2\/users\/3"}],"replies":[{"embeddable":true,"href":"https:\/\/fmamiga909.com.ar\/index.php?rest_route=%2Fwp%2Fv2%2Fcomments&post=19886"}],"version-history":[{"count":0,"href":"https:\/\/fmamiga909.com.ar\/index.php?rest_route=\/wp\/v2\/posts\/19886\/revisions"}],"wp:featuredmedia":[{"embeddable":true,"href":"https:\/\/fmamiga909.com.ar\/index.php?rest_route=\/wp\/v2\/media\/19887"}],"wp:attachment":[{"href":"https:\/\/fmamiga909.com.ar\/index.php?rest_route=%2Fwp%2Fv2%2Fmedia&parent=19886"}],"wp:term":[{"taxonomy":"category","embeddable":true,"href":"https:\/\/fmamiga909.com.ar\/index.php?rest_route=%2Fwp%2Fv2%2Fcategories&post=19886"},{"taxonomy":"post_tag","embeddable":true,"href":"https:\/\/fmamiga909.com.ar\/index.php?rest_route=%2Fwp%2Fv2%2Ftags&post=19886"}],"curies":[{"name":"wp","href":"https:\/\/api.w.org\/{rel}","templated":true}]}}