{"id":19992,"date":"2025-04-13T22:41:11","date_gmt":"2025-04-13T22:41:11","guid":{"rendered":"https:\/\/fmamiga909.com.ar\/?p=19992"},"modified":"2025-04-13T22:41:11","modified_gmt":"2025-04-13T22:41:11","slug":"liga-profesional-real-madrid-batio-al-alaves-pero-perdio-a-mbappe","status":"publish","type":"post","link":"https:\/\/fmamiga909.com.ar\/?p=19992","title":{"rendered":"Liga Profesional: Real Madrid bati\u00f3 al Alav\u00e9s, pero perdi\u00f3 a Mbapp\u00e9"},"content":{"rendered":"<div><!-- Body --><\/p>\n<p>El <b>Real Madrid obtuvo una imprescindible victoria 1-0<\/b> este domingo en Mendizorroza <b>ante el Alav\u00e9s<\/b> con un tanto del franc\u00e9s Eduardo Camavinga <b>que le permite seguir en la lucha por el t\u00edtulo a cuatro puntos del Barcelona<\/b>, <b>pero perdi\u00f3 a Kylian Mbapp\u00e9, expulsado<\/b> a los 38 minutos por una dura entrada a Antonio Blanco; fue la cuarta expulsi\u00f3n en la carrera del franc\u00e9s.<\/p>\n<p>La peligrosa acci\u00f3n de Mbapp\u00e9 fue castigada inicialmente con amarilla, y tras acudir al VAR con la roja directa, lo que complic\u00f3 a\u00fan m\u00e1s el partido para <b>el Merengue, sin<\/b> el brasile\u00f1o <b>Vinicius ni <\/b>el ingl\u00e9s <b>Jude Bellingham<\/b>, <b>en el banco<\/b> de entrada debido a las rotaciones <b>ante el choque del mi\u00e9rcoles frente al Arsenal por Champions League.<\/b><\/p>\n<p>Para entonces el \u00e1rbitro ya hab\u00eda anulado un tanto de Ra\u00fal Asencio por falta previa del alem\u00e1n Antonio R\u00fcdiger. Al final,\u00a0<b>Real Madrid pudo aplacar a los hombres de Eduardo \u00abChacho\u00bb Coudet, necesitados <\/b>de la victoria <b>en su lucha desesperada por alejarse del descenso.<\/b><\/p>\n<p><iframe style=\"border: 0px; position: absolute; top: 0px; left: 0px; height: 100%;\" allowfullscreen=\"\" frameborder=\"0\" src=\"https:\/\/www.youtube.com\/embed\/gft82DehYXs\"><\/iframe><\/p>\n<p><b>Tambi\u00e9n por la fecha 31 de la Liga de Espa\u00f1a, el Athl\u00e9tic Bilbao<\/b>, cuarto clasificado, <b>se reencontr\u00f3 con una victoria 3-1 al Rayo Vallecano de Augusto Batalla.\u00a0<\/b><\/p>\n<p>En un penal para la visita, Unai Sim\u00f3n despej\u00f3 el tiro de Pedro D\u00edaz, pero el rechazo lo aprovech\u00f3 el senegal\u00e9s Pathe Ciss. La remontada fue con Oihan Sancet, que marc\u00f3 dos, el primero de penal; Nico Williams sentenci\u00f3 el pleito.\u00a0<\/p>\n<p><iframe style=\"border: 0px; position: absolute; top: 0px; left: 0px; height: 100%;\" allowfullscreen=\"\" frameborder=\"0\" src=\"https:\/\/www.youtube.com\/embed\/RhQzm0Yp87o\"><\/iframe><\/p>\n<p><b>El Villarreal de Juan Foyth venci\u00f3 2-1 al Betis<\/b> en el Benito Villamar\u00edn.\u00a0Aitor Ruibal marc\u00f3 en el inicio del juego para el local, <b>que tuvo el ingreso de Giovani Lo Celso<\/b>, pero el Submarino Amarillo lo remont\u00f3 con los goles del franc\u00e9s Thierno Barry y de Ayoze P\u00e9rez.<\/p>\n<p><iframe style=\"border: 0px; position: absolute; top: 0px; left: 0px; height: 100%;\" allowfullscreen=\"\" frameborder=\"0\" src=\"https:\/\/www.youtube.com\/embed\/srvLX8qJwCc\"><\/iframe><\/p>\n<p><b>Por \u00faltimo, hubo triunfo 2-1 de Osasuna ante el Girona de Paulo Gazzaniga<\/b>, separado de la zona roja en tan s\u00f3lo cinco puntos. El croata Ante Budimir encarril\u00f3 la victoria y la culmin\u00f3 Pablo Ib\u00e1\u00f1ez; la visita acort\u00f3 distancias por medio del colombiano Y\u00e1ser Asprilla.<\/p>\n<p><iframe style=\"border: 0px; position: absolute; top: 0px; left: 0px; height: 100%;\" allowfullscreen=\"\" frameborder=\"0\" src=\"https:\/\/www.youtube.com\/embed\/EsPAngRb7Q8\"><\/iframe><\/p>\n<p><b>Este lunes<\/b> desde las 16, <b>el Atl\u00e9tico Madrid de Diego Simeone <\/b>y su legi\u00f3n argentina <b>recibir\u00e1 al Valladolid.<\/b><\/p>\n<h2>Posiciones en la Liga de Espa\u00f1a<\/h2>\n<p>      <!-- Live Blog Post --><\/div>\n<p><a href=\"https:\/\/www.pagina12.com.ar\/817936-liga-profesional-real-madrid-gano-al-alaves-pero-perdio-a-mb\">source<\/a><\/p>\n","protected":false},"excerpt":{"rendered":"<p>El Real Madrid obtuvo una imprescindible victoria 1-0 este domingo en Mendizorroza ante el Alav\u00e9s&#8230;<\/p>\n","protected":false},"author":3,"featured_media":19993,"comment_status":"closed","ping_status":"closed","sticky":false,"template":"","format":"standard","meta":{"footnotes":""},"categories":[21],"tags":[],"class_list":["post-19992","post","type-post","status-publish","format-standard","has-post-thumbnail","hentry","category-deportes"],"featured_image_urls":{"full":["https:\/\/fmamiga909.com.ar\/wp-content\/uploads\/2025\/04\/wp-header-logo-137.png",960,540,false],"thumbnail":["https:\/\/fmamiga909.com.ar\/wp-content\/uploads\/2025\/04\/wp-header-logo-137-150x150.png",150,150,true],"medium":["https:\/\/fmamiga909.com.ar\/wp-content\/uploads\/2025\/04\/wp-header-logo-137-300x169.png",300,169,true],"medium_large":["https:\/\/fmamiga909.com.ar\/wp-content\/uploads\/2025\/04\/wp-header-logo-137.png",960,540,false],"large":["https:\/\/fmamiga909.com.ar\/wp-content\/uploads\/2025\/04\/wp-header-logo-137.png",640,360,false],"1536x1536":["https:\/\/fmamiga909.com.ar\/wp-content\/uploads\/2025\/04\/wp-header-logo-137.png",960,540,false],"2048x2048":["https:\/\/fmamiga909.com.ar\/wp-content\/uploads\/2025\/04\/wp-header-logo-137.png",960,540,false],"newsium-slider-full":["https:\/\/fmamiga909.com.ar\/wp-content\/uploads\/2025\/04\/wp-header-logo-137.png",960,540,false],"newsium-featured":["https:\/\/fmamiga909.com.ar\/wp-content\/uploads\/2025\/04\/wp-header-logo-137.png",960,540,false],"newsium-medium":["https:\/\/fmamiga909.com.ar\/wp-content\/uploads\/2025\/04\/wp-header-logo-137-720x475.png",720,475,true]},"author_info":{"display_name":"Fredy Giuliano","author_link":"https:\/\/fmamiga909.com.ar\/?author=3"},"category_info":"<a href=\"https:\/\/fmamiga909.com.ar\/?cat=21\" rel=\"category\">Deportes<\/a>","tag_info":"Deportes","comment_count":"0","_links":{"self":[{"href":"https:\/\/fmamiga909.com.ar\/index.php?rest_route=\/wp\/v2\/posts\/19992","targetHints":{"allow":["GET"]}}],"collection":[{"href":"https:\/\/fmamiga909.com.ar\/index.php?rest_route=\/wp\/v2\/posts"}],"about":[{"href":"https:\/\/fmamiga909.com.ar\/index.php?rest_route=\/wp\/v2\/types\/post"}],"author":[{"embeddable":true,"href":"https:\/\/fmamiga909.com.ar\/index.php?rest_route=\/wp\/v2\/users\/3"}],"replies":[{"embeddable":true,"href":"https:\/\/fmamiga909.com.ar\/index.php?rest_route=%2Fwp%2Fv2%2Fcomments&post=19992"}],"version-history":[{"count":0,"href":"https:\/\/fmamiga909.com.ar\/index.php?rest_route=\/wp\/v2\/posts\/19992\/revisions"}],"wp:featuredmedia":[{"embeddable":true,"href":"https:\/\/fmamiga909.com.ar\/index.php?rest_route=\/wp\/v2\/media\/19993"}],"wp:attachment":[{"href":"https:\/\/fmamiga909.com.ar\/index.php?rest_route=%2Fwp%2Fv2%2Fmedia&parent=19992"}],"wp:term":[{"taxonomy":"category","embeddable":true,"href":"https:\/\/fmamiga909.com.ar\/index.php?rest_route=%2Fwp%2Fv2%2Fcategories&post=19992"},{"taxonomy":"post_tag","embeddable":true,"href":"https:\/\/fmamiga909.com.ar\/index.php?rest_route=%2Fwp%2Fv2%2Ftags&post=19992"}],"curies":[{"name":"wp","href":"https:\/\/api.w.org\/{rel}","templated":true}]}}