{"id":20038,"date":"2025-04-15T22:04:33","date_gmt":"2025-04-15T22:04:33","guid":{"rendered":"https:\/\/fmamiga909.com.ar\/?p=20038"},"modified":"2025-04-15T22:04:33","modified_gmt":"2025-04-15T22:04:33","slug":"duras-sanciones-para-hinchas-de-colo-colo-que-invadieron-la-cancha","status":"publish","type":"post","link":"https:\/\/fmamiga909.com.ar\/?p=20038","title":{"rendered":"Duras sanciones para hinchas de Colo Colo que invadieron la cancha"},"content":{"rendered":"<div><!-- Body --><\/p>\n<p>M\u00e1s de veinte hinchas de Colo Colo que fueron identificados tras la invasi\u00f3n al campo de juego en el estadio Monumental durante el partido ante Fortaleza por la Copa Libertadores recibir\u00e1n sanciones de hasta 18 a\u00f1os de prohibici\u00f3n de ingreso a las canchas.<\/p>\n<p>As\u00ed lo anunci\u00f3 el presidente de la Asociaci\u00f3n Nacional de F\u00fatbol de Chile (ANFP), Pablo Milad, quien, tras una reuni\u00f3n con el Ministerio de Seguridad, se\u00f1al\u00f3: \u00abTenemos identificadas a m\u00e1s de 20 personas que van a tener una prohibici\u00f3n promedio de 12 a\u00f1os sin ingresar a los estadios de Chile e internacionalmente, lo queremos hacer tambi\u00e9n a trav\u00e9s de la Conmebol\u00bb.<\/p>\n<p>Seg\u00fan informaron los medios de Chile, el dirigente de la ANFP detall\u00f3 que algunos \u00abson menores de edad\u00bb y que los castigos var\u00edan entre los 6, 12 y 18 a\u00f1os de veto \u00abpor destrucci\u00f3n, ataque a la propiedad p\u00fablica, vandalismo e ingreso a la cancha. Todo est\u00e1 tipificado en la planificaci\u00f3n que hicimos aprobada por el Consejo de presidentes\u00bb.<\/p>\n<p><iframe style=\"border: 0px; position: absolute; top: 0px; left: 0px; height: 100%;\" allowfullscreen=\"\" frameborder=\"0\" src=\"https:\/\/www.youtube.com\/embed\/Slvz0iNzJaE\"><\/iframe><\/p>\n<p>La medida fue tomada luego de la crisis originada con el fallecimiento de dos j\u00f3venes de 12 y 18 a\u00f1os, en medio de una avalancha antes del inicio del encuentro por la Copa Libertadores cuando hinchas de Colo Colo intentaron ingresar por la fuerza a las gradas y la polic\u00eda respondi\u00f3 con carros blindados.<\/p>\n<p>Los j\u00f3venes que murieron en el pa\u00eds trasandino hab\u00edan quedado atrapados debajo del cerco perimetral. Seg\u00fan fuentes oficiales, las fuerzas de seguridad reprimieron con agua a presi\u00f3n desde veh\u00edculos blindados, lo que derrib\u00f3 las rejas que los aplast\u00f3,\u00a0aunque los familiares de uno de los fallecidos denunciaron que luego un cami\u00f3n de Carabineros los arroll\u00f3 mientras estaban atrapados. Por el hecho hay un efectivo imputado.<\/p>\n<p>La situaci\u00f3n deriv\u00f3 en que un grupo de barrabravas de Colo Colo invadi\u00f3 el campo de juego en el estadio Monumental en protesta por la muerte de los hinchas, que provoc\u00f3 la suspensi\u00f3n del partido.<\/p>\n<p><!-- Live Blog Post --><\/div>\n<p><a href=\"https:\/\/www.pagina12.com.ar\/818454-duras-sanciones-para-hinchas-de-colo-colo-que-invadieron-la-\">source<\/a><\/p>\n","protected":false},"excerpt":{"rendered":"<p>M\u00e1s de veinte hinchas de Colo Colo que fueron identificados tras la invasi\u00f3n al campo&#8230;<\/p>\n","protected":false},"author":3,"featured_media":20039,"comment_status":"closed","ping_status":"closed","sticky":false,"template":"","format":"standard","meta":{"footnotes":""},"categories":[21],"tags":[],"class_list":["post-20038","post","type-post","status-publish","format-standard","has-post-thumbnail","hentry","category-deportes"],"featured_image_urls":{"full":["https:\/\/fmamiga909.com.ar\/wp-content\/uploads\/2025\/04\/wp-header-logo-160.png",960,540,false],"thumbnail":["https:\/\/fmamiga909.com.ar\/wp-content\/uploads\/2025\/04\/wp-header-logo-160-150x150.png",150,150,true],"medium":["https:\/\/fmamiga909.com.ar\/wp-content\/uploads\/2025\/04\/wp-header-logo-160-300x169.png",300,169,true],"medium_large":["https:\/\/fmamiga909.com.ar\/wp-content\/uploads\/2025\/04\/wp-header-logo-160.png",960,540,false],"large":["https:\/\/fmamiga909.com.ar\/wp-content\/uploads\/2025\/04\/wp-header-logo-160.png",640,360,false],"1536x1536":["https:\/\/fmamiga909.com.ar\/wp-content\/uploads\/2025\/04\/wp-header-logo-160.png",960,540,false],"2048x2048":["https:\/\/fmamiga909.com.ar\/wp-content\/uploads\/2025\/04\/wp-header-logo-160.png",960,540,false],"newsium-slider-full":["https:\/\/fmamiga909.com.ar\/wp-content\/uploads\/2025\/04\/wp-header-logo-160.png",960,540,false],"newsium-featured":["https:\/\/fmamiga909.com.ar\/wp-content\/uploads\/2025\/04\/wp-header-logo-160.png",960,540,false],"newsium-medium":["https:\/\/fmamiga909.com.ar\/wp-content\/uploads\/2025\/04\/wp-header-logo-160-720x475.png",720,475,true]},"author_info":{"display_name":"Fredy Giuliano","author_link":"https:\/\/fmamiga909.com.ar\/?author=3"},"category_info":"<a href=\"https:\/\/fmamiga909.com.ar\/?cat=21\" rel=\"category\">Deportes<\/a>","tag_info":"Deportes","comment_count":"0","_links":{"self":[{"href":"https:\/\/fmamiga909.com.ar\/index.php?rest_route=\/wp\/v2\/posts\/20038","targetHints":{"allow":["GET"]}}],"collection":[{"href":"https:\/\/fmamiga909.com.ar\/index.php?rest_route=\/wp\/v2\/posts"}],"about":[{"href":"https:\/\/fmamiga909.com.ar\/index.php?rest_route=\/wp\/v2\/types\/post"}],"author":[{"embeddable":true,"href":"https:\/\/fmamiga909.com.ar\/index.php?rest_route=\/wp\/v2\/users\/3"}],"replies":[{"embeddable":true,"href":"https:\/\/fmamiga909.com.ar\/index.php?rest_route=%2Fwp%2Fv2%2Fcomments&post=20038"}],"version-history":[{"count":0,"href":"https:\/\/fmamiga909.com.ar\/index.php?rest_route=\/wp\/v2\/posts\/20038\/revisions"}],"wp:featuredmedia":[{"embeddable":true,"href":"https:\/\/fmamiga909.com.ar\/index.php?rest_route=\/wp\/v2\/media\/20039"}],"wp:attachment":[{"href":"https:\/\/fmamiga909.com.ar\/index.php?rest_route=%2Fwp%2Fv2%2Fmedia&parent=20038"}],"wp:term":[{"taxonomy":"category","embeddable":true,"href":"https:\/\/fmamiga909.com.ar\/index.php?rest_route=%2Fwp%2Fv2%2Fcategories&post=20038"},{"taxonomy":"post_tag","embeddable":true,"href":"https:\/\/fmamiga909.com.ar\/index.php?rest_route=%2Fwp%2Fv2%2Ftags&post=20038"}],"curies":[{"name":"wp","href":"https:\/\/api.w.org\/{rel}","templated":true}]}}