{"id":20042,"date":"2025-04-15T22:21:33","date_gmt":"2025-04-15T22:21:33","guid":{"rendered":"https:\/\/fmamiga909.com.ar\/?p=20042"},"modified":"2025-04-15T22:21:33","modified_gmt":"2025-04-15T22:21:33","slug":"el-mellizo-guillermo-nego-un-canje-entre-velez-y-boca-por-valentin-gomez","status":"publish","type":"post","link":"https:\/\/fmamiga909.com.ar\/?p=20042","title":{"rendered":"El mellizo Guillermo neg\u00f3 un canje entre V\u00e9lez y Boca por Valent\u00edn G\u00f3mez\u00a0"},"content":{"rendered":"<div><!-- Body --><\/p>\n<p>Tras la derrota 1 a 0 ante Sarmiento,\u00a0Guillermo Barros Schelotto,\u00a0t\u00e9cnico de V\u00e9lez, fue consultado por el <b>supuesto inter\u00e9s de Boca por Valent\u00edn G\u00f3mez y la posibilidad de un trueque por\u00a0Exequiel Zeballos y Luis Adv\u00edncula,<\/b> a lo que respondi\u00f3\u00a0de manera negativa.<\/p>\n<p><b>\u201cYo no habl\u00e9 con ning\u00fan dirigente, ni director deportivo, ni jugador. <\/b>Nada. Tenemos tres partidos de liga y cuatro de Copa Libertadores por delante. <b>Despu\u00e9s del \u00faltimo, el 31 de mayo, me sentar\u00e9 a hablar con los dirigentes. Antes de eso, no voy a pedir ni hablar con nadie<\/b>\u201d, sostuvo el mellizo Guillermo con firmeza ante una versi\u00f3n que se hizo correr en\u00a0los \u00faltimos d\u00edas y que indicaba que, ante el inter\u00e9s boquense por el defensor zurdo de 21 a\u00f1os, Barros Schelotto habr\u00eda solicitado a cambio a dos figuras del plantel de Boca.\u00a0<b>\u201cTodo lo que digan de que yo ped\u00ed o negoci\u00e9 es mentira. Me reservo la opini\u00f3n sobre Zeballos o Adv\u00edncula porque no corresponde ahora hablar de otros jugadores\u201d,\u00a0<\/b>agreg\u00f3.<\/p>\n<p><iframe style=\"border: 0px; position: absolute; top: 0px; left: 0px; height: 100%;\" allowfullscreen=\"\" frameborder=\"0\" src=\"https:\/\/www.youtube.com\/embed\/QG37ZOBC6Yo\"><\/iframe><\/p>\n<p><b>Boca ya\u00a0intent\u00f3 fichar a Valentin G\u00f3mez\u00a0a mediados de 2024,<\/b> ofreciendo seis millones de d\u00f3lares, pero desde Liniers se mantuvieron firmes en que solo se ir\u00eda por la cl\u00e1usula de salida de diez millones.\u00a0Desde entonces, el zaguero estuvo cerca de sumarse al City Group, luego a Cruzeiro y, m\u00e1s <a href=\"https:\/\/www.pagina12.com.ar\/806179-foster-gillett-no-pago-y-valentin-gomez-regresa-a-velez\">recientemente al Udinese, pero ninguna de las operaciones se concret\u00f3<\/a>.<\/p>\n<p><!-- Live Blog Post --><\/div>\n<p><a href=\"https:\/\/www.pagina12.com.ar\/818435-el-mellizo-guillermo-nego-un-canje-entre-velez-y-boca-por-va\">source<\/a><\/p>\n","protected":false},"excerpt":{"rendered":"<p>Tras la derrota 1 a 0 ante Sarmiento,\u00a0Guillermo Barros Schelotto,\u00a0t\u00e9cnico de V\u00e9lez, fue consultado por&#8230;<\/p>\n","protected":false},"author":3,"featured_media":20043,"comment_status":"closed","ping_status":"closed","sticky":false,"template":"","format":"standard","meta":{"footnotes":""},"categories":[21],"tags":[],"class_list":["post-20042","post","type-post","status-publish","format-standard","has-post-thumbnail","hentry","category-deportes"],"featured_image_urls":{"full":["https:\/\/fmamiga909.com.ar\/wp-content\/uploads\/2025\/04\/wp-header-logo-162.png",960,540,false],"thumbnail":["https:\/\/fmamiga909.com.ar\/wp-content\/uploads\/2025\/04\/wp-header-logo-162-150x150.png",150,150,true],"medium":["https:\/\/fmamiga909.com.ar\/wp-content\/uploads\/2025\/04\/wp-header-logo-162-300x169.png",300,169,true],"medium_large":["https:\/\/fmamiga909.com.ar\/wp-content\/uploads\/2025\/04\/wp-header-logo-162.png",960,540,false],"large":["https:\/\/fmamiga909.com.ar\/wp-content\/uploads\/2025\/04\/wp-header-logo-162.png",640,360,false],"1536x1536":["https:\/\/fmamiga909.com.ar\/wp-content\/uploads\/2025\/04\/wp-header-logo-162.png",960,540,false],"2048x2048":["https:\/\/fmamiga909.com.ar\/wp-content\/uploads\/2025\/04\/wp-header-logo-162.png",960,540,false],"newsium-slider-full":["https:\/\/fmamiga909.com.ar\/wp-content\/uploads\/2025\/04\/wp-header-logo-162.png",960,540,false],"newsium-featured":["https:\/\/fmamiga909.com.ar\/wp-content\/uploads\/2025\/04\/wp-header-logo-162.png",960,540,false],"newsium-medium":["https:\/\/fmamiga909.com.ar\/wp-content\/uploads\/2025\/04\/wp-header-logo-162-720x475.png",720,475,true]},"author_info":{"display_name":"Fredy Giuliano","author_link":"https:\/\/fmamiga909.com.ar\/?author=3"},"category_info":"<a href=\"https:\/\/fmamiga909.com.ar\/?cat=21\" rel=\"category\">Deportes<\/a>","tag_info":"Deportes","comment_count":"0","_links":{"self":[{"href":"https:\/\/fmamiga909.com.ar\/index.php?rest_route=\/wp\/v2\/posts\/20042","targetHints":{"allow":["GET"]}}],"collection":[{"href":"https:\/\/fmamiga909.com.ar\/index.php?rest_route=\/wp\/v2\/posts"}],"about":[{"href":"https:\/\/fmamiga909.com.ar\/index.php?rest_route=\/wp\/v2\/types\/post"}],"author":[{"embeddable":true,"href":"https:\/\/fmamiga909.com.ar\/index.php?rest_route=\/wp\/v2\/users\/3"}],"replies":[{"embeddable":true,"href":"https:\/\/fmamiga909.com.ar\/index.php?rest_route=%2Fwp%2Fv2%2Fcomments&post=20042"}],"version-history":[{"count":0,"href":"https:\/\/fmamiga909.com.ar\/index.php?rest_route=\/wp\/v2\/posts\/20042\/revisions"}],"wp:featuredmedia":[{"embeddable":true,"href":"https:\/\/fmamiga909.com.ar\/index.php?rest_route=\/wp\/v2\/media\/20043"}],"wp:attachment":[{"href":"https:\/\/fmamiga909.com.ar\/index.php?rest_route=%2Fwp%2Fv2%2Fmedia&parent=20042"}],"wp:term":[{"taxonomy":"category","embeddable":true,"href":"https:\/\/fmamiga909.com.ar\/index.php?rest_route=%2Fwp%2Fv2%2Fcategories&post=20042"},{"taxonomy":"post_tag","embeddable":true,"href":"https:\/\/fmamiga909.com.ar\/index.php?rest_route=%2Fwp%2Fv2%2Ftags&post=20042"}],"curies":[{"name":"wp","href":"https:\/\/api.w.org\/{rel}","templated":true}]}}