{"id":20054,"date":"2025-04-16T22:34:58","date_gmt":"2025-04-16T22:34:58","guid":{"rendered":"https:\/\/fmamiga909.com.ar\/?p=20054"},"modified":"2025-04-16T22:34:58","modified_gmt":"2025-04-16T22:34:58","slug":"rosario-central-el-colombiano-campaz-regresaria-al-plantel","status":"publish","type":"post","link":"https:\/\/fmamiga909.com.ar\/?p=20054","title":{"rendered":"Rosario Central: el colombiano Campaz regresar\u00eda al plantel"},"content":{"rendered":"<div><!-- Body --><\/p>\n<p>El entrenador de Rosario Central, Ariel Holan, asegur\u00f3 que el conflicto entre el colombiano Jaminton Campaz y la Comisi\u00f3n Directiva del conjunto rosarino \u00abest\u00e1 resuelto\u00bb.<\/p>\n<p>El t\u00e9cnico, luego del empate sin goles ante Platense, en el marco de la decimotercera fecha del torneo Apertura, se pronunci\u00f3 brevemente en conferencia de prensa sobre la pol\u00e9mica que involucra al mediocampista y a la dirigencia. \u00abTengo entendido que ya est\u00e1 resuelto el tema y que va a entrenar normalmente con nosotros\u00bb, respondi\u00f3 el entrenador campe\u00f3n con Independiente de la Copa Sudamericana 2017.<\/p>\n<p>En medio de las negociaciones para la renovaci\u00f3n contractual del jugador nacido en Tumaco, la Comisi\u00f3n Directiva tuvo un fuerte cortocircuito con el representante del futbolista, por lo que decidi\u00f3 desafectar al volante del resto del plantel.<\/p>\n<p>Campaz habr\u00eda reclamado el cobro de una prima acordada al momento de la renovaci\u00f3n de su contrato, a fines de febrero, ya que la misma habr\u00eda sido pagada de forma parcial cuando firm\u00f3 el v\u00ednculo con la instituci\u00f3n rosarina.<\/p>\n<p>Esta no es la primera vez que ocurre un conflicto entre la Comisi\u00f3n y el entorno del jugador. En 2024, el futbolista no estaba de acuerdo en los montos de su contrato y se ausent\u00f3 a los entrenamientos.\u00a0<\/p>\n<p><!-- Live Blog Post --><\/div>\n<p><a href=\"https:\/\/www.pagina12.com.ar\/818779-rosario-central-el-colombiano-campaz-regresaria-al-plantel\">source<\/a><\/p>\n","protected":false},"excerpt":{"rendered":"<p>El entrenador de Rosario Central, Ariel Holan, asegur\u00f3 que el conflicto entre el colombiano Jaminton&#8230;<\/p>\n","protected":false},"author":3,"featured_media":20055,"comment_status":"closed","ping_status":"closed","sticky":false,"template":"","format":"standard","meta":{"footnotes":""},"categories":[21],"tags":[],"class_list":["post-20054","post","type-post","status-publish","format-standard","has-post-thumbnail","hentry","category-deportes"],"featured_image_urls":{"full":["https:\/\/fmamiga909.com.ar\/wp-content\/uploads\/2025\/04\/wp-header-logo-168.png",960,540,false],"thumbnail":["https:\/\/fmamiga909.com.ar\/wp-content\/uploads\/2025\/04\/wp-header-logo-168-150x150.png",150,150,true],"medium":["https:\/\/fmamiga909.com.ar\/wp-content\/uploads\/2025\/04\/wp-header-logo-168-300x169.png",300,169,true],"medium_large":["https:\/\/fmamiga909.com.ar\/wp-content\/uploads\/2025\/04\/wp-header-logo-168.png",960,540,false],"large":["https:\/\/fmamiga909.com.ar\/wp-content\/uploads\/2025\/04\/wp-header-logo-168.png",640,360,false],"1536x1536":["https:\/\/fmamiga909.com.ar\/wp-content\/uploads\/2025\/04\/wp-header-logo-168.png",960,540,false],"2048x2048":["https:\/\/fmamiga909.com.ar\/wp-content\/uploads\/2025\/04\/wp-header-logo-168.png",960,540,false],"newsium-slider-full":["https:\/\/fmamiga909.com.ar\/wp-content\/uploads\/2025\/04\/wp-header-logo-168.png",960,540,false],"newsium-featured":["https:\/\/fmamiga909.com.ar\/wp-content\/uploads\/2025\/04\/wp-header-logo-168.png",960,540,false],"newsium-medium":["https:\/\/fmamiga909.com.ar\/wp-content\/uploads\/2025\/04\/wp-header-logo-168-720x475.png",720,475,true]},"author_info":{"display_name":"Fredy Giuliano","author_link":"https:\/\/fmamiga909.com.ar\/?author=3"},"category_info":"<a href=\"https:\/\/fmamiga909.com.ar\/?cat=21\" rel=\"category\">Deportes<\/a>","tag_info":"Deportes","comment_count":"0","_links":{"self":[{"href":"https:\/\/fmamiga909.com.ar\/index.php?rest_route=\/wp\/v2\/posts\/20054","targetHints":{"allow":["GET"]}}],"collection":[{"href":"https:\/\/fmamiga909.com.ar\/index.php?rest_route=\/wp\/v2\/posts"}],"about":[{"href":"https:\/\/fmamiga909.com.ar\/index.php?rest_route=\/wp\/v2\/types\/post"}],"author":[{"embeddable":true,"href":"https:\/\/fmamiga909.com.ar\/index.php?rest_route=\/wp\/v2\/users\/3"}],"replies":[{"embeddable":true,"href":"https:\/\/fmamiga909.com.ar\/index.php?rest_route=%2Fwp%2Fv2%2Fcomments&post=20054"}],"version-history":[{"count":0,"href":"https:\/\/fmamiga909.com.ar\/index.php?rest_route=\/wp\/v2\/posts\/20054\/revisions"}],"wp:featuredmedia":[{"embeddable":true,"href":"https:\/\/fmamiga909.com.ar\/index.php?rest_route=\/wp\/v2\/media\/20055"}],"wp:attachment":[{"href":"https:\/\/fmamiga909.com.ar\/index.php?rest_route=%2Fwp%2Fv2%2Fmedia&parent=20054"}],"wp:term":[{"taxonomy":"category","embeddable":true,"href":"https:\/\/fmamiga909.com.ar\/index.php?rest_route=%2Fwp%2Fv2%2Fcategories&post=20054"},{"taxonomy":"post_tag","embeddable":true,"href":"https:\/\/fmamiga909.com.ar\/index.php?rest_route=%2Fwp%2Fv2%2Ftags&post=20054"}],"curies":[{"name":"wp","href":"https:\/\/api.w.org\/{rel}","templated":true}]}}