{"id":20064,"date":"2025-04-17T00:10:26","date_gmt":"2025-04-17T00:10:26","guid":{"rendered":"https:\/\/fmamiga909.com.ar\/?p=20064"},"modified":"2025-04-17T00:10:26","modified_gmt":"2025-04-17T00:10:26","slug":"champions-league-lautaro-a-semis-y-no-hubo-milagro-en-madrid","status":"publish","type":"post","link":"https:\/\/fmamiga909.com.ar\/?p=20064","title":{"rendered":"Champions League: Lautaro a semis y no hubo milagro en Madrid"},"content":{"rendered":"<div><!-- Body --><\/p>\n<p><b>Lautaro Mart\u00ednez lleg\u00f3 a las semifinales de la Champions League. <\/b>El centrodelantero de la Selecci\u00f3n Argentina <b>marc\u00f3 el primer gol del Inter <\/b>que igual\u00f3 2 a 2 con Bayern M\u00fanich <b>y se clasific\u00f3 con un global de 4 a 3 <\/b>al haber ganado la ida por 2 a 1 la semana pasada en Alemania. <b>Los italianos enfrentar\u00e1n en esa instancia al Barcelona y en el otro cruce de semifinales, jugar\u00e1n Par\u00eds Saint Germain y Arsenal,<\/b> <b>que derrot\u00f3 por 2 a 1 al Real Madrid<\/b> y lo dej\u00f3 fuera de la competencia en pleno estadio Santiago Bernab\u00e9u. El equipo londinense fue el \u00fanico que gan\u00f3 los dos encuentros de la serie con un rotundo acumulado de 5 a 1.<\/p>\n<p><b>En el estadio Giuseppe Meazza de Mil\u00e1n, todo se desencaden\u00f3 en el segundo tiempo.<\/b> <b>Harry Kane<\/b> igual\u00f3 la serie a los 52 minutos con un derechazo cruzado al segundo palo. Pero <b>Inter reaccion\u00f3 y en tres minutos, de los 58 a los 61, pas\u00f3 a ganar aprovechando con dos pelotas quietas.<\/b> <b>Lautaro Mart\u00ednez<\/b> primero empat\u00f3 con un derechazo tras un c\u00f3rner desde la izquierda en lo que su octavo gol en lo que va del torneo. E inmediatamente, el franc\u00e9s <b>Benjamin Pavard<\/b> desequilibr\u00f3 cabeceando otro c\u00f3rner pero desde la derecha. Parec\u00eda cerrada la serie. Hasta que a los 76, el zaguero <b>Eric Dier<\/b> puso el 2 a 2 con un cabezazo bombeado tras otro tiro de esquina.<\/p>\n<p><iframe style=\"border: 0px; position: absolute; top: 0px; left: 0px; height: 100%;\" allowfullscreen=\"\" frameborder=\"0\" src=\"https:\/\/www.youtube.com\/embed\/YpFm80peCsU\"><\/iframe><\/p>\n<p><b>A falta de nueve minutos, Lautaro sali\u00f3 reemplazado por el iran\u00ed Taremi<\/b> luego de haber jugado un partido muy completo, en una posici\u00f3n retrasada, casi de enganche, en la que cuando tuvo la pelota debi\u00f3 armar juego y cuando no, colabor\u00f3 en la ocupaci\u00f3n de espacios para recuperar la pelota. En el \u00faltimo cuarto de hora, con los ingresos de Kingsley Coman y Serge Gnabry bien abiertos por los costados, <b>Bayern se lo llev\u00f3 por delante a Inter, que resisti\u00f3 el asedio metido en su \u00e1rea y as\u00ed alcanz\u00f3 la clasificaci\u00f3n.<\/b><\/p>\n<p>Por su parte, <b>Arsenal se plant\u00f3 con gran autoridad<\/b> en la caldera que fue el estadio madrile\u00f1o. <b>A los once minutos tuvo un penal a favor pero Bukayo Saka quiso picarlo en vez de asegurarlo y el gigantesco Thibaut Courtois se lo termin\u00f3 atajando<\/b>. Saka no se desanim\u00f3 y a los 65, recibi\u00f3 un pase filtrado del espa\u00f1ol Mikel Merino y meti\u00e9ndose por detr\u00e1s de la defensa madridista, la pic\u00f3 por encima de la salida de Courtois para marcar el 1 a 0.<\/p>\n<p><iframe style=\"border: 0px; position: absolute; top: 0px; left: 0px; height: 100%;\" allowfullscreen=\"\" frameborder=\"0\" src=\"https:\/\/www.youtube.com\/embed\/PcavozNDnpE\"><\/iframe><\/p>\n<p>El brasile\u00f1o <b>Vinicius<\/b> empat\u00f3 apenas dos minutos m\u00e1s tarde en un jugada individual. Le quedaban poco m\u00e1s de veinte minutos al Madrid para convocar a su \u00e9pica copera. Pero los consumi\u00f3 sin f\u00fatbol, \u00fanicamente tirando centros. En tiempo adicional, Merino volvi\u00f3 a poner una pelota de gol, el brasile\u00f1o <b>Martinelli<\/b> se escap\u00f3 solo y derrot\u00f3 a Courtois con un remate colocado que puso al Arsenal en la semifinal y sac\u00f3 al Madrid de la Champions, demasiado temprano para su costumbre.<\/p>\n<p><!-- Live Blog Post --><\/div>\n<p><a href=\"https:\/\/www.pagina12.com.ar\/818767-champions-league-lautaro-a-semis-y-no-hubo-milagro-en-madrid\">source<\/a><\/p>\n","protected":false},"excerpt":{"rendered":"<p>Lautaro Mart\u00ednez lleg\u00f3 a las semifinales de la Champions League. El centrodelantero de la Selecci\u00f3n&#8230;<\/p>\n","protected":false},"author":3,"featured_media":20065,"comment_status":"closed","ping_status":"closed","sticky":false,"template":"","format":"standard","meta":{"footnotes":""},"categories":[21],"tags":[],"class_list":["post-20064","post","type-post","status-publish","format-standard","has-post-thumbnail","hentry","category-deportes"],"featured_image_urls":{"full":["https:\/\/fmamiga909.com.ar\/wp-content\/uploads\/2025\/04\/wp-header-logo-173.png",960,540,false],"thumbnail":["https:\/\/fmamiga909.com.ar\/wp-content\/uploads\/2025\/04\/wp-header-logo-173-150x150.png",150,150,true],"medium":["https:\/\/fmamiga909.com.ar\/wp-content\/uploads\/2025\/04\/wp-header-logo-173-300x169.png",300,169,true],"medium_large":["https:\/\/fmamiga909.com.ar\/wp-content\/uploads\/2025\/04\/wp-header-logo-173.png",960,540,false],"large":["https:\/\/fmamiga909.com.ar\/wp-content\/uploads\/2025\/04\/wp-header-logo-173.png",640,360,false],"1536x1536":["https:\/\/fmamiga909.com.ar\/wp-content\/uploads\/2025\/04\/wp-header-logo-173.png",960,540,false],"2048x2048":["https:\/\/fmamiga909.com.ar\/wp-content\/uploads\/2025\/04\/wp-header-logo-173.png",960,540,false],"newsium-slider-full":["https:\/\/fmamiga909.com.ar\/wp-content\/uploads\/2025\/04\/wp-header-logo-173.png",960,540,false],"newsium-featured":["https:\/\/fmamiga909.com.ar\/wp-content\/uploads\/2025\/04\/wp-header-logo-173.png",960,540,false],"newsium-medium":["https:\/\/fmamiga909.com.ar\/wp-content\/uploads\/2025\/04\/wp-header-logo-173-720x475.png",720,475,true]},"author_info":{"display_name":"Fredy Giuliano","author_link":"https:\/\/fmamiga909.com.ar\/?author=3"},"category_info":"<a href=\"https:\/\/fmamiga909.com.ar\/?cat=21\" rel=\"category\">Deportes<\/a>","tag_info":"Deportes","comment_count":"0","_links":{"self":[{"href":"https:\/\/fmamiga909.com.ar\/index.php?rest_route=\/wp\/v2\/posts\/20064","targetHints":{"allow":["GET"]}}],"collection":[{"href":"https:\/\/fmamiga909.com.ar\/index.php?rest_route=\/wp\/v2\/posts"}],"about":[{"href":"https:\/\/fmamiga909.com.ar\/index.php?rest_route=\/wp\/v2\/types\/post"}],"author":[{"embeddable":true,"href":"https:\/\/fmamiga909.com.ar\/index.php?rest_route=\/wp\/v2\/users\/3"}],"replies":[{"embeddable":true,"href":"https:\/\/fmamiga909.com.ar\/index.php?rest_route=%2Fwp%2Fv2%2Fcomments&post=20064"}],"version-history":[{"count":0,"href":"https:\/\/fmamiga909.com.ar\/index.php?rest_route=\/wp\/v2\/posts\/20064\/revisions"}],"wp:featuredmedia":[{"embeddable":true,"href":"https:\/\/fmamiga909.com.ar\/index.php?rest_route=\/wp\/v2\/media\/20065"}],"wp:attachment":[{"href":"https:\/\/fmamiga909.com.ar\/index.php?rest_route=%2Fwp%2Fv2%2Fmedia&parent=20064"}],"wp:term":[{"taxonomy":"category","embeddable":true,"href":"https:\/\/fmamiga909.com.ar\/index.php?rest_route=%2Fwp%2Fv2%2Fcategories&post=20064"},{"taxonomy":"post_tag","embeddable":true,"href":"https:\/\/fmamiga909.com.ar\/index.php?rest_route=%2Fwp%2Fv2%2Ftags&post=20064"}],"curies":[{"name":"wp","href":"https:\/\/api.w.org\/{rel}","templated":true}]}}