{"id":20095,"date":"2025-04-18T13:49:57","date_gmt":"2025-04-18T13:49:57","guid":{"rendered":"https:\/\/fmamiga909.com.ar\/?p=20095"},"modified":"2025-04-18T13:49:57","modified_gmt":"2025-04-18T13:49:57","slug":"carta-a-una-hija-en-una-dictadura-donde-los-fusiles-disparaban-flores","status":"publish","type":"post","link":"https:\/\/fmamiga909.com.ar\/?p=20095","title":{"rendered":"Carta a una hija en una dictadura donde &quot;los fusiles disparaban flores&quot;"},"content":{"rendered":"<div><!-- Body --><\/p>\n<p>El 13 de Junio de 1978 la revista<b> <i>El Gr\u00e1fico<\/i> publicaba esta carta atribuida a Ruud Krol,<\/b> capit\u00e1n de la selecci\u00f3n holandesa.<\/p>\n<p>\u201cMi preciosa\u201d<\/p>\n<p>\u201cTu madre te leer\u00e1 esta carta. Quiero decirte antes que nada, que te extra\u00f1o mucho, aunque el recuerdo y la sonrisa que sale de tu foto, siempre me acompa\u00f1a. <b>Ya compr\u00e9 la mu\u00f1equita que te promet\u00ed.<\/b> Es rubia como t\u00fa y tiene un par de ojos exactamente iguales a los tuyos. <b>Camina, habla y muy pronto, cuando yo regrese, jugaremos con ella tirados en el living.<\/b><\/p>\n<p>Mam\u00e1 me cont\u00f3 que los otros d\u00edas lloraste mucho porque algunos amiguitos te dijeron cosas muy feas que pasaban en la Argentina. Pero no es as\u00ed.<b> Es una mentira infantil de ellos. Pap\u00e1 est\u00e1 muy bien. Aqu\u00ed todo es tranquilidad y belleza. Esta no es la Copa del Mundo, sino la Copa de la Paz.<\/b><\/p>\n<p><b>No te asustes si ves algunas fotos de la concentraci\u00f3n con soldaditos de verde al lado nuestro. Esos son nuestros amigos, nos cuidan y nos protegen<\/b>. Nos quieren como toda la gente de este pa\u00eds, que desde el mismo momento de la llegada nos demostr\u00f3 su afecto y nos tiraban besos y todas las manos quer\u00edan abrazarnos.<\/p>\n<p>(&#8230;) Cada vez hace m\u00e1s fr\u00edo . Por las ventanas del hotel vemos todos los d\u00edas caer la nieve. El paisaje es hermoso, pero me faltas t\u00fa. Sonr\u00ede, pronto estaremos juntos.<b> No tengas miedo, pap\u00e1 est\u00e1 bien, tiene tu mu\u00f1eca y un batall\u00f3n de soldaditos que lo cuida. Que lo protege y que de sus fusiles disparan flores.<\/b> Dile a tus amiguitos la verdad. Argentina es tierra de amor. Alg\u00fan d\u00eda cuando seas grande podr\u00e1s comprender toda la verdad. Te adoro, cuida a mam\u00e1, esp\u00e9rame con una sonrisa y and\u00e1 pensando en un nombre para la mu\u00f1equita. Mi beso\u201d. \u201cPapito\u201d.<\/p>\n<p><b>PD: Yo ya eleg\u00ed el nombre para tu mu\u00f1eca. Ser\u00e1 \u201cArgentina\u201d. Si puedes elegir uno mejor, d\u00edmelo\u201d.<\/b><\/p>\n<p>Se habl\u00f3 mucho de esta carta. De su publicaci\u00f3n. De su odio rosa. \u00bfPero sabe una cosa?, <b>no fue real. Fue el invento del periodista Enrique Romero en connivencia con la revista <i>El Gr\u00e1fico<\/i>.<\/b> Una propuesta dise\u00f1ada, seguramente, por el fascismo \u201ccuqui\u201d y moderno de <i>Editorial Atl\u00e1ntida<\/i>. La revista pretendi\u00f3 hacer un striptis rosa y emocional de la realidad, pero lo que le sali\u00f3 fue un desnudo mental que puso al descubierto sus tres o cuatro neuronas. <b>El capit\u00e1n de la selecci\u00f3n holandesa, Ruud Krol, desminti\u00f3 de inmediato que hubiera sido el responsable de la carta a su hija\u00a0publicada.<\/b> La intoxicaci\u00f3n ideol\u00f3gica y la falsedad informativa m\u00e1s que chocar con la realidad choc\u00f3 con lo grotesco, el absurdo y lo infame.\u00a0<\/p>\n<p><b>Solemos decir que la desinformaci\u00f3n es un problema de nuestro tiempo.<\/b> No, no es verdad que hoy se mienta m\u00e1s que nunca (aunque a veces lo parezca); pero es cierto que <b>gracias a internet y las redes sociales la mentira posee mayor capacidad de difusi\u00f3n.<\/b><\/p>\n<p>En la manufactura de la desinformaci\u00f3n la ciudadan\u00eda se enfrenta a un control social entendido como mecanismo sibilino de psicolog\u00eda de masas que logra el sometimiento de las conciencias a los paradigmas culturales sist\u00e9micos necesarios para mantener la dominaci\u00f3n del modelo economicista ultraliberal. Un espacio donde se extingue todo residuo de piedad y la figura humana deja de conmover. Ahora mismo, por el pa\u00eds, pululan nost\u00e1lgicos de aquella dictadura, muy, muy creciditos. <b>Como vemos la memoria no es garant\u00eda de nada, as\u00ed que imaginen sin ella. El pasado es s\u00f3lo lo que recordamos.<\/b> Seg\u00fan <i>El Gr\u00e1fico<\/i> viv\u00edamos en un pa\u00eds donde los \u201cfusiles disparaban flores\u201d.<\/p>\n<p>(*) Periodista, ex jugador de V\u00e9lez, clubes de Espa\u00f1a y campe\u00f3n mundial 1979<\/p>\n<p><!-- Live Blog Post --><\/div>\n<p><a href=\"https:\/\/www.pagina12.com.ar\/819122-carta-a-una-hija-en-una-dictadura-donde-los-fusiles-disparab\">source<\/a><\/p>\n","protected":false},"excerpt":{"rendered":"<p>El 13 de Junio de 1978 la revista El Gr\u00e1fico publicaba esta carta atribuida a&#8230;<\/p>\n","protected":false},"author":3,"featured_media":20096,"comment_status":"closed","ping_status":"closed","sticky":false,"template":"","format":"standard","meta":{"footnotes":""},"categories":[21],"tags":[],"class_list":["post-20095","post","type-post","status-publish","format-standard","has-post-thumbnail","hentry","category-deportes"],"featured_image_urls":{"full":["https:\/\/fmamiga909.com.ar\/wp-content\/uploads\/2025\/04\/wp-header-logo-186.png",960,540,false],"thumbnail":["https:\/\/fmamiga909.com.ar\/wp-content\/uploads\/2025\/04\/wp-header-logo-186-150x150.png",150,150,true],"medium":["https:\/\/fmamiga909.com.ar\/wp-content\/uploads\/2025\/04\/wp-header-logo-186-300x169.png",300,169,true],"medium_large":["https:\/\/fmamiga909.com.ar\/wp-content\/uploads\/2025\/04\/wp-header-logo-186.png",960,540,false],"large":["https:\/\/fmamiga909.com.ar\/wp-content\/uploads\/2025\/04\/wp-header-logo-186.png",640,360,false],"1536x1536":["https:\/\/fmamiga909.com.ar\/wp-content\/uploads\/2025\/04\/wp-header-logo-186.png",960,540,false],"2048x2048":["https:\/\/fmamiga909.com.ar\/wp-content\/uploads\/2025\/04\/wp-header-logo-186.png",960,540,false],"newsium-slider-full":["https:\/\/fmamiga909.com.ar\/wp-content\/uploads\/2025\/04\/wp-header-logo-186.png",960,540,false],"newsium-featured":["https:\/\/fmamiga909.com.ar\/wp-content\/uploads\/2025\/04\/wp-header-logo-186.png",960,540,false],"newsium-medium":["https:\/\/fmamiga909.com.ar\/wp-content\/uploads\/2025\/04\/wp-header-logo-186-720x475.png",720,475,true]},"author_info":{"display_name":"Fredy Giuliano","author_link":"https:\/\/fmamiga909.com.ar\/?author=3"},"category_info":"<a href=\"https:\/\/fmamiga909.com.ar\/?cat=21\" rel=\"category\">Deportes<\/a>","tag_info":"Deportes","comment_count":"0","_links":{"self":[{"href":"https:\/\/fmamiga909.com.ar\/index.php?rest_route=\/wp\/v2\/posts\/20095","targetHints":{"allow":["GET"]}}],"collection":[{"href":"https:\/\/fmamiga909.com.ar\/index.php?rest_route=\/wp\/v2\/posts"}],"about":[{"href":"https:\/\/fmamiga909.com.ar\/index.php?rest_route=\/wp\/v2\/types\/post"}],"author":[{"embeddable":true,"href":"https:\/\/fmamiga909.com.ar\/index.php?rest_route=\/wp\/v2\/users\/3"}],"replies":[{"embeddable":true,"href":"https:\/\/fmamiga909.com.ar\/index.php?rest_route=%2Fwp%2Fv2%2Fcomments&post=20095"}],"version-history":[{"count":0,"href":"https:\/\/fmamiga909.com.ar\/index.php?rest_route=\/wp\/v2\/posts\/20095\/revisions"}],"wp:featuredmedia":[{"embeddable":true,"href":"https:\/\/fmamiga909.com.ar\/index.php?rest_route=\/wp\/v2\/media\/20096"}],"wp:attachment":[{"href":"https:\/\/fmamiga909.com.ar\/index.php?rest_route=%2Fwp%2Fv2%2Fmedia&parent=20095"}],"wp:term":[{"taxonomy":"category","embeddable":true,"href":"https:\/\/fmamiga909.com.ar\/index.php?rest_route=%2Fwp%2Fv2%2Fcategories&post=20095"},{"taxonomy":"post_tag","embeddable":true,"href":"https:\/\/fmamiga909.com.ar\/index.php?rest_route=%2Fwp%2Fv2%2Ftags&post=20095"}],"curies":[{"name":"wp","href":"https:\/\/api.w.org\/{rel}","templated":true}]}}