{"id":20187,"date":"2025-04-21T21:25:24","date_gmt":"2025-04-21T21:25:24","guid":{"rendered":"https:\/\/fmamiga909.com.ar\/?p=20187"},"modified":"2025-04-21T21:25:24","modified_gmt":"2025-04-21T21:25:24","slug":"copa-sudamericana-guarani-espera-por-independiente-en-paraguay","status":"publish","type":"post","link":"https:\/\/fmamiga909.com.ar\/?p=20187","title":{"rendered":"Copa Sudamericana: Guaran\u00ed espera por Independiente en Paraguay"},"content":{"rendered":"<div><!-- Body --><\/p>\n<p><span>Mientras espera la reprogramaci\u00f3n del duelo ante Atl\u00e9tico Tucum\u00e1n por la Liga Profesional<\/span><span>, <\/span><span><b>Independiente viaj\u00f3 a Paraguay para visitar este martes a Club Guaran\u00ed, l\u00edder del Grupo A<\/b>, por la <b>tercera fecha <\/b>de la fase de grupos de la <b>Copa Sudamericana<\/b><\/span><span><b>.\u00a0<\/b><\/span><\/p>\n<p><span><b>El Rojo debe sumar de a tres para encaminar la clasificaci\u00f3n a la pr\u00f3xima instancia. <\/b>El DT Julio Vaccari tiene un once titular preparado, pero con algunos cambios.\u00a0<\/span><b>La baja m\u00e1s sensible es la de Santiago Montiel,\u00a0debido a la pubalgia que viene arrastrando. <\/b>La buena noticia es que vuelve Luciano Cabral, totalmente recuperado.<\/p>\n<p><b>Una inc\u00f3gnita que se despejar\u00e1 a \u00faltimo momento es la de Sebasti\u00e1n Valdez. <\/b>En la pr\u00e1ctica del \u00faltimo domingo se entren\u00f3 diferenciado, aunque todo indica que llegar\u00e1 en condiciones para jugar desde el arranque.<\/p>\n<p><b>Otra duda est\u00e1 en el lateral derecho, lo que podr\u00eda modificar la ecuaci\u00f3n en el mediocampo. <\/b>Si Vaccari se inclina por Federico Vera en el lateral derecho, Felipe Loyola ir\u00e1 de ocho y reemplazar\u00e1 a Pablo Galdames; pero tambi\u00e9n podr\u00eda optar por Loyola en la banda derecha y con Galdames en el medio.<\/p>\n<p>El partido ir\u00e1 <b>desde las 19<\/b> (TV: (DSports) <b>en<\/b> el Estadio Defensores del Chaco de <b>Asunci\u00f3n.<\/b><\/p>\n<h2>Un Granate en Brasil<\/h2>\n<p>A su turno, <b>Lan\u00fas visitar\u00e1 a Vasco da Gama<\/b> en un duelo correspondiente al <b>Grupo G<\/b> de la <b>Copa Sudamericana<\/b>, donde <b>ambos equipos llegan igualados en puntos<\/b> e intentar\u00e1n quedarse con la cima del grupo.<\/p>\n<p><span><b>El Granate llega marcado por el sabor amargo que dej\u00f3 el empate en el Cl\u00e1sico del Sur ante Banfield<\/b> y que complic\u00f3 su panorama en la Liga Profesional, ya que peligra su lugar entre los ocho mejores de la Zona B.<\/span><\/p>\n<p><b>Sin embargo, en el plano internacional, los dirigidos por Mauricio Pellegrino mostraron car\u00e1cter <\/b>para revertir un mal arranque tras igualar 1-1 con Puerto Cabello, golearon 3-0 a Melgar y llegan con el envi\u00f3n justo para este duelo directo.<\/p>\n<p><b>El conjunto brasile\u00f1o<\/b>, dirigido por F\u00e1bio Carille, <b>viene de empatar 0-0 ante Flamengo en el Brasileirao <\/b>y de vencer por la m\u00ednima a Puerto Cabello en su \u00faltima presentaci\u00f3n por la Sudamericana.<\/p>\n<p><span>En las estad\u00edsticas, <b>hay un solo antecedente entre ambos equipos en este certamen<\/b>: fue en los <b>octavos de final <\/b>de la <b>edici\u00f3n 2007<\/b>, <b>donde clasific\u00f3 Vasco da Gama <\/b>al imponerse 3-0 en Brasil, luego del 2-0 de Lan\u00fas en La Fortaleza.<\/span><\/p>\n<p><b>Asimismo se enfrentaron<\/b> una sola vez <b>en Copa Libertadores<\/b> y tambi\u00e9n fue <b>en los octavos<\/b> <b>de la edici\u00f3n<\/b> <b>2012 <\/b>donde, tras el 3-3 en el global, <b>los brasile\u00f1os pasaron por penales 5-4.<\/b><\/p>\n<p><b>El partido est\u00e1 programado para las 21.30<\/b> (TV: DSports) <b>en el estadio S\u00e3o Janu\u00e1rio<\/b> y contar\u00e1 con el arbitraje del boliviano Gery Vargas.<\/p>\n<p><!-- Live Blog Post --><\/div>\n<p><a href=\"https:\/\/www.pagina12.com.ar\/819801-copa-sudamericana-guarani-espera-por-independiente-en-paragu\">source<\/a><\/p>\n","protected":false},"excerpt":{"rendered":"<p>Mientras espera la reprogramaci\u00f3n del duelo ante Atl\u00e9tico Tucum\u00e1n por la Liga Profesional, Independiente viaj\u00f3&#8230;<\/p>\n","protected":false},"author":3,"featured_media":20188,"comment_status":"closed","ping_status":"closed","sticky":false,"template":"","format":"standard","meta":{"footnotes":""},"categories":[21],"tags":[],"class_list":["post-20187","post","type-post","status-publish","format-standard","has-post-thumbnail","hentry","category-deportes"],"featured_image_urls":{"full":["https:\/\/fmamiga909.com.ar\/wp-content\/uploads\/2025\/04\/wp-header-logo-232.png",960,540,false],"thumbnail":["https:\/\/fmamiga909.com.ar\/wp-content\/uploads\/2025\/04\/wp-header-logo-232-150x150.png",150,150,true],"medium":["https:\/\/fmamiga909.com.ar\/wp-content\/uploads\/2025\/04\/wp-header-logo-232-300x169.png",300,169,true],"medium_large":["https:\/\/fmamiga909.com.ar\/wp-content\/uploads\/2025\/04\/wp-header-logo-232.png",960,540,false],"large":["https:\/\/fmamiga909.com.ar\/wp-content\/uploads\/2025\/04\/wp-header-logo-232.png",640,360,false],"1536x1536":["https:\/\/fmamiga909.com.ar\/wp-content\/uploads\/2025\/04\/wp-header-logo-232.png",960,540,false],"2048x2048":["https:\/\/fmamiga909.com.ar\/wp-content\/uploads\/2025\/04\/wp-header-logo-232.png",960,540,false],"newsium-slider-full":["https:\/\/fmamiga909.com.ar\/wp-content\/uploads\/2025\/04\/wp-header-logo-232.png",960,540,false],"newsium-featured":["https:\/\/fmamiga909.com.ar\/wp-content\/uploads\/2025\/04\/wp-header-logo-232.png",960,540,false],"newsium-medium":["https:\/\/fmamiga909.com.ar\/wp-content\/uploads\/2025\/04\/wp-header-logo-232-720x475.png",720,475,true]},"author_info":{"display_name":"Fredy Giuliano","author_link":"https:\/\/fmamiga909.com.ar\/?author=3"},"category_info":"<a href=\"https:\/\/fmamiga909.com.ar\/?cat=21\" rel=\"category\">Deportes<\/a>","tag_info":"Deportes","comment_count":"0","_links":{"self":[{"href":"https:\/\/fmamiga909.com.ar\/index.php?rest_route=\/wp\/v2\/posts\/20187","targetHints":{"allow":["GET"]}}],"collection":[{"href":"https:\/\/fmamiga909.com.ar\/index.php?rest_route=\/wp\/v2\/posts"}],"about":[{"href":"https:\/\/fmamiga909.com.ar\/index.php?rest_route=\/wp\/v2\/types\/post"}],"author":[{"embeddable":true,"href":"https:\/\/fmamiga909.com.ar\/index.php?rest_route=\/wp\/v2\/users\/3"}],"replies":[{"embeddable":true,"href":"https:\/\/fmamiga909.com.ar\/index.php?rest_route=%2Fwp%2Fv2%2Fcomments&post=20187"}],"version-history":[{"count":0,"href":"https:\/\/fmamiga909.com.ar\/index.php?rest_route=\/wp\/v2\/posts\/20187\/revisions"}],"wp:featuredmedia":[{"embeddable":true,"href":"https:\/\/fmamiga909.com.ar\/index.php?rest_route=\/wp\/v2\/media\/20188"}],"wp:attachment":[{"href":"https:\/\/fmamiga909.com.ar\/index.php?rest_route=%2Fwp%2Fv2%2Fmedia&parent=20187"}],"wp:term":[{"taxonomy":"category","embeddable":true,"href":"https:\/\/fmamiga909.com.ar\/index.php?rest_route=%2Fwp%2Fv2%2Fcategories&post=20187"},{"taxonomy":"post_tag","embeddable":true,"href":"https:\/\/fmamiga909.com.ar\/index.php?rest_route=%2Fwp%2Fv2%2Ftags&post=20187"}],"curies":[{"name":"wp","href":"https:\/\/api.w.org\/{rel}","templated":true}]}}