{"id":20213,"date":"2025-04-22T18:40:35","date_gmt":"2025-04-22T18:40:35","guid":{"rendered":"https:\/\/fmamiga909.com.ar\/?p=20213"},"modified":"2025-04-22T18:40:35","modified_gmt":"2025-04-22T18:40:35","slug":"de-empresario-gastronomico-a-presidente-de-san-lorenzo-quien-es-marcelo-moretti","status":"publish","type":"post","link":"https:\/\/fmamiga909.com.ar\/?p=20213","title":{"rendered":"De empresario gastron\u00f3mico a presidente de San Lorenzo: \u00bfqui\u00e9n es Marcelo Moretti?"},"content":{"rendered":"<div><!-- Body --><\/p>\n<p><b>El presidente de San Lorenzo\u00a0<\/b>qued\u00f3 envuelto en un esc\u00e1ndalo luego de que el programa <i>Telenueve Denuncia<\/i> publicara <a href=\"https:\/\/www.pagina12.com.ar\/819975-escandalo-en-san-lorenzo-por-una-camara-oculta-a-moretti\">audios y videos en los que se lo ve <b>recibiendo una coima de 25 mil d\u00f3lares<\/b><\/a><b\/>. \u00bfQui\u00e9n es <b>Marcelo Moretti<\/b>?<\/p>\n<h3\/>\n<h2>\u00bfQui\u00e9n es Marcelo Moretti?<\/h2>\n<p><b>Marcelo Moretti<\/b> es un abogado y empresario gastron\u00f3mico de 49 a\u00f1os. Gan\u00f3 las elecciones presidenciales de San Lorenzo en diciembre de 2023. En aquella oportunidad votaron m\u00e1s de 16 mil personas.<b> Moretti gan\u00f3 con el 36,73% con su lista Boedo en Acci\u00f3n<\/b>, contra Marcelo Culotta (28,56%), Sergio Constantino (23,62) y C\u00e9sar Francis (10,92%).<\/p>\n<p><b>N\u00e9stor Navarro<\/b>, en el lugar de vicepresidente, complet\u00f3 la f\u00f3rmula. El ex futbolista\u00a0<b>N\u00e9stor Ortigoza <\/b>los acompa\u00f1\u00f3 y asumi\u00f3 como encargado del f\u00fatbol, aunque fue despedido en agosto de 2024 por diferencias en la gesti\u00f3n. El paraguayo sigui\u00f3 como vocal del club, a pesar de que le pidieron la renuncia tras la filtraci\u00f3n de videos en los que<a href=\"https:\/\/www.pagina12.com.ar\/768641-san-lorenzo-le-pidio-la-renuncia-a-ortigoza-por-golpear-a-su\"> <\/a><a href=\"https:\/\/www.pagina12.com.ar\/768641-san-lorenzo-le-pidio-la-renuncia-a-ortigoza-por-golpear-a-su\">golpeaba a quien por entonces era su pareja<\/a>.<\/p>\n<p>La primera vez que se present\u00f3 como candidato a presidente fue en 2010, cuando sali\u00f3 tercero con el 16,51% de los votos. En aquella ocasi\u00f3n fue electo <b>Carlos Abdo<\/b>. Pero en el medio tambi\u00e9n estuvo ligado al club, ya que fue vocal durante varios a\u00f1os.\u00a0<\/p>\n<p>Fue parte del oficialismo durante las presidencias de <b>Marcelo Tinelli y Mat\u00edas Lammens<\/b>, aunque renunci\u00f3 en 2021 por desacuerdos en la gesti\u00f3n, principalmente luego de que el club dejara libre a los hermanos Romero. Desde ese entonces se posicion\u00f3 como un ferviente opositor al oficialismo y a Horacio Arreceygor, quien qued\u00f3 como presidente tras la renuncia de Tinelli.<\/p>\n<p>Tras haber ganado las elecciones, asumi\u00f3 con promesas como mejorar la situaci\u00f3n econ\u00f3mica del club, llevar el n\u00famero de socios hasta 150.000 y la vuelta a Boedo, a la que calific\u00f3 como \u201cuna prioridad\u201d. De hecho, este lunes, tras la muerte del Papa Francisco,\u00a0confirm\u00f3 algo que ya hab\u00eda anticipado: que <b>el nuevo estadio llevar\u00e1 el nombre del sumo pont\u00edfice<\/b>.<\/p>\n<h2>Su gesti\u00f3n como presidente<\/h2>\n<p>La gesti\u00f3n de Moretti al frente del club estuvo marcada por varios esc\u00e1ndalos. En abril de 2024, d\u00edas despu\u00e9s de su despido como DT, <b>Rub\u00e9n Dar\u00edo Ins\u00faa declar\u00f3 que de los 10 jugadores que hab\u00edan tra\u00eddo como refuerzo durante su ciclo, \u00e9l solo hab\u00eda pedido a dos. \u00abNo llegaron los que pedimos<\/b>\u00ab, sostuvo.\u00a0<\/p>\n<p>\u00abYo no soy ingenuo.<b> Sab\u00eda que la actual conducci\u00f3n hac\u00eda difundir en redes sociales para que jueguen los jugadores que contrataron ellos<\/b>. Se filtr\u00f3 el contrato del Cuerpo T\u00e9cnico\u00bb, dispar\u00f3 <i>El Gallego<\/i>.<\/p>\n<p>Unas pocas semanas despu\u00e9s, en julio, explot\u00f3 otro esc\u00e1ndalo. Daniel Vila, presidente de Independiente Rivadavia, <b>denunci\u00f3 que desde San Lorenzo le enviaron un comprobante de transferencia falso<\/b> por el traspaso de Mat\u00edas Reali, que ya hab\u00eda como nuevo jugador del <i>Cicl\u00f3n<\/i>.<\/p>\n<p>Meses m\u00e1s tarde,\u00a0<b>Augusto Batalla<\/b>, ex arquero del club, de buen paso por la instituci\u00f3n, declar\u00f3 que se fue al Rayo Vallecano de Espa\u00f1a porque \u00ab<b>San Lorenzo no se manej\u00f3 de la mejor manera y el Rayo mostr\u00f3 constantemente su inter\u00e9s\u00bb<\/b>. Esta situaci\u00f3n gener\u00f3 un enorme malestar entre los hinchas, que en su gran mayor\u00eda valoraban el rendimiento del arquero.<\/p>\n<h3>Seguir leyendo:<\/h3>\n<h3\/><!-- Live Blog Post --><\/div>\n<p><a href=\"https:\/\/www.pagina12.com.ar\/820056-de-empresario-gastronomico-a-presidente-de-san-lorenzo-quien\">source<\/a><\/p>\n","protected":false},"excerpt":{"rendered":"<p>El presidente de San Lorenzo\u00a0qued\u00f3 envuelto en un esc\u00e1ndalo luego de que el programa Telenueve&#8230;<\/p>\n","protected":false},"author":3,"featured_media":20214,"comment_status":"closed","ping_status":"closed","sticky":false,"template":"","format":"standard","meta":{"footnotes":""},"categories":[21],"tags":[],"class_list":["post-20213","post","type-post","status-publish","format-standard","has-post-thumbnail","hentry","category-deportes"],"featured_image_urls":{"full":["https:\/\/fmamiga909.com.ar\/wp-content\/uploads\/2025\/04\/wp-header-logo-241.png",960,540,false],"thumbnail":["https:\/\/fmamiga909.com.ar\/wp-content\/uploads\/2025\/04\/wp-header-logo-241-150x150.png",150,150,true],"medium":["https:\/\/fmamiga909.com.ar\/wp-content\/uploads\/2025\/04\/wp-header-logo-241-300x169.png",300,169,true],"medium_large":["https:\/\/fmamiga909.com.ar\/wp-content\/uploads\/2025\/04\/wp-header-logo-241.png",960,540,false],"large":["https:\/\/fmamiga909.com.ar\/wp-content\/uploads\/2025\/04\/wp-header-logo-241.png",640,360,false],"1536x1536":["https:\/\/fmamiga909.com.ar\/wp-content\/uploads\/2025\/04\/wp-header-logo-241.png",960,540,false],"2048x2048":["https:\/\/fmamiga909.com.ar\/wp-content\/uploads\/2025\/04\/wp-header-logo-241.png",960,540,false],"newsium-slider-full":["https:\/\/fmamiga909.com.ar\/wp-content\/uploads\/2025\/04\/wp-header-logo-241.png",960,540,false],"newsium-featured":["https:\/\/fmamiga909.com.ar\/wp-content\/uploads\/2025\/04\/wp-header-logo-241.png",960,540,false],"newsium-medium":["https:\/\/fmamiga909.com.ar\/wp-content\/uploads\/2025\/04\/wp-header-logo-241-720x475.png",720,475,true]},"author_info":{"display_name":"Fredy Giuliano","author_link":"https:\/\/fmamiga909.com.ar\/?author=3"},"category_info":"<a href=\"https:\/\/fmamiga909.com.ar\/?cat=21\" rel=\"category\">Deportes<\/a>","tag_info":"Deportes","comment_count":"0","_links":{"self":[{"href":"https:\/\/fmamiga909.com.ar\/index.php?rest_route=\/wp\/v2\/posts\/20213","targetHints":{"allow":["GET"]}}],"collection":[{"href":"https:\/\/fmamiga909.com.ar\/index.php?rest_route=\/wp\/v2\/posts"}],"about":[{"href":"https:\/\/fmamiga909.com.ar\/index.php?rest_route=\/wp\/v2\/types\/post"}],"author":[{"embeddable":true,"href":"https:\/\/fmamiga909.com.ar\/index.php?rest_route=\/wp\/v2\/users\/3"}],"replies":[{"embeddable":true,"href":"https:\/\/fmamiga909.com.ar\/index.php?rest_route=%2Fwp%2Fv2%2Fcomments&post=20213"}],"version-history":[{"count":0,"href":"https:\/\/fmamiga909.com.ar\/index.php?rest_route=\/wp\/v2\/posts\/20213\/revisions"}],"wp:featuredmedia":[{"embeddable":true,"href":"https:\/\/fmamiga909.com.ar\/index.php?rest_route=\/wp\/v2\/media\/20214"}],"wp:attachment":[{"href":"https:\/\/fmamiga909.com.ar\/index.php?rest_route=%2Fwp%2Fv2%2Fmedia&parent=20213"}],"wp:term":[{"taxonomy":"category","embeddable":true,"href":"https:\/\/fmamiga909.com.ar\/index.php?rest_route=%2Fwp%2Fv2%2Fcategories&post=20213"},{"taxonomy":"post_tag","embeddable":true,"href":"https:\/\/fmamiga909.com.ar\/index.php?rest_route=%2Fwp%2Fv2%2Ftags&post=20213"}],"curies":[{"name":"wp","href":"https:\/\/api.w.org\/{rel}","templated":true}]}}