{"id":20262,"date":"2025-04-24T00:01:56","date_gmt":"2025-04-24T00:01:56","guid":{"rendered":"https:\/\/fmamiga909.com.ar\/?p=20262"},"modified":"2025-04-24T00:01:56","modified_gmt":"2025-04-24T00:01:56","slug":"la-emocion-de-lautaro-martinez-en-el-minuto-de-silencio-por-el-papa","status":"publish","type":"post","link":"https:\/\/fmamiga909.com.ar\/?p=20262","title":{"rendered":"La emoci\u00f3n de Lautaro Mart\u00ednez en el minuto de silencio por el Papa"},"content":{"rendered":"<div><!-- Body --><\/p>\n<p>Inter y Milan jugaron este mi\u00e9rcoles la revancha de la semifinal de la Copa Italia, en un cotejo marcado por el homenaje al papa Francisco. En el minuto de silencio <b>se vio a Lautaro Mart\u00ednez muy emocionado<\/b>. La pantalla del estadio Giuseppe Meazza mostr\u00f3 la imagen del pont\u00edfice argentino mientras sonaba la m\u00fasica de<i> La misi\u00f3n<\/i>, de Ennio Morricone.<\/p>\n<p><b>El Milan sell\u00f3 su clasificaci\u00f3n a la final de la Copa Italia tras golear 3 a 0 al Inter <\/b>en el cl\u00e1sico disputado en el emblem\u00e1tico estadio milan\u00e9s. Lejos de la pelea en la Serie A y la Champions League, el equipo dirigido por S\u00e9rgio Concei\u00e7\u00e3o lo celebr\u00f3 como si fuera el mejor momento de su temporada.<\/p>\n<p>   El Inter, liderado por Simone Inzaghi, sali\u00f3 decidido a tomar el protagonismo tras el empate 1 a 1 en la ida.<\/p>\n<div class=\"iframely-embed medium-embedded-content\" data-html=\"Jmx0O2RpdiZndDsmbHQ7ZGl2IHN0eWxlPSJsZWZ0OiAwOyB3aWR0aDogMTAwJTsgaGVpZ2h0OiAwOyBwb3NpdGlvbjogcmVsYXRpdmU7IHBhZGRpbmctYm90dG9tOiA1Ni4wNDE3JTsiJmd0OyZsdDtpZnJhbWUgc3JjPSJodHRwczovL2lmcmFtZWx5LnBhZ2luYTEyLmNvbS5hci9hcGkvaWZyYW1lP2NsaWNrX3RvX3BsYXk9MSZhbXA7dXJsPWh0dHBzJTNBJTJGJTJGZ2VvLmRhaWx5bW90aW9uLmNvbSUyRnBsYXllciUyRnh0NWVlLmh0bWwlM0Z2aWRlbyUzRHg5aWVpOG0mYW1wO2tleT00Njc2YjVmZGMwODMyNTdlYTg3ZjcxNjA4Yzc0ZTlmZSIgc3R5bGU9InRvcDogMDsgbGVmdDogMDsgd2lkdGg6IDEwMCU7IGhlaWdodDogMTAwJTsgcG9zaXRpb246IGFic29sdXRlOyBib3JkZXI6IDA7IiBhbGxvd2Z1bGxzY3JlZW4gc2Nyb2xsaW5nPSJubyIgYWxsb3c9ImVuY3J5cHRlZC1tZWRpYSAqOyImZ3Q7Jmx0Oy9pZnJhbWUmZ3Q7Jmx0Oy9kaXYmZ3Q7Jmx0Oy9kaXYmZ3Q7Jmx0O2RpdiBjbGFzcz0ibWVkaXVtLWluc2VydC1lbWJlZHMtbWV0YSImZ3Q7Jmx0O3NjcmlwdCB0eXBlPSJ0ZXh0L2pzb24iJmd0O3sidXJsIjoiaHR0cHM6Ly9nZW8uZGFpbHltb3Rpb24uY29tL3BsYXllci94dDVlZS5odG1sP3ZpZGVvPXg5aWVpOG0iLCJ0eXBlIjoidmlkZW8iLCJ2ZXJzaW9uIjoiMS4wIiwidGl0bGUiOiJMYSBlbW9jacOzbiBkZSBMYXV0YXJvIE1hcnTDrW5leiBlbiBlbCBtaW51dG8gZGUgc2lsZW5jaW8gcG9yIGVsIFBhcGEgRnJhbmNpc2NvIGVuIEludGVyLU1pbGFuIiwiYXV0aG9yIjoiUMOhZ2luYTEyIiwiYXV0aG9yX3VybCI6Imh0dHBzOi8vd3d3LmRhaWx5bW90aW9uLmNvbS9QYWdpbmExMiIsInByb3ZpZGVyX25hbWUiOiJEYWlseW1vdGlvbiIsImRlc2NyaXB0aW9uIjoiVmVyIExhIGVtb2Npw7NuIGRlIExhdXRhcm8gTWFydMOtbmV6IGVuIGVsIG1pbnV0byBkZSBzaWxlbmNpbyBwb3IgZWwgUGFwYSBGcmFuY2lzY28gZW4gSW50ZXItTWlsYW4gLSBQw6FnaW5hMTIgZW4gRGFpbHltb3Rpb24iLCJ0aHVtYm5haWxfdXJsIjoiaHR0cHM6Ly9zMS5kbWNkbi5uZXQvdi9ZSHNkTTFlMk1zZmQ0YXpfUi94NzIwIiwidGh1bWJuYWlsX3dpZHRoIjoxMjgwLCJ0aHVtYm5haWxfaGVpZ2h0Ijo3MjAsImNhY2hlX2FnZSI6ODY0MDB9Jmx0Oy9zY3JpcHQmZ3Q7Jmx0Oy9kaXYmZ3Q7\">\n                <a data-iframely-url=\"\" href=\"https:\/\/geo.dailymotion.com\/player\/xt5ee.html?video=x9iei8m\">https:\/\/geo.dailymotion.com\/player\/xt5ee.html?video=x9iei8m<\/a>\n              <\/div>\n<p>Aunque parec\u00eda tener el control en los primeros minutos, incluido un remate al palo del italiano Federico Dimarco, la historia dio un giro inesperado.<\/p>\n<p>   A diez minutos del final de la primera parte, una jugada por la banda derecha culmin\u00f3 con un centro impecable del espa\u00f1ol \u00c1lex Jim\u00e9nez que<b> el serbio Luka Jovic convirti\u00f3 de cabeza<\/b>, dejando sin reacci\u00f3n al arquero espa\u00f1ol Josep Mart\u00ednez.<\/p>\n<p>   El inicio de la segunda mitad fue un golpe decisivo para los Nerazzurri. Apenas a los cuatro minutos, el estadounidense Christian Pulisic ejecut\u00f3 un c\u00f3rner desde la derecha. En el \u00e1rea chica,<b> Jovic volvi\u00f3 a aparecer tras un forcejeo y ampli\u00f3 la ventaja para el Milan<\/b>.<b>\u00a0<\/b>Pese a los intentos del Inter por descontar, el arquero franc\u00e9s Mike Maignan se mostr\u00f3 impenetrable bajo los tres palos.<\/p>\n<p>   En el tramo final, el neerland\u00e9s <b>Tijjani Reijnders liquid\u00f3 el partido con un gol que desat\u00f3 la fiesta en el lado rojo y negro de Mil\u00e1n<\/b>.<\/p>\n<p>   Con este resultado, el Milan avanza a la gran final de la Copa Italia, reafirmando su dominio en los cl\u00e1sicos y dejando atr\u00e1s a su eterno rival.<\/p>\n<p><!-- Live Blog Post --><\/div>\n<p><a href=\"https:\/\/www.pagina12.com.ar\/820457-la-emocion-de-lautaro-martinez-en-el-minuto-de-silencio-por-\">source<\/a><\/p>\n","protected":false},"excerpt":{"rendered":"<p>Inter y Milan jugaron este mi\u00e9rcoles la revancha de la semifinal de la Copa Italia,&#8230;<\/p>\n","protected":false},"author":3,"featured_media":20263,"comment_status":"closed","ping_status":"closed","sticky":false,"template":"","format":"standard","meta":{"footnotes":""},"categories":[21],"tags":[],"class_list":["post-20262","post","type-post","status-publish","format-standard","has-post-thumbnail","hentry","category-deportes"],"featured_image_urls":{"full":["https:\/\/fmamiga909.com.ar\/wp-content\/uploads\/2025\/04\/wp-header-logo-264.png",960,540,false],"thumbnail":["https:\/\/fmamiga909.com.ar\/wp-content\/uploads\/2025\/04\/wp-header-logo-264-150x150.png",150,150,true],"medium":["https:\/\/fmamiga909.com.ar\/wp-content\/uploads\/2025\/04\/wp-header-logo-264-300x169.png",300,169,true],"medium_large":["https:\/\/fmamiga909.com.ar\/wp-content\/uploads\/2025\/04\/wp-header-logo-264.png",960,540,false],"large":["https:\/\/fmamiga909.com.ar\/wp-content\/uploads\/2025\/04\/wp-header-logo-264.png",640,360,false],"1536x1536":["https:\/\/fmamiga909.com.ar\/wp-content\/uploads\/2025\/04\/wp-header-logo-264.png",960,540,false],"2048x2048":["https:\/\/fmamiga909.com.ar\/wp-content\/uploads\/2025\/04\/wp-header-logo-264.png",960,540,false],"newsium-slider-full":["https:\/\/fmamiga909.com.ar\/wp-content\/uploads\/2025\/04\/wp-header-logo-264.png",960,540,false],"newsium-featured":["https:\/\/fmamiga909.com.ar\/wp-content\/uploads\/2025\/04\/wp-header-logo-264.png",960,540,false],"newsium-medium":["https:\/\/fmamiga909.com.ar\/wp-content\/uploads\/2025\/04\/wp-header-logo-264-720x475.png",720,475,true]},"author_info":{"display_name":"Fredy Giuliano","author_link":"https:\/\/fmamiga909.com.ar\/?author=3"},"category_info":"<a href=\"https:\/\/fmamiga909.com.ar\/?cat=21\" rel=\"category\">Deportes<\/a>","tag_info":"Deportes","comment_count":"0","_links":{"self":[{"href":"https:\/\/fmamiga909.com.ar\/index.php?rest_route=\/wp\/v2\/posts\/20262","targetHints":{"allow":["GET"]}}],"collection":[{"href":"https:\/\/fmamiga909.com.ar\/index.php?rest_route=\/wp\/v2\/posts"}],"about":[{"href":"https:\/\/fmamiga909.com.ar\/index.php?rest_route=\/wp\/v2\/types\/post"}],"author":[{"embeddable":true,"href":"https:\/\/fmamiga909.com.ar\/index.php?rest_route=\/wp\/v2\/users\/3"}],"replies":[{"embeddable":true,"href":"https:\/\/fmamiga909.com.ar\/index.php?rest_route=%2Fwp%2Fv2%2Fcomments&post=20262"}],"version-history":[{"count":0,"href":"https:\/\/fmamiga909.com.ar\/index.php?rest_route=\/wp\/v2\/posts\/20262\/revisions"}],"wp:featuredmedia":[{"embeddable":true,"href":"https:\/\/fmamiga909.com.ar\/index.php?rest_route=\/wp\/v2\/media\/20263"}],"wp:attachment":[{"href":"https:\/\/fmamiga909.com.ar\/index.php?rest_route=%2Fwp%2Fv2%2Fmedia&parent=20262"}],"wp:term":[{"taxonomy":"category","embeddable":true,"href":"https:\/\/fmamiga909.com.ar\/index.php?rest_route=%2Fwp%2Fv2%2Fcategories&post=20262"},{"taxonomy":"post_tag","embeddable":true,"href":"https:\/\/fmamiga909.com.ar\/index.php?rest_route=%2Fwp%2Fv2%2Ftags&post=20262"}],"curies":[{"name":"wp","href":"https:\/\/api.w.org\/{rel}","templated":true}]}}