{"id":20330,"date":"2025-04-26T23:44:56","date_gmt":"2025-04-26T23:44:56","guid":{"rendered":"https:\/\/fmamiga909.com.ar\/?p=20330"},"modified":"2025-04-26T23:44:56","modified_gmt":"2025-04-26T23:44:56","slug":"liga-profesional-san-lorenzo-perdio-con-central-entre-el-homenaje-al-papa-y-los-insultos-a-moretti","status":"publish","type":"post","link":"https:\/\/fmamiga909.com.ar\/?p=20330","title":{"rendered":"Liga Profesional: San Lorenzo perdi\u00f3 con Central, entre el homenaje al Papa y los insultos a Moretti"},"content":{"rendered":"<div><!-- Body --><\/p>\n<p>En una semana convulsionada por el esc\u00e1ndalo que envolvi\u00f3 al presidente Marcelo Moretti, acusado de recibir 25 mil d\u00f3lares para fichar a un juvenil para las divisiones inferiores, San Lorenzo de Almagro perdi\u00f3 1-0 frente Rosario Central con el tanto de Enzo Copetti sobre el final del partido correspondiente a la fecha 15 del torneo Apertura. En el festejo del gol, desde la tribuna local lanzaron dos bombas de estruendo a los futbolistas canallas que estaban festejando la conquista, ubicados en el sector del c\u00f3rner que da a la Perito Moreno.\u00a0<\/p>\n<p><iframe style=\"border: 0px; position: absolute; top: 0px; left: 0px; height: 100%;\" allowfullscreen=\"\" frameborder=\"0\" src=\"https:\/\/www.youtube.com\/embed\/v2_fU0-cO6M\"><\/iframe><\/p>\n<p>Se jugaron dos partidos en el Nuevo Gas\u00f3metro que tuvo un clima muy caliente. Uno lo jug\u00f3 el p\u00fablico local en las tribunas con el apoyo constante, el recordatorio al Papa Francisco tras su fallecimiento, los insultos contra los dirigentes, especialmente contra Moretti, y el lanzamiento de las bombas de estruendo desde la popular. El otro, lo disputaron el conjunto conducido por Miguel \u00c1ngel Russo frente al de Ariel Holan que termin\u00f3 siendo una justa victoria para la visita.<\/p>\n<p>El presente futbol\u00edstico con intermitencias que atraviesa el Cicl\u00f3n se vio opacado por el lio que tiene en el ojo de la tormenta a Moretti, qui\u00e9n pidi\u00f3 licencia en su cargo. El mandatario se hizo una autodenuncia para dar explicaciones al respecto y por obvias razones no estuvo en el NG. Este lio que lo envuelve no pas\u00f3 desapercibido en el estadio, ya que los hinchas locales mostraron su descontento con c\u00e1nticos contra la actual dirigencia.<\/p>\n<p>En la previa, que tuvo varios focos abiertos, hubo un recuerdo especial al Papa, conocido hincha cuervo desde que era Jorge Bergoglio, cardenal que asisti\u00f3 en el 2009 a la Capilla Padre Lorenzo Massa, ubicada en Ciudad Deportiva, lindante al Pedro Bidegain, para confirmar a \u00c1ngel Correa, campe\u00f3n del Mundo en Qatar 2022. La pantalla gigante mostr\u00f3 un video institucional de 30 segundos con im\u00e1genes del Santo Padre, mientras los hinchas lo ovacionaron.<\/p>\n<p>Adem\u00e1s, hubo un cuadro pintado por la artista L\u00fa Sedova, ubicado dentro del campo de juego, junto al escudo azulgrana. En tanto, los jugadores locales lucieron una camiseta especial con un parche alusivo en su pecho con la cara del Papa Francisco, m\u00e1s la frase \u201cJuntos por la eternidad\u201d junto al n\u00famero 1936 que es el a\u00f1o de su nacimiento y el s\u00edmbolo de infinito.<\/p>\n<p>Los hinchas desplegaron tirantes blancos y amarillos en las tribunas en recordatorio al Pont\u00edfice, como tambi\u00e9n una bandera con el escudo azulgrana con la cara del Papa que mostr\u00f3 La Butteler. Adem\u00e1s, el micro que trajo al plantel local estuvo ploteado con su imagen. Minutos antes de que el \u00e1rbitro Leandro Rey Hilfer pitara el inicio del juego, los capitanes Jorge Broun e Iker Munian mostraron una pancarta con la cara de Bergoglio en el circulo central.<\/p>\n<p>Luego, comenzaron las \u201cdedicatorias\u201d para la c\u00fapula dirigencial, especialmente para Moretti. \u201cDirigentes, dirigentes, no se los decimos m\u00e1s, si no llaman a elecciones, que quilombo se va a armar\u201d. \u201cMoretti hijo de p\u2026\u201d. \u201cEl club es de los socios\u201d, se escuch\u00f3 en un clima espeso. \u201cQue se vayan todos, que no quede ni un solo\u201d, fue el pedido de los hinchas en alusi\u00f3n el resto de la comisi\u00f3n directiva. En tanto, los jugadores e integrantes del cuerpo t\u00e9cnico recibieron aplausos desde que pisaron el verde c\u00e9sped para hacer los trabajos precompetitivos.<\/p>\n<p>En lo futbol\u00edstico, el local al inicio mostr\u00f3 confianza, solidez en defensa, orden, siendo un equipo corto, con dos l\u00edneas de cuatro y dos delanteros qu\u00e9 por momentos jug\u00f3 mejor que la visita, aunque Central se mantuvo replegado en su campo para salir de contragolpe. Fue un primer tiempo parejo. El due\u00f1o de casa manej\u00f3 la pelota, mientras que el Canalla apel\u00f3 a los pelotazos para Copetti y aprovechar la segunda pelota. Primero, lo tuvo Vombergar de volea, pero se fue desviado. Luego, Lovera prob\u00f3 de afuera del \u00e1rea y Gill mand\u00f3 la pelota al c\u00f3rner.<\/p>\n<p>En el entretiempo, continuaron los homenajes para Francisco. Hubo un desfile de chicos del Barrio 31 de Retiro que integran la sede de Scholas Ocurrentes, la organizaci\u00f3n internacional de derecho pontifico creada por el Papa Francisco en 2013 para transformar la educaci\u00f3n mundial. Este grupo estuvo acompa\u00f1ado de la categor\u00eda 2012 de Boedo que viajar\u00e1 a jugar un torneo en Rusia con equipos muy importantes de varios pa\u00edses.<\/p>\n<p>La t\u00f3nica no cambi\u00f3 en el complemento. El Cicl\u00f3n domin\u00f3 en campo rival, mientras que Central, de contra, intent\u00f3 sorprender con pases entre l\u00edneas para agarrar mal parada a la defensa de Russo. De esta manera, el equipo de Holan gener\u00f3 situaciones, pero no llegaron a convertir Duarte ni Mallo de cabeza.<\/p>\n<p>De la mano de Munian, el local atac\u00f3 por las bandas, con la velocidad y el desequilibrio de Cerutti que tir\u00f3 centros para Vombergar que no lleg\u00f3 a conectar. Tambi\u00e9n, lo tuvo el reci\u00e9n ingresado Giaccone, pero respondi\u00f3 bien Gill, quien se transform\u00f3 en la figura del partido.<\/p>\n<p>Sobre la hora, Copetti aprovech\u00f3 un centro desde la izquierda para marcar de anticipo\u00a0 el \u00fanico tanto del partido. A tono del lio institucional, se le suma la derrota sobre el final y las bombas de estruendos que se lanzaron al campo de juego para empeorar la situaci\u00f3n de San Lorenzo.<\/p>\n<p>      <!-- Live Blog Post --><\/div>\n<p><a href=\"https:\/\/www.pagina12.com.ar\/821288-liga-profesional-san-lorenzo-perdio-con-central-entre-el-hom\">source<\/a><\/p>\n","protected":false},"excerpt":{"rendered":"<p>En una semana convulsionada por el esc\u00e1ndalo que envolvi\u00f3 al presidente Marcelo Moretti, acusado de&#8230;<\/p>\n","protected":false},"author":3,"featured_media":20331,"comment_status":"closed","ping_status":"closed","sticky":false,"template":"","format":"standard","meta":{"footnotes":""},"categories":[21],"tags":[],"class_list":["post-20330","post","type-post","status-publish","format-standard","has-post-thumbnail","hentry","category-deportes"],"featured_image_urls":{"full":["https:\/\/fmamiga909.com.ar\/wp-content\/uploads\/2025\/04\/wp-header-logo-298.png",960,540,false],"thumbnail":["https:\/\/fmamiga909.com.ar\/wp-content\/uploads\/2025\/04\/wp-header-logo-298-150x150.png",150,150,true],"medium":["https:\/\/fmamiga909.com.ar\/wp-content\/uploads\/2025\/04\/wp-header-logo-298-300x169.png",300,169,true],"medium_large":["https:\/\/fmamiga909.com.ar\/wp-content\/uploads\/2025\/04\/wp-header-logo-298.png",960,540,false],"large":["https:\/\/fmamiga909.com.ar\/wp-content\/uploads\/2025\/04\/wp-header-logo-298.png",640,360,false],"1536x1536":["https:\/\/fmamiga909.com.ar\/wp-content\/uploads\/2025\/04\/wp-header-logo-298.png",960,540,false],"2048x2048":["https:\/\/fmamiga909.com.ar\/wp-content\/uploads\/2025\/04\/wp-header-logo-298.png",960,540,false],"newsium-slider-full":["https:\/\/fmamiga909.com.ar\/wp-content\/uploads\/2025\/04\/wp-header-logo-298.png",960,540,false],"newsium-featured":["https:\/\/fmamiga909.com.ar\/wp-content\/uploads\/2025\/04\/wp-header-logo-298.png",960,540,false],"newsium-medium":["https:\/\/fmamiga909.com.ar\/wp-content\/uploads\/2025\/04\/wp-header-logo-298-720x475.png",720,475,true]},"author_info":{"display_name":"Fredy Giuliano","author_link":"https:\/\/fmamiga909.com.ar\/?author=3"},"category_info":"<a href=\"https:\/\/fmamiga909.com.ar\/?cat=21\" rel=\"category\">Deportes<\/a>","tag_info":"Deportes","comment_count":"0","_links":{"self":[{"href":"https:\/\/fmamiga909.com.ar\/index.php?rest_route=\/wp\/v2\/posts\/20330","targetHints":{"allow":["GET"]}}],"collection":[{"href":"https:\/\/fmamiga909.com.ar\/index.php?rest_route=\/wp\/v2\/posts"}],"about":[{"href":"https:\/\/fmamiga909.com.ar\/index.php?rest_route=\/wp\/v2\/types\/post"}],"author":[{"embeddable":true,"href":"https:\/\/fmamiga909.com.ar\/index.php?rest_route=\/wp\/v2\/users\/3"}],"replies":[{"embeddable":true,"href":"https:\/\/fmamiga909.com.ar\/index.php?rest_route=%2Fwp%2Fv2%2Fcomments&post=20330"}],"version-history":[{"count":0,"href":"https:\/\/fmamiga909.com.ar\/index.php?rest_route=\/wp\/v2\/posts\/20330\/revisions"}],"wp:featuredmedia":[{"embeddable":true,"href":"https:\/\/fmamiga909.com.ar\/index.php?rest_route=\/wp\/v2\/media\/20331"}],"wp:attachment":[{"href":"https:\/\/fmamiga909.com.ar\/index.php?rest_route=%2Fwp%2Fv2%2Fmedia&parent=20330"}],"wp:term":[{"taxonomy":"category","embeddable":true,"href":"https:\/\/fmamiga909.com.ar\/index.php?rest_route=%2Fwp%2Fv2%2Fcategories&post=20330"},{"taxonomy":"post_tag","embeddable":true,"href":"https:\/\/fmamiga909.com.ar\/index.php?rest_route=%2Fwp%2Fv2%2Ftags&post=20330"}],"curies":[{"name":"wp","href":"https:\/\/api.w.org\/{rel}","templated":true}]}}