{"id":20394,"date":"2025-04-28T23:00:26","date_gmt":"2025-04-28T23:00:26","guid":{"rendered":"https:\/\/fmamiga909.com.ar\/?p=20394"},"modified":"2025-04-28T23:00:26","modified_gmt":"2025-04-28T23:00:26","slug":"internaron-en-asuncion-del-paraguay-a-dario-benedetto-por-dengue","status":"publish","type":"post","link":"https:\/\/fmamiga909.com.ar\/?p=20394","title":{"rendered":"Internaron en Asunci\u00f3n del Paraguay a Dar\u00edo Benedetto por dengue"},"content":{"rendered":"<div><!-- Body --><\/p>\n<p><b>Dar\u00edo Benedetto, <\/b>actual delantero de Olimpia de Paraguay y exjugador de Boca,<b> qued\u00f3 internado por dengue en una cl\u00ednica de Asunci\u00f3n, en Paraguay.<\/b> Seg\u00fan inform\u00f3 el club paraguayo, el \u00abPipa\u00bb tuvo que quedar \u00abbajo observaci\u00f3n\u00bb y est\u00e1 en duda su participaci\u00f3n en el cl\u00e1sico ante Cerro Porte\u00f1o.<\/p>\n<p>Los directivos del club Olimpia expresaron su preocupaci\u00f3n por la salud del delantero argentino.<\/p>\n<p>\u201c<b>El atleta Dar\u00edo Benedetto actualmente cursa con un cuadro viral de dengue cl\u00e1sico<\/b>, debido a lo cual est\u00e1 internado en un servicio asistencial para mejor control y monitoreo\u201d, expres\u00f3 Olimpia en un comunicado compartido en sus redes sociales.<\/p>\n<p>De este modo, <b>el delantero se qued\u00f3 afuera del partido de este lunes<\/b>, cuando Olimpia enfrente a Sportivo Trinidense, por la fecha 16 del torneo paraguayo. Y, si bien su regreso depender\u00e1 de la evoluci\u00f3n de su cuadro,<strong> tambi\u00e9n esta en duda su presencia para el cl\u00e1sico del pr\u00f3ximo s\u00e1bado frente a Cerro Porte\u00f1o.<\/strong>\u00a0<\/p>\n<p>Desde su llegada a Olimpia, en enero de este a\u00f1o,<strong> Benedetto disput\u00f3 11 partidos y a\u00fan no pudo convertir.<\/strong> Por este motivo, sumado al cruce que mantuvo con un hincha luego del duro 0-4 ante V\u00e9lez por la Sudamericana, <strong>hoy el Pipa es discutido por los hinchas del Decano.<\/strong><\/p>\n<p><!-- Live Blog Post --><\/div>\n<p><a href=\"https:\/\/www.pagina12.com.ar\/821731-internaron-en-asuncion-del-paraguay-a-dario-benedetto-por-de\">source<\/a><\/p>\n","protected":false},"excerpt":{"rendered":"<p>Dar\u00edo Benedetto, actual delantero de Olimpia de Paraguay y exjugador de Boca, qued\u00f3 internado por&#8230;<\/p>\n","protected":false},"author":3,"featured_media":20395,"comment_status":"closed","ping_status":"closed","sticky":false,"template":"","format":"standard","meta":{"footnotes":""},"categories":[21],"tags":[],"class_list":["post-20394","post","type-post","status-publish","format-standard","has-post-thumbnail","hentry","category-deportes"],"featured_image_urls":{"full":["https:\/\/fmamiga909.com.ar\/wp-content\/uploads\/2025\/04\/wp-header-logo-330.png",960,540,false],"thumbnail":["https:\/\/fmamiga909.com.ar\/wp-content\/uploads\/2025\/04\/wp-header-logo-330-150x150.png",150,150,true],"medium":["https:\/\/fmamiga909.com.ar\/wp-content\/uploads\/2025\/04\/wp-header-logo-330-300x169.png",300,169,true],"medium_large":["https:\/\/fmamiga909.com.ar\/wp-content\/uploads\/2025\/04\/wp-header-logo-330.png",960,540,false],"large":["https:\/\/fmamiga909.com.ar\/wp-content\/uploads\/2025\/04\/wp-header-logo-330.png",640,360,false],"1536x1536":["https:\/\/fmamiga909.com.ar\/wp-content\/uploads\/2025\/04\/wp-header-logo-330.png",960,540,false],"2048x2048":["https:\/\/fmamiga909.com.ar\/wp-content\/uploads\/2025\/04\/wp-header-logo-330.png",960,540,false],"newsium-slider-full":["https:\/\/fmamiga909.com.ar\/wp-content\/uploads\/2025\/04\/wp-header-logo-330.png",960,540,false],"newsium-featured":["https:\/\/fmamiga909.com.ar\/wp-content\/uploads\/2025\/04\/wp-header-logo-330.png",960,540,false],"newsium-medium":["https:\/\/fmamiga909.com.ar\/wp-content\/uploads\/2025\/04\/wp-header-logo-330-720x475.png",720,475,true]},"author_info":{"display_name":"Fredy Giuliano","author_link":"https:\/\/fmamiga909.com.ar\/?author=3"},"category_info":"<a href=\"https:\/\/fmamiga909.com.ar\/?cat=21\" rel=\"category\">Deportes<\/a>","tag_info":"Deportes","comment_count":"0","_links":{"self":[{"href":"https:\/\/fmamiga909.com.ar\/index.php?rest_route=\/wp\/v2\/posts\/20394","targetHints":{"allow":["GET"]}}],"collection":[{"href":"https:\/\/fmamiga909.com.ar\/index.php?rest_route=\/wp\/v2\/posts"}],"about":[{"href":"https:\/\/fmamiga909.com.ar\/index.php?rest_route=\/wp\/v2\/types\/post"}],"author":[{"embeddable":true,"href":"https:\/\/fmamiga909.com.ar\/index.php?rest_route=\/wp\/v2\/users\/3"}],"replies":[{"embeddable":true,"href":"https:\/\/fmamiga909.com.ar\/index.php?rest_route=%2Fwp%2Fv2%2Fcomments&post=20394"}],"version-history":[{"count":0,"href":"https:\/\/fmamiga909.com.ar\/index.php?rest_route=\/wp\/v2\/posts\/20394\/revisions"}],"wp:featuredmedia":[{"embeddable":true,"href":"https:\/\/fmamiga909.com.ar\/index.php?rest_route=\/wp\/v2\/media\/20395"}],"wp:attachment":[{"href":"https:\/\/fmamiga909.com.ar\/index.php?rest_route=%2Fwp%2Fv2%2Fmedia&parent=20394"}],"wp:term":[{"taxonomy":"category","embeddable":true,"href":"https:\/\/fmamiga909.com.ar\/index.php?rest_route=%2Fwp%2Fv2%2Fcategories&post=20394"},{"taxonomy":"post_tag","embeddable":true,"href":"https:\/\/fmamiga909.com.ar\/index.php?rest_route=%2Fwp%2Fv2%2Ftags&post=20394"}],"curies":[{"name":"wp","href":"https:\/\/api.w.org\/{rel}","templated":true}]}}