{"id":20452,"date":"2025-05-01T00:20:26","date_gmt":"2025-05-01T00:20:26","guid":{"rendered":"https:\/\/fmamiga909.com.ar\/?p=20452"},"modified":"2025-05-01T00:20:26","modified_gmt":"2025-05-01T00:20:26","slug":"el-dolor-de-lautaro-martinez-tras-salir-lesionado-en-inter-barcelona","status":"publish","type":"post","link":"https:\/\/fmamiga909.com.ar\/?p=20452","title":{"rendered":"El dolor de Lautaro Mart\u00ednez tras salir lesionado en Inter-Barcelona"},"content":{"rendered":"<div><!-- Body --><\/p>\n<p>El <b\/><a href=\"https:\/\/www.pagina12.com.ar\/822308-champions-league-barcelona-e-inter-empataron-en-la-ida-de-la\"><b>Barcelona y el Inter de Mil\u00e1n empataron 3 a 3<\/b> <\/a>en un partido apasionante, en la ida de la semifinal de la Champions League. Sin embargo, para los argentinos la alarma se encendi\u00f3 cuando <b>Lautaro Mart\u00ednez fue sustituido en el descanso, tras lesionarse al final de la primera mitad.<\/b><\/p>\n<p>El delantero de la Selecci\u00f3n Argentina sinti\u00f3 <b>una molestia muscular en su pierna derecha<\/b> en el final de la primera mitad cuando llevaba la pelota en sus pies. El campe\u00f3n del mundo se fren\u00f3 y solt\u00f3 la pelota para un compa\u00f1ero al dar muestras de dolor.<\/p>\n<p>En ese momento, el surgido de Racing sali\u00f3 del campo para ser atendido por los m\u00e9dicos durante unos instantes. Sin embargo, regres\u00f3 al c\u00e9sped para completar la primera mitad, a la que solo le quedaban dos minutos. <b>Al regreso del descanso, Taremi tom\u00f3 su lugar.<\/b><\/p>\n<div class=\"iframely-embed medium-embedded-content\" data-html=\"Jmx0O2RpdiZndDsmbHQ7ZGl2IHN0eWxlPSJsZWZ0OiAwOyB3aWR0aDogMTAwJTsgaGVpZ2h0OiAwOyBwb3NpdGlvbjogcmVsYXRpdmU7IHBhZGRpbmctYm90dG9tOiA1Ni40NTgzJTsiJmd0OyZsdDtpZnJhbWUgc3JjPSJodHRwczovL2lmcmFtZWx5LnBhZ2luYTEyLmNvbS5hci9hcGkvaWZyYW1lP2NsaWNrX3RvX3BsYXk9MSZhbXA7dXJsPWh0dHBzJTNBJTJGJTJGZ2VvLmRhaWx5bW90aW9uLmNvbSUyRnBsYXllciUyRnh0NWVlLmh0bWwlM0Z2aWRlbyUzRHg5aXNzM3MmYW1wO2tleT00Njc2YjVmZGMwODMyNTdlYTg3ZjcxNjA4Yzc0ZTlmZSIgc3R5bGU9InRvcDogMDsgbGVmdDogMDsgd2lkdGg6IDEwMCU7IGhlaWdodDogMTAwJTsgcG9zaXRpb246IGFic29sdXRlOyBib3JkZXI6IDA7IiBhbGxvd2Z1bGxzY3JlZW4gc2Nyb2xsaW5nPSJubyIgYWxsb3c9ImVuY3J5cHRlZC1tZWRpYSAqOyImZ3Q7Jmx0Oy9pZnJhbWUmZ3Q7Jmx0Oy9kaXYmZ3Q7Jmx0Oy9kaXYmZ3Q7Jmx0O2RpdiBjbGFzcz0ibWVkaXVtLWluc2VydC1lbWJlZHMtbWV0YSImZ3Q7Jmx0O3NjcmlwdCB0eXBlPSJ0ZXh0L2pzb24iJmd0O3sidXJsIjoiaHR0cHM6Ly9nZW8uZGFpbHltb3Rpb24uY29tL3BsYXllci94dDVlZS5odG1sP3ZpZGVvPXg5aXNzM3MiLCJ0eXBlIjoidmlkZW8iLCJ2ZXJzaW9uIjoiMS4wIiwidGl0bGUiOiJMYSBsZXNpw7NuIGRlIExhdXRhcm8gTWFydMOtbmV6IGR1cmFudGUgZWwgcGFydGlkbyBlbnRyZSBJbnRlciB5IEJhcmNlbG9uYSIsImF1dGhvciI6IlDDoWdpbmExMiIsImF1dGhvcl91cmwiOiJodHRwczovL3d3dy5kYWlseW1vdGlvbi5jb20vUGFnaW5hMTIiLCJwcm92aWRlcl9uYW1lIjoiRGFpbHltb3Rpb24iLCJkZXNjcmlwdGlvbiI6IlZlciBMYSBsZXNpw7NuIGRlIExhdXRhcm8gTWFydMOtbmV6IGR1cmFudGUgZWwgcGFydGlkbyBlbnRyZSBJbnRlciB5IEJhcmNlbG9uYSAtIFDDoWdpbmExMiBlbiBEYWlseW1vdGlvbiIsInRodW1ibmFpbF91cmwiOiJodHRwczovL3MyLmRtY2RuLm5ldC92L1lLUEQ4MWU0aGh6ZGFiNmJBL3g3MjAiLCJ0aHVtYm5haWxfd2lkdGgiOjEyODAsInRodW1ibmFpbF9oZWlnaHQiOjcyMCwiY2FjaGVfYWdlIjo4NjQwMH0mbHQ7L3NjcmlwdCZndDsmbHQ7L2RpdiZndDs=\">\n                <a data-iframely-url=\"\" href=\"https:\/\/geo.dailymotion.com\/player\/xt5ee.html?video=x9iss3s\">https:\/\/geo.dailymotion.com\/player\/xt5ee.html?video=x9iss3s<\/a>\n              <\/div>\n<p>As\u00ed, el Toro dej\u00f3 a su equipo en el momento en el que m\u00e1s sufr\u00edan. Es que el Nerazzurro hab\u00eda conseguido una r\u00e1pida ventaja con gritos de Thuram y Dumfries, pero Barcelona se recuper\u00f3 minutos antes de la lesi\u00f3n del delantero argentino.<\/p>\n<p>Lamine Yamal, con una espectacular jugada que culmin\u00f3 con un remate colocado contra el palo, y Ferran Torres, que defini\u00f3 frente al arco luego de que Raphinha la bajara de cabeza, anotaron los tantos para el 2-2 transitorio hacia el entretiempo.<\/p>\n<p>En el complemento, el neerland\u00e9s Dumfries puso el 3-2 aunque no tuvo mucho tiempo para celebrar, ya que un tremendo zapatazo de Raphinha, a la salida de un c\u00f3rner, sell\u00f3 el empate.<\/p>\n<p><b>La revancha ser\u00e1 el martes 6 de mayo en el Stadio Giuseppe Meazza.<\/b> All\u00ed se conocer\u00e1 al primer finalista de la UEFA Champions League 2024-2025.<\/p>\n<p>Lautaro es una baja considerable para el equipo italiano, puesto que el delantero ha marcado 21 goles, con seis asistencias, para el Inter en todas las competiciones de esta temporada.<\/p>\n<p><!-- Live Blog Post --><\/div>\n<p><a href=\"https:\/\/www.pagina12.com.ar\/822373-el-dolor-de-lautaro-martinez-tras-salir-lesionado-en-inter-b\">source<\/a><\/p>\n","protected":false},"excerpt":{"rendered":"<p>El Barcelona y el Inter de Mil\u00e1n empataron 3 a 3 en un partido apasionante,&#8230;<\/p>\n","protected":false},"author":3,"featured_media":20453,"comment_status":"closed","ping_status":"closed","sticky":false,"template":"","format":"standard","meta":{"footnotes":""},"categories":[21],"tags":[],"class_list":["post-20452","post","type-post","status-publish","format-standard","has-post-thumbnail","hentry","category-deportes"],"featured_image_urls":{"full":["https:\/\/fmamiga909.com.ar\/wp-content\/uploads\/2025\/05\/wp-header-logo.png",960,540,false],"thumbnail":["https:\/\/fmamiga909.com.ar\/wp-content\/uploads\/2025\/05\/wp-header-logo-150x150.png",150,150,true],"medium":["https:\/\/fmamiga909.com.ar\/wp-content\/uploads\/2025\/05\/wp-header-logo-300x169.png",300,169,true],"medium_large":["https:\/\/fmamiga909.com.ar\/wp-content\/uploads\/2025\/05\/wp-header-logo.png",960,540,false],"large":["https:\/\/fmamiga909.com.ar\/wp-content\/uploads\/2025\/05\/wp-header-logo.png",640,360,false],"1536x1536":["https:\/\/fmamiga909.com.ar\/wp-content\/uploads\/2025\/05\/wp-header-logo.png",960,540,false],"2048x2048":["https:\/\/fmamiga909.com.ar\/wp-content\/uploads\/2025\/05\/wp-header-logo.png",960,540,false],"newsium-slider-full":["https:\/\/fmamiga909.com.ar\/wp-content\/uploads\/2025\/05\/wp-header-logo.png",960,540,false],"newsium-featured":["https:\/\/fmamiga909.com.ar\/wp-content\/uploads\/2025\/05\/wp-header-logo.png",960,540,false],"newsium-medium":["https:\/\/fmamiga909.com.ar\/wp-content\/uploads\/2025\/05\/wp-header-logo-720x475.png",720,475,true]},"author_info":{"display_name":"Fredy Giuliano","author_link":"https:\/\/fmamiga909.com.ar\/?author=3"},"category_info":"<a href=\"https:\/\/fmamiga909.com.ar\/?cat=21\" rel=\"category\">Deportes<\/a>","tag_info":"Deportes","comment_count":"0","_links":{"self":[{"href":"https:\/\/fmamiga909.com.ar\/index.php?rest_route=\/wp\/v2\/posts\/20452","targetHints":{"allow":["GET"]}}],"collection":[{"href":"https:\/\/fmamiga909.com.ar\/index.php?rest_route=\/wp\/v2\/posts"}],"about":[{"href":"https:\/\/fmamiga909.com.ar\/index.php?rest_route=\/wp\/v2\/types\/post"}],"author":[{"embeddable":true,"href":"https:\/\/fmamiga909.com.ar\/index.php?rest_route=\/wp\/v2\/users\/3"}],"replies":[{"embeddable":true,"href":"https:\/\/fmamiga909.com.ar\/index.php?rest_route=%2Fwp%2Fv2%2Fcomments&post=20452"}],"version-history":[{"count":0,"href":"https:\/\/fmamiga909.com.ar\/index.php?rest_route=\/wp\/v2\/posts\/20452\/revisions"}],"wp:featuredmedia":[{"embeddable":true,"href":"https:\/\/fmamiga909.com.ar\/index.php?rest_route=\/wp\/v2\/media\/20453"}],"wp:attachment":[{"href":"https:\/\/fmamiga909.com.ar\/index.php?rest_route=%2Fwp%2Fv2%2Fmedia&parent=20452"}],"wp:term":[{"taxonomy":"category","embeddable":true,"href":"https:\/\/fmamiga909.com.ar\/index.php?rest_route=%2Fwp%2Fv2%2Fcategories&post=20452"},{"taxonomy":"post_tag","embeddable":true,"href":"https:\/\/fmamiga909.com.ar\/index.php?rest_route=%2Fwp%2Fv2%2Ftags&post=20452"}],"curies":[{"name":"wp","href":"https:\/\/api.w.org\/{rel}","templated":true}]}}