{"id":20482,"date":"2025-05-02T17:32:32","date_gmt":"2025-05-02T17:32:32","guid":{"rendered":"https:\/\/fmamiga909.com.ar\/?p=20482"},"modified":"2025-05-02T17:32:32","modified_gmt":"2025-05-02T17:32:32","slug":"horacio-zeballos-a-la-final-en-la-tierra-de-la-cima-buscara-su-segundo-titulo-en-madrid","status":"publish","type":"post","link":"https:\/\/fmamiga909.com.ar\/?p=20482","title":{"rendered":"Horacio Zeballos, a la final en la tierra de la cima: buscar\u00e1 su segundo t\u00edtulo en Madrid"},"content":{"rendered":"<div><!-- Body --><\/p>\n<p><b><a href=\"https:\/\/www.pagina12.com.ar\/tags\/3890-horacio-zeballos\">Horacio Zeballos<\/a><\/b>\u00a0sonr\u00ede en la tierra que lo vio llegar a la cima del mundo. Un a\u00f1o despu\u00e9s de <b><a href=\"https:\/\/www.pagina12.com.ar\/733740-horacio-zeballos-el-numero-uno-detras-de-las-luces-los-detal\">haber alcanzado la c\u00faspide del ranking de dobles<\/a>\u00a0en el Masters 1000 de Madrid<\/b>, el primer argentino de la historia que lo hizo en un listado de la ATP, <b>logr\u00f3 el pase a la final en el mismo torneo junto con su compa\u00f1ero Marcel Granollers.<\/b><\/p>\n<p>El marplatense, que viene de cumplir 40 a\u00f1os el pasado 27 de abril,<b> se asegur\u00f3 el acceso al partido definitorio<\/b>\u00a0del torneo que se juega en polvo de ladrillo \u2013en la antesala de Roland Garros\u2013 luego de vencer, junto con su ladero fijo desde 2019, <b>a los\u00a0alemanes Krevin Krewietz y Tim Puetz por 7-6 (6) y 7-5.<\/b><\/p>\n<p>Para Zeballos, el hombre formado en el Edison Lawn Tenis Club de Mar del Plata, <b>se trata de su 45\u00aa aparici\u00f3n en una definici\u00f3n de dobles en torneos de calibre ATP<\/b> y la segunda en la Caja M\u00e1gica de Madrid,<b> luego de aquella conquista de 2021, cuando la dupla hispano-argentina levant\u00f3 el trofeo<\/b> tras superar a\u00a0los croatas Mate Pavic y Nicola Mektic.<\/p>\n<p><b>El zurdo buscar\u00e1 de esta forma su 24\u00b0 t\u00edtulo de nivel ATP como doblista, <\/b>disciplina a la que se dedic\u00f3 en exclusiva desde la temporada 2019 y en la que lleg\u00f3 a liderar el ranking mundial durante 15 semanas en dos momentos diferentes del a\u00f1o 2024. <b>La definici\u00f3n en Madrid ser\u00e1 la d\u00e9cima para el argentino en cert\u00e1menes de Masters 1000,<\/b> categor\u00eda en la que ostenta un r\u00e9cord admirable: <b>gan\u00f3 ocho sobre nueve partidos disputados por el t\u00edtulo.<\/b><\/p>\n<p>El mejor doblista argentino de todas las \u00e9pocas buscar\u00e1 tambi\u00e9n su segundo trofeo en lo que va de la temporada, despu\u00e9s de haber conquistado a principios de abril pasado <b><a href=\"https:\/\/www.pagina12.com.ar\/816115-horacio-zeballos-el-campeon-emocional-un-titulo-que-lo-llevo\">el ATP 250 de Bucarest, en Rumania, en condiciones clim\u00e1ticas heladas que le recordaron de manera emocional sus inicios en la fr\u00eda Mar del Plata.<\/a><\/b><\/p>\n<p>En caso de alzar el 24\u00b0 trofeo de su carrera como doblista en la capital de Espa\u00f1a, <b>Zeballos volver\u00e1 a ocupar uno de los puestos de privilegio entre los diez mejores jugadores del planeta<\/b>: actual 11\u00b0 en el escalaf\u00f3n, con una nueva conquista <b>ascender\u00e1 hasta el 7\u00b0 puesto internacional, <\/b>misma ubicaci\u00f3n que tendr\u00e1 su compa\u00f1ero Granollers.<\/p>\n<p>En el a\u00f1o en el que <b><a href=\"https:\/\/www.pagina12.com.ar\/800850-sufrir-para-resurgir-argentina-alimento-su-historia-y-avanzo\">regres\u00f3 al equipo argentino de la Copa Davis<\/a>\u00a0<\/b>de la mano del <b><a href=\"https:\/\/www.pagina12.com.ar\/788474-javier-frana-el-capitan-pacificador-aviso-que-hablara-con-ze\">nuevo capit\u00e1n Javier Frana<\/a><\/b>, con un aporte trascendental en el triunfo 3-2 ante Noruega como visitante en los Qualifiers, el experimentado marplatense tiene como objetivo para esta temporada<b> una deuda pendiente: ganar un torneo de Grand Slam.<\/b><\/p>\n<p>Junto con Granollers ya disput\u00f3 nada menos que tres finales en los torneos m\u00e1s valiosos del circuito<b>: US open 2019, Wimbledon 2021 y Wimbledon 2023.<\/b> En la temporada corriente todav\u00eda no hizo su debut en los Slams:<b> se perdi\u00f3 el Abierto de Australia por una lesi\u00f3n de \u00faltimo momento de su compa\u00f1ero. <\/b>Con el creciente nivel exhibido en Madrid, la pareja hispano-argentina apuntar\u00e1 de lleno a <b>Roland Garros, donde alcanzaron las semifinales en las \u00faltimas tres ediciones.<\/b><\/p>\n<p><b>\u00abGanar un Grand Slam es un gran objetivo, no me da miedo decirlo<\/b>, pero cuando me retire del tenis <b>me ir\u00e9 tranquilo por haberlo dejado todo.<\/b> Volver al n\u00famero uno es otro objetivo; estar en ese lugar me hizo sentir muy orgulloso\u00bb, le dijo meses atr\u00e1s el propio Zeballos a P\u00e1gina\/12.<b><br \/><\/b><\/p>\n<p><a href=\"\/cdn-cgi\/l\/email-protection\" class=\"__cf_email__\" data-cfemail=\"91e1f0fcf0fdf7f8e5f0fffed1e1f0f6f8fff0a0a3bff2fefcbff0e3\">[email\u00a0protected]<\/a><\/p>\n<p><!-- Live Blog Post --><\/div>\n<p><a href=\"https:\/\/www.pagina12.com.ar\/822683-horacio-zeballos-a-la-final-en-la-tierra-de-la-cima-buscara-\">source<\/a><\/p>\n","protected":false},"excerpt":{"rendered":"<p>Horacio Zeballos\u00a0sonr\u00ede en la tierra que lo vio llegar a la cima del mundo. Un&#8230;<\/p>\n","protected":false},"author":3,"featured_media":20483,"comment_status":"closed","ping_status":"closed","sticky":false,"template":"","format":"standard","meta":{"footnotes":""},"categories":[21],"tags":[],"class_list":["post-20482","post","type-post","status-publish","format-standard","has-post-thumbnail","hentry","category-deportes"],"featured_image_urls":{"full":["https:\/\/fmamiga909.com.ar\/wp-content\/uploads\/2025\/05\/wp-header-logo-15.png",960,540,false],"thumbnail":["https:\/\/fmamiga909.com.ar\/wp-content\/uploads\/2025\/05\/wp-header-logo-15-150x150.png",150,150,true],"medium":["https:\/\/fmamiga909.com.ar\/wp-content\/uploads\/2025\/05\/wp-header-logo-15-300x169.png",300,169,true],"medium_large":["https:\/\/fmamiga909.com.ar\/wp-content\/uploads\/2025\/05\/wp-header-logo-15.png",960,540,false],"large":["https:\/\/fmamiga909.com.ar\/wp-content\/uploads\/2025\/05\/wp-header-logo-15.png",640,360,false],"1536x1536":["https:\/\/fmamiga909.com.ar\/wp-content\/uploads\/2025\/05\/wp-header-logo-15.png",960,540,false],"2048x2048":["https:\/\/fmamiga909.com.ar\/wp-content\/uploads\/2025\/05\/wp-header-logo-15.png",960,540,false],"newsium-slider-full":["https:\/\/fmamiga909.com.ar\/wp-content\/uploads\/2025\/05\/wp-header-logo-15.png",960,540,false],"newsium-featured":["https:\/\/fmamiga909.com.ar\/wp-content\/uploads\/2025\/05\/wp-header-logo-15.png",960,540,false],"newsium-medium":["https:\/\/fmamiga909.com.ar\/wp-content\/uploads\/2025\/05\/wp-header-logo-15-720x475.png",720,475,true]},"author_info":{"display_name":"Fredy Giuliano","author_link":"https:\/\/fmamiga909.com.ar\/?author=3"},"category_info":"<a href=\"https:\/\/fmamiga909.com.ar\/?cat=21\" rel=\"category\">Deportes<\/a>","tag_info":"Deportes","comment_count":"0","_links":{"self":[{"href":"https:\/\/fmamiga909.com.ar\/index.php?rest_route=\/wp\/v2\/posts\/20482","targetHints":{"allow":["GET"]}}],"collection":[{"href":"https:\/\/fmamiga909.com.ar\/index.php?rest_route=\/wp\/v2\/posts"}],"about":[{"href":"https:\/\/fmamiga909.com.ar\/index.php?rest_route=\/wp\/v2\/types\/post"}],"author":[{"embeddable":true,"href":"https:\/\/fmamiga909.com.ar\/index.php?rest_route=\/wp\/v2\/users\/3"}],"replies":[{"embeddable":true,"href":"https:\/\/fmamiga909.com.ar\/index.php?rest_route=%2Fwp%2Fv2%2Fcomments&post=20482"}],"version-history":[{"count":0,"href":"https:\/\/fmamiga909.com.ar\/index.php?rest_route=\/wp\/v2\/posts\/20482\/revisions"}],"wp:featuredmedia":[{"embeddable":true,"href":"https:\/\/fmamiga909.com.ar\/index.php?rest_route=\/wp\/v2\/media\/20483"}],"wp:attachment":[{"href":"https:\/\/fmamiga909.com.ar\/index.php?rest_route=%2Fwp%2Fv2%2Fmedia&parent=20482"}],"wp:term":[{"taxonomy":"category","embeddable":true,"href":"https:\/\/fmamiga909.com.ar\/index.php?rest_route=%2Fwp%2Fv2%2Fcategories&post=20482"},{"taxonomy":"post_tag","embeddable":true,"href":"https:\/\/fmamiga909.com.ar\/index.php?rest_route=%2Fwp%2Fv2%2Ftags&post=20482"}],"curies":[{"name":"wp","href":"https:\/\/api.w.org\/{rel}","templated":true}]}}