{"id":20490,"date":"2025-05-02T23:38:05","date_gmt":"2025-05-02T23:38:05","guid":{"rendered":"https:\/\/fmamiga909.com.ar\/?p=20490"},"modified":"2025-05-02T23:38:05","modified_gmt":"2025-05-02T23:38:05","slug":"independiente-rivadavia-saco-a-defensa-de-la-liga-profesional","status":"publish","type":"post","link":"https:\/\/fmamiga909.com.ar\/?p=20490","title":{"rendered":"Independiente Rivadavia sac\u00f3 a Defensa de la Liga Profesional"},"content":{"rendered":"<div><!-- Body --><\/p>\n<p><b>Independiente Rivadavia bati\u00f3 3-2<\/b> este viernes <b>a Defensa y Justicia\u00a0y lo\u00a0dej\u00f3 sin chances de clasificarse<\/b> a la pr\u00f3xima etapa del torneo.\u00a0<\/p>\n<p>A los 18 minutos, el volante\u00a0Mat\u00edas Fern\u00e1ndez\u00a0fue a buscar una pelota al fondo y envi\u00f3 un gran centro para <b>Luciano G\u00f3mez<\/b>,\u00a0quien <b>anot\u00f3 solo frente al arco<\/b>.<\/p>\n<p>A falta de diez minutos para que termine la primera parte, <b>C\u00e9sar P\u00e9rez establec\u00eda el empate parcial que daba esperanzas a los de Pablo De Muner.<\/b><\/p>\n<p><b>Sobre el cierre del primer tiempo, Gast\u00f3n Togni\u00a0sac\u00f3 un derechazo que se clav\u00f3 en el \u00e1ngulo<\/b> del arco defendido por Ezequiel Centuri\u00f3n. <b>De esta forma, Defensa estaba dentro de la siguiente ronda <\/b>por la derrota de Estudiantes y el empate parcial de Newell&#8217;s.<\/p>\n<p><iframe style=\"border: 0px; position: absolute; top: 0px; left: 0px; height: 100%;\" allowfullscreen=\"\" frameborder=\"0\" src=\"https:\/\/www.youtube.com\/embed\/0PH5kxpCPNk\"><\/iframe><\/p>\n<p><b>Sin embargo, llegando al final del partido<\/b>, <b>un centro<\/b> de Retamar <b>encontr\u00f3 la cabeza de Fabrizio Sartori <\/b>para apagar de a poco las ilusiones del equipo visitante.<\/p>\n<p><b>Finalmente<\/b>, otra vez Retamar lanz\u00f3 un buscapi\u00e9 que<b> conect\u00f3 Mauricio Cardillo<\/b> para el triunfo final <b>para los dirigidos por Alfredo Berti, que por ahora se ubican cuartos y su rival ser\u00eda San Lorenzo<\/b> en la pr\u00f3xima etapa.<\/p>\n<h2>El Ferroviario tampoco pudo<\/h2>\n<p><b>En el debut de Pedro Troglio<\/b> como nuevo entrenador,\u00a0<b>Banfield venci\u00f3 3-1<\/b> de local <b>a Central C\u00f3rdoba\u00a0y dej\u00f3 al conjunto santiague\u00f1o sin chances de clasificar.<\/b><\/p>\n<p><b>El due\u00f1o de casa, que ya estaba eliminado, se adelant\u00f3 con dos goles de Mart\u00edn R\u00edo. <\/b>El primero fue de cabeza y a los 45 segundos (el m\u00e1s r\u00e1pido en la historia del club en Primera Divisi\u00f3n), y el segundo con otro gran frentazo tras un corner.<\/p>\n<p>En el complemento, <b>Marcos Arturia\u00a0la empuj\u00f3 para cerrar una buena acci\u00f3n colectiva.<\/b> No obstante, <b>Gast\u00f3n Ver\u00f3n<\/b>\u00a0con un nuevo testazo <b>descont\u00f3 para poner cifras definitivas al encuentro.<\/b><\/p>\n<p><iframe style=\"border: 0px; position: absolute; top: 0px; left: 0px; height: 100%;\" allowfullscreen=\"\" frameborder=\"0\" src=\"https:\/\/www.youtube.com\/embed\/5rayJEG4VxA\"><\/iframe><\/p>\n<p><b>As\u00ed, el Ferroviario\u00a0no pudo aprovechar el resto de los resultados<\/b>, dado que en caso de ganar se hubiera metido en los play-offs, pero qued\u00f3 a tres puntos de Estudiantes con la misma diferencia de gol.<\/p>\n<h2>Dos que jugaron por nada<\/h2>\n<p><b>En la vuelta de Leonardo Madel\u00f3n<\/b> al primer equipo, <b>Uni\u00f3n igual\u00f3 1-1 ante Belgrano de C\u00f3rdoba en Santa Fe<\/b>, en un duelo en el que <b>ninguno de los dos ten\u00eda chances de clasificar<\/b> a la siguiente instancia.<\/p>\n<p><iframe style=\"border: 0px; position: absolute; top: 0px; left: 0px; height: 100%;\" allowfullscreen=\"\" frameborder=\"0\" src=\"https:\/\/www.youtube.com\/embed\/oXmtN3KVImo\"><\/iframe><\/p>\n<p><b>Franco Jara<\/b> abri\u00f3 la cuenta al minuto de juego <b>para los de Ricardo Zielinski<\/b>, pero\u00a0 <b>Marcelo Estigarribia sell\u00f3 el empate definitivo,\u00a0<\/b>tambi\u00e9n en la primera parte.<\/p>\n<p>      <!-- Live Blog Post --><\/div>\n<p><a href=\"https:\/\/www.pagina12.com.ar\/822790-independiente-rivadavia-saco-a-defensa-de-la-liga-profesiona\">source<\/a><\/p>\n","protected":false},"excerpt":{"rendered":"<p>Independiente Rivadavia bati\u00f3 3-2 este viernes a Defensa y Justicia\u00a0y lo\u00a0dej\u00f3 sin chances de clasificarse&#8230;<\/p>\n","protected":false},"author":3,"featured_media":20491,"comment_status":"closed","ping_status":"closed","sticky":false,"template":"","format":"standard","meta":{"footnotes":""},"categories":[21],"tags":[],"class_list":["post-20490","post","type-post","status-publish","format-standard","has-post-thumbnail","hentry","category-deportes"],"featured_image_urls":{"full":["https:\/\/fmamiga909.com.ar\/wp-content\/uploads\/2025\/05\/wp-header-logo-19.png",960,540,false],"thumbnail":["https:\/\/fmamiga909.com.ar\/wp-content\/uploads\/2025\/05\/wp-header-logo-19-150x150.png",150,150,true],"medium":["https:\/\/fmamiga909.com.ar\/wp-content\/uploads\/2025\/05\/wp-header-logo-19-300x169.png",300,169,true],"medium_large":["https:\/\/fmamiga909.com.ar\/wp-content\/uploads\/2025\/05\/wp-header-logo-19.png",960,540,false],"large":["https:\/\/fmamiga909.com.ar\/wp-content\/uploads\/2025\/05\/wp-header-logo-19.png",640,360,false],"1536x1536":["https:\/\/fmamiga909.com.ar\/wp-content\/uploads\/2025\/05\/wp-header-logo-19.png",960,540,false],"2048x2048":["https:\/\/fmamiga909.com.ar\/wp-content\/uploads\/2025\/05\/wp-header-logo-19.png",960,540,false],"newsium-slider-full":["https:\/\/fmamiga909.com.ar\/wp-content\/uploads\/2025\/05\/wp-header-logo-19.png",960,540,false],"newsium-featured":["https:\/\/fmamiga909.com.ar\/wp-content\/uploads\/2025\/05\/wp-header-logo-19.png",960,540,false],"newsium-medium":["https:\/\/fmamiga909.com.ar\/wp-content\/uploads\/2025\/05\/wp-header-logo-19-720x475.png",720,475,true]},"author_info":{"display_name":"Fredy Giuliano","author_link":"https:\/\/fmamiga909.com.ar\/?author=3"},"category_info":"<a href=\"https:\/\/fmamiga909.com.ar\/?cat=21\" rel=\"category\">Deportes<\/a>","tag_info":"Deportes","comment_count":"0","_links":{"self":[{"href":"https:\/\/fmamiga909.com.ar\/index.php?rest_route=\/wp\/v2\/posts\/20490","targetHints":{"allow":["GET"]}}],"collection":[{"href":"https:\/\/fmamiga909.com.ar\/index.php?rest_route=\/wp\/v2\/posts"}],"about":[{"href":"https:\/\/fmamiga909.com.ar\/index.php?rest_route=\/wp\/v2\/types\/post"}],"author":[{"embeddable":true,"href":"https:\/\/fmamiga909.com.ar\/index.php?rest_route=\/wp\/v2\/users\/3"}],"replies":[{"embeddable":true,"href":"https:\/\/fmamiga909.com.ar\/index.php?rest_route=%2Fwp%2Fv2%2Fcomments&post=20490"}],"version-history":[{"count":0,"href":"https:\/\/fmamiga909.com.ar\/index.php?rest_route=\/wp\/v2\/posts\/20490\/revisions"}],"wp:featuredmedia":[{"embeddable":true,"href":"https:\/\/fmamiga909.com.ar\/index.php?rest_route=\/wp\/v2\/media\/20491"}],"wp:attachment":[{"href":"https:\/\/fmamiga909.com.ar\/index.php?rest_route=%2Fwp%2Fv2%2Fmedia&parent=20490"}],"wp:term":[{"taxonomy":"category","embeddable":true,"href":"https:\/\/fmamiga909.com.ar\/index.php?rest_route=%2Fwp%2Fv2%2Fcategories&post=20490"},{"taxonomy":"post_tag","embeddable":true,"href":"https:\/\/fmamiga909.com.ar\/index.php?rest_route=%2Fwp%2Fv2%2Ftags&post=20490"}],"curies":[{"name":"wp","href":"https:\/\/api.w.org\/{rel}","templated":true}]}}