{"id":20544,"date":"2025-05-05T16:21:49","date_gmt":"2025-05-05T16:21:49","guid":{"rendered":"https:\/\/fmamiga909.com.ar\/?p=20544"},"modified":"2025-05-05T16:21:49","modified_gmt":"2025-05-05T16:21:49","slug":"en-europa-aseguran-que-colapinto-reemplazara-a-doohan-a-partir-de-imola","status":"publish","type":"post","link":"https:\/\/fmamiga909.com.ar\/?p=20544","title":{"rendered":"En Europa aseguran que Colapinto reemplazar\u00e1 a Doohan a partir de Imola"},"content":{"rendered":"<div><!-- Body --><\/p>\n<p>Las horas de Jack Doohan como piloto de Alpine en la F\u00f3rmula 1 parecen contadas, lo que abrir\u00eda la enorme chance de que Franco Colapinto se suba a ese auto a partir de la pr\u00f3xima carrera en Imola. Otro fin de semana frustrante del piloto australiano, que abandon\u00f3 en la primera vuelta del Gran Premio de Miami, ser\u00eda el desencadenante de un desenlace que a esta altura parece irreversible.\u00a0<\/p>\n<div class=\"iframely-embed medium-embedded-content\" data-html=\"Jmx0O2Jsb2NrcXVvdGUgY2xhc3M9InR3aXR0ZXItdHdlZXQiIGRhdGEtZG50PSJ0cnVlIiBhbGlnbj0iY2VudGVyIiZndDsmbHQ7cCBsYW5nPSJlbiIgZGlyPSJsdHIiJmd0O0phY2sgRG9vaGFuJmFtcDsjMzk7cyB0aW1lIGFzIGFuIEFscGluZSAmbHQ7YSBocmVmPSJodHRwczovL3R3aXR0ZXIuY29tL2hhc2h0YWcvRjE\/c3JjPWhhc2gmYW1wO2FtcDtyZWZfc3JjPXR3c3JjJTVFdGZ3IiZndDsjRjEmbHQ7L2EmZ3Q7IHJhY2UgZHJpdmVyIGFwcGVhcnMgdG8gYmUgb3ZlciBhZnRlciBzZXZlbiByYWNlcy4mbHQ7YnImZ3Q7Jmx0O2JyJmd0O1RoZSBSYWNlIHVuZGVyc3RhbmRzIERvb2hhbiB3YXMgaW5mb3JtZWQgYXQgdGhlIGVuZCBvZiB0aGUgJmx0O2EgaHJlZj0iaHR0cHM6Ly90d2l0dGVyLmNvbS9oYXNodGFnL01pYW1pR1A\/c3JjPWhhc2gmYW1wO2FtcDtyZWZfc3JjPXR3c3JjJTVFdGZ3IiZndDsjTWlhbWlHUCZsdDsvYSZndDsgd2Vla2VuZCB0aGF0IEFscGluZSBpbnRlbmRzIHRvIG1ha2UgYSBjaGFuZ2Ug4p6h77iPICZsdDthIGhyZWY9Imh0dHBzOi8vdC5jby9NY2I0UmR6dHMzIiZndDtodHRwczovL3QuY28vTWNiNFJkenRzMyZsdDsvYSZndDsmbHQ7YSBocmVmPSJodHRwczovL3QuY28vTWNiNFJkenRzMyImZ3Q7aHR0cHM6Ly90LmNvL01jYjRSZHp0czMmbHQ7L2EmZ3Q7Jmx0Oy9wJmd0OyZhbXA7bWRhc2g7IFRoZSBSYWNlIChAd2VhcmV0aGVyYWNlKSAmbHQ7YSBocmVmPSJodHRwczovL3R3aXR0ZXIuY29tL3dlYXJldGhlcmFjZS9zdGF0dXMvMTkxOTM3Mzk0MDUxNTgxMTU3NT9yZWZfc3JjPXR3c3JjJTVFdGZ3IiZndDtNYXkgNSwgMjAyNSZsdDsvYSZndDsmbHQ7L2Jsb2NrcXVvdGUmZ3Q7CiZsdDtzY3JpcHQgYXN5bmMgc3JjPSJodHRwczovL3BsYXRmb3JtLnR3aXR0ZXIuY29tL3dpZGdldHMuanMiIGNoYXJzZXQ9InV0Zi04IiZndDsmbHQ7L3NjcmlwdCZndDsKCiZsdDtkaXYgY2xhc3M9Im1lZGl1bS1pbnNlcnQtZW1iZWRzLW1ldGEiJmd0OyZsdDtzY3JpcHQgdHlwZT0idGV4dC9qc29uIiZndDt7InVybCI6Imh0dHBzOi8vdHdpdHRlci5jb20vd2VhcmV0aGVyYWNlL3N0YXR1cy8xOTE5MzczOTQwNTE1ODExNTc1IiwidHlwZSI6InJpY2giLCJ2ZXJzaW9uIjoiMS4wIiwidGl0bGUiOiJUaGUgUmFjZSBvbiBUd2l0dGVyIC8gWCIsImF1dGhvciI6IlRoZSBSYWNlIiwiYXV0aG9yX3VybCI6Imh0dHBzOi8vdHdpdHRlci5jb20vd2VhcmV0aGVyYWNlIiwicHJvdmlkZXJfbmFtZSI6IlR3aXR0ZXIiLCJkZXNjcmlwdGlvbiI6IkphY2sgRG9vaGFuJ3MgdGltZSBhcyBhbiBBbHBpbmUgI0YxIHJhY2UgZHJpdmVyIGFwcGVhcnMgdG8gYmUgb3ZlciBhZnRlciBzZXZlbiByYWNlcy5UaGUgUmFjZSB1bmRlcnN0YW5kcyBEb29oYW4gd2FzIGluZm9ybWVkIGF0IHRoZSBlbmQgb2YgdGhlICNNaWFtaUdQIHdlZWtlbmQgdGhhdCBBbHBpbmUgaW50ZW5kcyB0byBtYWtlIGEgY2hhbmdlIOKeoe+4jyBodHRwczovL3QuY28vTWNiNFJkenRzM2h0dHBzOi8vdC5jby9NY2I0UmR6dHMz4oCUIFRoZSBSYWNlIChAd2VhcmV0aGVyYWNlKSBNYXkgNSwgMjAyNVxuXG5cbiIsImNhY2hlX2FnZSI6ODY0MDAsIm9wdGlvbnMiOnsiX2hpZGVfbWVkaWEiOnsibGFiZWwiOiJIaWRlIHBob3RvcywgdmlkZW9zLCBhbmQgY2FyZHMiLCJ2YWx1ZSI6ZmFsc2V9LCJfdGhlbWUiOnsidmFsdWUiOiIiLCJ2YWx1ZXMiOnsiZGFyayI6IlVzZSBkYXJrIHRoZW1lIn19LCJfbWF4d2lkdGgiOnsidmFsdWUiOiIiLCJsYWJlbCI6IkFkanVzdCB3aWR0aCIsInBsYWNlaG9sZGVyIjoiMjIwLTU1MCwgaW4gcHgifX19Jmx0Oy9zY3JpcHQmZ3Q7Jmx0Oy9kaXYmZ3Q7\">\n                <a data-iframely-url=\"\" href=\"https:\/\/twitter.com\/wearetherace\/status\/1919373940515811575\">https:\/\/twitter.com\/wearetherace\/status\/1919373940515811575<\/a>\n              <\/div>\n<p>Diversos medios de Europa dan por hecho la salida de Doohan del escuder\u00eda francesa. Incluso, el sitio<i> The Race<\/i> adelant\u00f3 que Alpine ya le comunic\u00f3 al australiano que no continuar\u00e1 en la pr\u00f3xima carrera, aunque seguir\u00e1 ligado al equipo en otra funci\u00f3n. \u00abEl tiempo de Jack Doohan como piloto de carreras de Alpine parece haber terminado despu\u00e9s de siete carreras. The Race entiende que Doohan fue informado tras el fin de semana\u00a0del GP de Miami que Alpine tiene la intenci\u00f3n de hacer un cambio\u00bb, public\u00f3 el sitio especializado.<\/p>\n<p>Durante la carrera de Miami, la cadena de televisi\u00f3n francesa Canal+ tambi\u00e9n hab\u00eda adelantado que la idea de Alpine era cambiar a su segundo piloto por los pobres resultados que hab\u00eda tenido en las cinco carreras anteriores. Y en el mismo sentido se pronunci\u00f3 Autosport esta ma\u00f1ana. \u00abAlpine est\u00e1 considerando cambiar a Jack Doohan por el piloto reserva Franco Colapinto antes de la pr\u00f3xima carrera de F1 en Imola\u00bb, escribi\u00f3 el prestigioso medio brit\u00e1nico.<\/p>\n<div class=\"iframely-embed medium-embedded-content\" data-html=\"Jmx0O2Jsb2NrcXVvdGUgY2xhc3M9InR3aXR0ZXItdHdlZXQiIGRhdGEtZG50PSJ0cnVlIiBhbGlnbj0iY2VudGVyIiZndDsmbHQ7cCBsYW5nPSJlbiIgZGlyPSJsdHIiJmd0O0FscGluZSBpcyBjb25zaWRlcmluZyBzd2l0Y2hpbmcgSmFjayBEb29oYW4gd2l0aCByZXNlcnZlIGRyaXZlciBGcmFuY28gQ29sYXBpbnRvIGFoZWFkIG9mIEYxJmFtcDsjMzk7cyBuZXh0IHJhY2UgaW4gSW1vbGEsIEF1dG9zcG9ydCB1bmRlcnN0YW5kcyDwn5SEICZsdDthIGhyZWY9Imh0dHBzOi8vdC5jby9nTEdScTVrNlRxIiZndDtwaWMudHdpdHRlci5jb20vZ0xHUnE1azZUcSZsdDsvYSZndDsmbHQ7L3AmZ3Q7JmFtcDttZGFzaDsgQXV0b3Nwb3J0IChAYXV0b3Nwb3J0KSAmbHQ7YSBocmVmPSJodHRwczovL3R3aXR0ZXIuY29tL2F1dG9zcG9ydC9zdGF0dXMvMTkxOTM3ODQ0NTg0NDI1MTA4Nj9yZWZfc3JjPXR3c3JjJTVFdGZ3IiZndDtNYXkgNSwgMjAyNSZsdDsvYSZndDsmbHQ7L2Jsb2NrcXVvdGUmZ3Q7CiZsdDtzY3JpcHQgYXN5bmMgc3JjPSJodHRwczovL3BsYXRmb3JtLnR3aXR0ZXIuY29tL3dpZGdldHMuanMiIGNoYXJzZXQ9InV0Zi04IiZndDsmbHQ7L3NjcmlwdCZndDsKCiZsdDtkaXYgY2xhc3M9Im1lZGl1bS1pbnNlcnQtZW1iZWRzLW1ldGEiJmd0OyZsdDtzY3JpcHQgdHlwZT0idGV4dC9qc29uIiZndDt7InVybCI6Imh0dHBzOi8vdHdpdHRlci5jb20vYXV0b3Nwb3J0L3N0YXR1cy8xOTE5Mzc4NDQ1ODQ0MjUxMDg2IiwidHlwZSI6InJpY2giLCJ2ZXJzaW9uIjoiMS4wIiwidGl0bGUiOiJBdXRvc3BvcnQgb24gVHdpdHRlciAvIFgiLCJhdXRob3IiOiJBdXRvc3BvcnQiLCJhdXRob3JfdXJsIjoiaHR0cHM6Ly90d2l0dGVyLmNvbS9hdXRvc3BvcnQiLCJwcm92aWRlcl9uYW1lIjoiVHdpdHRlciIsImRlc2NyaXB0aW9uIjoiQWxwaW5lIGlzIGNvbnNpZGVyaW5nIHN3aXRjaGluZyBKYWNrIERvb2hhbiB3aXRoIHJlc2VydmUgZHJpdmVyIEZyYW5jbyBDb2xhcGludG8gYWhlYWQgb2YgRjEncyBuZXh0IHJhY2UgaW4gSW1vbGEsIEF1dG9zcG9ydCB1bmRlcnN0YW5kcyDwn5SEIHBpYy50d2l0dGVyLmNvbS9nTEdScTVrNlRx4oCUIEF1dG9zcG9ydCAoQGF1dG9zcG9ydCkgTWF5IDUsIDIwMjVcblxuXG4iLCJ0aHVtYm5haWxfdXJsIjoiaHR0cHM6Ly9wYnMudHdpbWcuY29tL21lZGlhL0dxTUFoSWlXQUFBenNJbC5qcGc6bGFyZ2UiLCJ0aHVtYm5haWxfd2lkdGgiOjE2MzksInRodW1ibmFpbF9oZWlnaHQiOjIwNDgsImNhY2hlX2FnZSI6ODY0MDAsIm9wdGlvbnMiOnsiX2hpZGVfbWVkaWEiOnsibGFiZWwiOiJIaWRlIHBob3RvcywgdmlkZW9zLCBhbmQgY2FyZHMiLCJ2YWx1ZSI6ZmFsc2V9LCJfdGhlbWUiOnsidmFsdWUiOiIiLCJ2YWx1ZXMiOnsiZGFyayI6IlVzZSBkYXJrIHRoZW1lIn19LCJfbWF4d2lkdGgiOnsidmFsdWUiOiIiLCJsYWJlbCI6IkFkanVzdCB3aWR0aCIsInBsYWNlaG9sZGVyIjoiMjIwLTU1MCwgaW4gcHgifX19Jmx0Oy9zY3JpcHQmZ3Q7Jmx0Oy9kaXYmZ3Q7\">\n                <a data-iframely-url=\"\" href=\"https:\/\/twitter.com\/autosport\/status\/1919378445844251086\">https:\/\/twitter.com\/autosport\/status\/1919378445844251086<\/a>\n              <\/div>\n<p>La informaci\u00f3n de los portales europeos coincide con la filtraci\u00f3n que tuvo el CEO de YPF, Horacio Mar\u00edn, que la semana pasada dijo en una entrevista que Colapinto iba a regresar a la F1 en Imola, cuando pensaba que el micr\u00f3fono ya estaba apagado. Luego explic\u00f3 que se trataba de una expresi\u00f3n de deseo, pero el rumor circul\u00f3 en los medios europeos y fue tema de consulta para Flavio Briatore, asesor estrella de la escuder\u00eda, y Oliver Oakes, director de Alpine, durante el fin de semana en Miami.<\/p>\n<p>Doohan volvi\u00f3 a tener un fin de semana muy pobre, con un error en la calle de boxes en la clasificaci\u00f3n para la Sprint que le imposibilit\u00f3 abrir la vuelta para buscar un mejor tiempo y qued\u00f3 eliminado en la Q1. Y sin bien en la qualy para la carrera logr\u00f3 llegar a la Q2 y venci\u00f3 por primera vez en la temporada a Pierre Gasly, en la competencia choc\u00f3 a Liam Lawson en la primera curva y debi\u00f3 abandonar porque rompi\u00f3 la cubierta delantera izquierda y no pudo llegar a los boxes.\u00a0<\/p>\n<p>Ese mal resultado se sum\u00f3 al choque la primera vuelta en Australia y el tremendo accidente que tuvo en China durante las pr\u00e1cticas libres cuando no quit\u00f3 el DRS en una curva r\u00e1pida y el auto perdi\u00f3 toda la estabilidad. En las siete carreras que disput\u00f3 con Alpine (las seis de esta temporada y una de la anterior) no sum\u00f3 puntos y no tuvo siquiera parciales detacados como para justificar su puesto.<\/p>\n<p>Los malos resultados y la presi\u00f3n de Briatore, rincipal impulsor de la llegada de Colapinto, parecen haberse conjugado para el desenlace que parece inminente. Habr\u00e1 que esperar el transcurrir de las horas y el anunci\u00f3 oficial por parte de la escuder\u00eda.<\/p>\n<p><!-- Live Blog Post --><\/div>\n<p><script async src=\"\/\/platform.twitter.com\/widgets.js\" charset=\"utf-8\"><\/script><br \/><a href=\"https:\/\/www.pagina12.com.ar\/823196-en-europa-aseguran-que-colapinto-reemplazara-a-doohan-a-part\">source<\/a><\/p>\n","protected":false},"excerpt":{"rendered":"<p>Las horas de Jack Doohan como piloto de Alpine en la F\u00f3rmula 1 parecen contadas,&#8230;<\/p>\n","protected":false},"author":3,"featured_media":20545,"comment_status":"closed","ping_status":"closed","sticky":false,"template":"","format":"standard","meta":{"footnotes":""},"categories":[21],"tags":[],"class_list":["post-20544","post","type-post","status-publish","format-standard","has-post-thumbnail","hentry","category-deportes"],"featured_image_urls":{"full":["https:\/\/fmamiga909.com.ar\/wp-content\/uploads\/2025\/05\/wp-header-logo-44.png",960,540,false],"thumbnail":["https:\/\/fmamiga909.com.ar\/wp-content\/uploads\/2025\/05\/wp-header-logo-44-150x150.png",150,150,true],"medium":["https:\/\/fmamiga909.com.ar\/wp-content\/uploads\/2025\/05\/wp-header-logo-44-300x169.png",300,169,true],"medium_large":["https:\/\/fmamiga909.com.ar\/wp-content\/uploads\/2025\/05\/wp-header-logo-44.png",960,540,false],"large":["https:\/\/fmamiga909.com.ar\/wp-content\/uploads\/2025\/05\/wp-header-logo-44.png",640,360,false],"1536x1536":["https:\/\/fmamiga909.com.ar\/wp-content\/uploads\/2025\/05\/wp-header-logo-44.png",960,540,false],"2048x2048":["https:\/\/fmamiga909.com.ar\/wp-content\/uploads\/2025\/05\/wp-header-logo-44.png",960,540,false],"newsium-slider-full":["https:\/\/fmamiga909.com.ar\/wp-content\/uploads\/2025\/05\/wp-header-logo-44.png",960,540,false],"newsium-featured":["https:\/\/fmamiga909.com.ar\/wp-content\/uploads\/2025\/05\/wp-header-logo-44.png",960,540,false],"newsium-medium":["https:\/\/fmamiga909.com.ar\/wp-content\/uploads\/2025\/05\/wp-header-logo-44-720x475.png",720,475,true]},"author_info":{"display_name":"Fredy Giuliano","author_link":"https:\/\/fmamiga909.com.ar\/?author=3"},"category_info":"<a href=\"https:\/\/fmamiga909.com.ar\/?cat=21\" rel=\"category\">Deportes<\/a>","tag_info":"Deportes","comment_count":"0","_links":{"self":[{"href":"https:\/\/fmamiga909.com.ar\/index.php?rest_route=\/wp\/v2\/posts\/20544","targetHints":{"allow":["GET"]}}],"collection":[{"href":"https:\/\/fmamiga909.com.ar\/index.php?rest_route=\/wp\/v2\/posts"}],"about":[{"href":"https:\/\/fmamiga909.com.ar\/index.php?rest_route=\/wp\/v2\/types\/post"}],"author":[{"embeddable":true,"href":"https:\/\/fmamiga909.com.ar\/index.php?rest_route=\/wp\/v2\/users\/3"}],"replies":[{"embeddable":true,"href":"https:\/\/fmamiga909.com.ar\/index.php?rest_route=%2Fwp%2Fv2%2Fcomments&post=20544"}],"version-history":[{"count":0,"href":"https:\/\/fmamiga909.com.ar\/index.php?rest_route=\/wp\/v2\/posts\/20544\/revisions"}],"wp:featuredmedia":[{"embeddable":true,"href":"https:\/\/fmamiga909.com.ar\/index.php?rest_route=\/wp\/v2\/media\/20545"}],"wp:attachment":[{"href":"https:\/\/fmamiga909.com.ar\/index.php?rest_route=%2Fwp%2Fv2%2Fmedia&parent=20544"}],"wp:term":[{"taxonomy":"category","embeddable":true,"href":"https:\/\/fmamiga909.com.ar\/index.php?rest_route=%2Fwp%2Fv2%2Fcategories&post=20544"},{"taxonomy":"post_tag","embeddable":true,"href":"https:\/\/fmamiga909.com.ar\/index.php?rest_route=%2Fwp%2Fv2%2Ftags&post=20544"}],"curies":[{"name":"wp","href":"https:\/\/api.w.org\/{rel}","templated":true}]}}