{"id":20552,"date":"2025-05-05T21:51:30","date_gmt":"2025-05-05T21:51:30","guid":{"rendered":"https:\/\/fmamiga909.com.ar\/?p=20552"},"modified":"2025-05-05T21:51:30","modified_gmt":"2025-05-05T21:51:30","slug":"copa-libertadores-racing-busca-quedar-como-lider-del-grupo-e","status":"publish","type":"post","link":"https:\/\/fmamiga909.com.ar\/?p=20552","title":{"rendered":"Copa Libertadores:\u00a0Racing busca quedar como l\u00edder del Grupo E"},"content":{"rendered":"<div><!-- Body --><\/p>\n<p><b>Racing visitar\u00e1 <\/b>este martes <b>a Bucaramanga de Colombia<\/b> en un partido correspondiente a la <b>cuarta fecha<\/b> del <b>Grupo E<\/b> de la <b>Copa Libertadores<\/b> en el cual buscar\u00e1 una victoria que le permita quedar como l\u00edder de esta zona.<\/p>\n<p><b>En un duelo clave para ser l\u00edder absoluto del Grupo E<\/b>, Bucaramanga es el puntero con 5 unidades, mientras que Racing suma 4 puntos al igual que Fortaleza de Brasil; en tanto, Colo Colo cierra la tabla con 2.<\/p>\n<p><b>La Academia quiere redimirse de sus errores en fechas pasadas y reencontrarse con la victoria, lo que le cost\u00f3 el liderato de su zona<\/b>. La mira est\u00e1 focalizada en un nuevo sue\u00f1o copero, y el primer paso es afirmarse en el primer puesto de su grupo con una gran ventaja en comparaci\u00f3n a sus rivales.\u00a0<\/p>\n<p><b>Ya clasificado en el Torneo Apertura<\/b>, en el cuerpo t\u00e9cnico de Racing aprovecharon para rotar a ciertos jugadores y darles descanso a otros en la \u00faltima fecha\u00a0de la Liga Profesional, <b>donde aguarda Platense en los play-offs.<\/b><\/p>\n<p><b>El equipo de Avellaneda viene de vencer ajustadamente a Newell&#8217;s Old Boys\u00a0<\/b>como local en la fase regular del Torneo Apertura, <b>pero el entrenador Gustavo Costas no podr\u00e1 contar con Gabriel Rojas<\/b>, quien no jug\u00f3 ante el conjunto de Rosario y tampoco form\u00f3 parte de la delegaci\u00f3n que viaj\u00f3 a Colombia.<\/p>\n<p><b>El defensor tiene una parameniscitis en su rodilla izquierda de la que no logr\u00f3 recuperarse<\/b>, por lo cual no ser\u00e1 de la partida ante el conjunto colombiano, mientras que Costas deber\u00e1 decidir si en la defensa jugar\u00e1 Marco Di Cesare o Nazareno Colombo.<\/p>\n<p>En tanto, los <b>otros jugadores que se perder\u00e1n el encuentro <\/b>frente a Bucaramanga <b>ser\u00e1n<\/b> los mediocampistas <b>Bruno Zuculini<\/b> -que se recupera de un desgarro de grado dos en el s\u00f3leo- <b>y Mat\u00edas Zaracho<\/b>, quien tiene una lesi\u00f3n en el cu\u00e1driceps izquierdo.<\/p>\n<p>Si bien <b>el entrenador racinguista<\/b> a\u00fan <b>no confirm\u00f3 a los once titulares<\/b>, se estima que <b>regresar\u00e1n al once inicial Maximiliano Salas, Agust\u00edn Almendra y Luciano Vietto<\/b>, en tanto los que saldr\u00edan ser\u00edan Santiago Solari, Richard S\u00e1nchez y Adri\u00e1n Fern\u00e1ndez.<\/p>\n<p><b>Por el lado de Bucaramanga, Fabi\u00e1n Sambueza<\/b>, quien super\u00f3 una lesi\u00f3n de rodilla, <b>volver\u00e1 al equipo titular, seg\u00fan indic\u00f3 el entrenador Leonel Alvarez<\/b>, mientras que  <b>Luciano Pons no jugar\u00eda <\/b>y los que pelean por un lugar son Andr\u00e9s Ponce, Jean Carlos Blanco y Adalberto Pe\u00f1aranda.<\/p>\n<p>\u00abEsperamos realizar una gran presentaci\u00f3n y jugar con la ilusi\u00f3n de sumar tres puntos de locales que nos permitan seguir avanzando en la Copa. Esto es hasta el final y competiremos hasta el final. <b>El que gana es porque hizo algo mejor, y ojal\u00e1 no nos falte nada este martes en la Copa Libertadores\u00bb, remarc\u00f3 Alvarez.<\/b><\/p>\n<p><b>Los Leopardos siguen con hambre <\/b>y est\u00e1n con las garras afiladas en el \u00e1mbito internacional:<b> son l\u00edderes invictos luego de ganar un partido e igualar en dos oportunidades.<\/b> En esta fecha enfrentar\u00e1n a su escolta que quiere reponerse luego de haber ca\u00eddo ante ellos en el Cilindro de Avellaneda.\u00a0<\/p>\n<p><iframe style=\"border: 0px; position: absolute; top: 0px; left: 0px; height: 100%;\" allowfullscreen=\"\" frameborder=\"0\" src=\"https:\/\/www.youtube.com\/embed\/uJU44m8HlEI\"><\/iframe><\/p>\n<p>En la liga de Colombia, <b>Bucaramanga perdi\u00f3 ante Llaneros <\/b>con equipo alternativo <b>y es el tercer partido consecutivo a nivel nacional que no gana<\/b>, dado que cay\u00f3 en dos oportunidades e igual\u00f3 la restante.<\/p>\n<p>El encuentro se llevar\u00e1 a cabo <b>desde las 19<\/b> (Disney+ Premium)<b> en<\/b> el estadio Am\u00e9rico Montanini, <b>Colombia.<\/b><\/p>\n<p><!-- Live Blog Post --><\/div>\n<p><a href=\"https:\/\/www.pagina12.com.ar\/823271-copa-libertadores-racing-busca-quedar-como-lider-del-grupo-e\">source<\/a><\/p>\n","protected":false},"excerpt":{"rendered":"<p>Racing visitar\u00e1 este martes a Bucaramanga de Colombia en un partido correspondiente a la cuarta&#8230;<\/p>\n","protected":false},"author":3,"featured_media":20553,"comment_status":"closed","ping_status":"closed","sticky":false,"template":"","format":"standard","meta":{"footnotes":""},"categories":[21],"tags":[],"class_list":["post-20552","post","type-post","status-publish","format-standard","has-post-thumbnail","hentry","category-deportes"],"featured_image_urls":{"full":["https:\/\/fmamiga909.com.ar\/wp-content\/uploads\/2025\/05\/wp-header-logo-48.png",960,540,false],"thumbnail":["https:\/\/fmamiga909.com.ar\/wp-content\/uploads\/2025\/05\/wp-header-logo-48-150x150.png",150,150,true],"medium":["https:\/\/fmamiga909.com.ar\/wp-content\/uploads\/2025\/05\/wp-header-logo-48-300x169.png",300,169,true],"medium_large":["https:\/\/fmamiga909.com.ar\/wp-content\/uploads\/2025\/05\/wp-header-logo-48.png",960,540,false],"large":["https:\/\/fmamiga909.com.ar\/wp-content\/uploads\/2025\/05\/wp-header-logo-48.png",640,360,false],"1536x1536":["https:\/\/fmamiga909.com.ar\/wp-content\/uploads\/2025\/05\/wp-header-logo-48.png",960,540,false],"2048x2048":["https:\/\/fmamiga909.com.ar\/wp-content\/uploads\/2025\/05\/wp-header-logo-48.png",960,540,false],"newsium-slider-full":["https:\/\/fmamiga909.com.ar\/wp-content\/uploads\/2025\/05\/wp-header-logo-48.png",960,540,false],"newsium-featured":["https:\/\/fmamiga909.com.ar\/wp-content\/uploads\/2025\/05\/wp-header-logo-48.png",960,540,false],"newsium-medium":["https:\/\/fmamiga909.com.ar\/wp-content\/uploads\/2025\/05\/wp-header-logo-48-720x475.png",720,475,true]},"author_info":{"display_name":"Fredy Giuliano","author_link":"https:\/\/fmamiga909.com.ar\/?author=3"},"category_info":"<a href=\"https:\/\/fmamiga909.com.ar\/?cat=21\" rel=\"category\">Deportes<\/a>","tag_info":"Deportes","comment_count":"0","_links":{"self":[{"href":"https:\/\/fmamiga909.com.ar\/index.php?rest_route=\/wp\/v2\/posts\/20552","targetHints":{"allow":["GET"]}}],"collection":[{"href":"https:\/\/fmamiga909.com.ar\/index.php?rest_route=\/wp\/v2\/posts"}],"about":[{"href":"https:\/\/fmamiga909.com.ar\/index.php?rest_route=\/wp\/v2\/types\/post"}],"author":[{"embeddable":true,"href":"https:\/\/fmamiga909.com.ar\/index.php?rest_route=\/wp\/v2\/users\/3"}],"replies":[{"embeddable":true,"href":"https:\/\/fmamiga909.com.ar\/index.php?rest_route=%2Fwp%2Fv2%2Fcomments&post=20552"}],"version-history":[{"count":0,"href":"https:\/\/fmamiga909.com.ar\/index.php?rest_route=\/wp\/v2\/posts\/20552\/revisions"}],"wp:featuredmedia":[{"embeddable":true,"href":"https:\/\/fmamiga909.com.ar\/index.php?rest_route=\/wp\/v2\/media\/20553"}],"wp:attachment":[{"href":"https:\/\/fmamiga909.com.ar\/index.php?rest_route=%2Fwp%2Fv2%2Fmedia&parent=20552"}],"wp:term":[{"taxonomy":"category","embeddable":true,"href":"https:\/\/fmamiga909.com.ar\/index.php?rest_route=%2Fwp%2Fv2%2Fcategories&post=20552"},{"taxonomy":"post_tag","embeddable":true,"href":"https:\/\/fmamiga909.com.ar\/index.php?rest_route=%2Fwp%2Fv2%2Ftags&post=20552"}],"curies":[{"name":"wp","href":"https:\/\/api.w.org\/{rel}","templated":true}]}}