{"id":20558,"date":"2025-05-06T00:49:35","date_gmt":"2025-05-06T00:49:35","guid":{"rendered":"https:\/\/fmamiga909.com.ar\/?p=20558"},"modified":"2025-05-06T00:49:35","modified_gmt":"2025-05-06T00:49:35","slug":"colapinto-debutaria-en-alpine-donde-ya-fue-dos-veces-campeon","status":"publish","type":"post","link":"https:\/\/fmamiga909.com.ar\/?p=20558","title":{"rendered":"Colapinto debutar\u00eda en Alpine donde ya fue dos veces campe\u00f3n"},"content":{"rendered":"<div><!-- Body --><\/p>\n<p>El argentino Franco Colapinto est\u00e1 a un paso de volver a la F\u00f3rmula 1 y todo indica que ser\u00e1 en el lugar m\u00e1s simb\u00f3lico de su joven carrera: Imola.<\/p>\n<p>Seg\u00fan confirm\u00f3 el prestigioso diario franc\u00e9s <i>L\u2019\u00c9quipe<\/i>, el piloto reemplazar\u00eda a Jack Doohan en Alpine en el pr\u00f3ximo Gran Premio, y su regreso a la m\u00e1xima categor\u00eda del automovilismo ser\u00eda nada menos que en el circuito donde ya gan\u00f3 dos veces, una en F\u00f3rmula 3 y otra en F\u00f3rmula 2, donde tuvo un condimento especial.<\/p>\n<p>La historia parece escrita para \u00e9l. En 2022, Colapinto logr\u00f3 en Imola su primera victoria internacional en la F\u00f3rmula 3, con una definici\u00f3n vibrante.<\/p>\n<p>En 2024, en el mismo trazado, se impuso en la Sprint Race de la F\u00f3rmula 2 con una maniobra memorable en la \u00faltima vuelta, superando ni m\u00e1s ni menos que a Paul Aron, su compa\u00f1ero en el rol de piloto de reserva de Alpine.<\/p>\n<p>El reemplazo de Doohan, que no sum\u00f3 puntos en las seis primeras fechas del campeonato, se ven\u00eda gestando tras su flojo rendimiento en Miami. Desde su llegada como piloto reserva, Colapinto ya era considerado una opci\u00f3n seria, y su paso previo por Williams -donde corri\u00f3 nueve carreras y sum\u00f3 puntos en dos- termin\u00f3 de validar su potencial.<\/p>\n<p>La decisi\u00f3n de Alpine tambi\u00e9n responde a factores comerciales: un patrocinador argentino habr\u00eda triplicado su inversi\u00f3n ante la posibilidad de tener a un piloto nacional como titular.<\/p>\n<p>Con un presente que ilusiona y un pasado que lo respalda, Imola ser\u00e1 el lugar perfecto para este nuevo cap\u00edtulo en la historia de Colapinto. No ser\u00e1 s\u00f3lo un regreso a la F\u00f3rmula 1: tambi\u00e9n una vuelta a un circuito donde ya ha ganado.<\/p>\n<p><!-- Live Blog Post --><\/div>\n<p><a href=\"https:\/\/www.pagina12.com.ar\/823312-colapinto-debutaria-en-alpine-donde-ya-fue-dos-veces-campeon\">source<\/a><\/p>\n","protected":false},"excerpt":{"rendered":"<p>El argentino Franco Colapinto est\u00e1 a un paso de volver a la F\u00f3rmula 1 y&#8230;<\/p>\n","protected":false},"author":3,"featured_media":20559,"comment_status":"closed","ping_status":"closed","sticky":false,"template":"","format":"standard","meta":{"footnotes":""},"categories":[21],"tags":[],"class_list":["post-20558","post","type-post","status-publish","format-standard","has-post-thumbnail","hentry","category-deportes"],"featured_image_urls":{"full":["https:\/\/fmamiga909.com.ar\/wp-content\/uploads\/2025\/05\/wp-header-logo-51.png",960,540,false],"thumbnail":["https:\/\/fmamiga909.com.ar\/wp-content\/uploads\/2025\/05\/wp-header-logo-51-150x150.png",150,150,true],"medium":["https:\/\/fmamiga909.com.ar\/wp-content\/uploads\/2025\/05\/wp-header-logo-51-300x169.png",300,169,true],"medium_large":["https:\/\/fmamiga909.com.ar\/wp-content\/uploads\/2025\/05\/wp-header-logo-51.png",960,540,false],"large":["https:\/\/fmamiga909.com.ar\/wp-content\/uploads\/2025\/05\/wp-header-logo-51.png",640,360,false],"1536x1536":["https:\/\/fmamiga909.com.ar\/wp-content\/uploads\/2025\/05\/wp-header-logo-51.png",960,540,false],"2048x2048":["https:\/\/fmamiga909.com.ar\/wp-content\/uploads\/2025\/05\/wp-header-logo-51.png",960,540,false],"newsium-slider-full":["https:\/\/fmamiga909.com.ar\/wp-content\/uploads\/2025\/05\/wp-header-logo-51.png",960,540,false],"newsium-featured":["https:\/\/fmamiga909.com.ar\/wp-content\/uploads\/2025\/05\/wp-header-logo-51.png",960,540,false],"newsium-medium":["https:\/\/fmamiga909.com.ar\/wp-content\/uploads\/2025\/05\/wp-header-logo-51-720x475.png",720,475,true]},"author_info":{"display_name":"Fredy Giuliano","author_link":"https:\/\/fmamiga909.com.ar\/?author=3"},"category_info":"<a href=\"https:\/\/fmamiga909.com.ar\/?cat=21\" rel=\"category\">Deportes<\/a>","tag_info":"Deportes","comment_count":"0","_links":{"self":[{"href":"https:\/\/fmamiga909.com.ar\/index.php?rest_route=\/wp\/v2\/posts\/20558","targetHints":{"allow":["GET"]}}],"collection":[{"href":"https:\/\/fmamiga909.com.ar\/index.php?rest_route=\/wp\/v2\/posts"}],"about":[{"href":"https:\/\/fmamiga909.com.ar\/index.php?rest_route=\/wp\/v2\/types\/post"}],"author":[{"embeddable":true,"href":"https:\/\/fmamiga909.com.ar\/index.php?rest_route=\/wp\/v2\/users\/3"}],"replies":[{"embeddable":true,"href":"https:\/\/fmamiga909.com.ar\/index.php?rest_route=%2Fwp%2Fv2%2Fcomments&post=20558"}],"version-history":[{"count":0,"href":"https:\/\/fmamiga909.com.ar\/index.php?rest_route=\/wp\/v2\/posts\/20558\/revisions"}],"wp:featuredmedia":[{"embeddable":true,"href":"https:\/\/fmamiga909.com.ar\/index.php?rest_route=\/wp\/v2\/media\/20559"}],"wp:attachment":[{"href":"https:\/\/fmamiga909.com.ar\/index.php?rest_route=%2Fwp%2Fv2%2Fmedia&parent=20558"}],"wp:term":[{"taxonomy":"category","embeddable":true,"href":"https:\/\/fmamiga909.com.ar\/index.php?rest_route=%2Fwp%2Fv2%2Fcategories&post=20558"},{"taxonomy":"post_tag","embeddable":true,"href":"https:\/\/fmamiga909.com.ar\/index.php?rest_route=%2Fwp%2Fv2%2Ftags&post=20558"}],"curies":[{"name":"wp","href":"https:\/\/api.w.org\/{rel}","templated":true}]}}