{"id":20586,"date":"2025-05-07T09:48:20","date_gmt":"2025-05-07T09:48:20","guid":{"rendered":"https:\/\/fmamiga909.com.ar\/?p=20586"},"modified":"2025-05-07T09:48:20","modified_gmt":"2025-05-07T09:48:20","slug":"franco-colapinto-volvera-a-correr-en-la-formula-1-con-alpine","status":"publish","type":"post","link":"https:\/\/fmamiga909.com.ar\/?p=20586","title":{"rendered":"Franco Colapinto volver\u00e1 a correr en la F\u00f3rmula 1 con Alpine\u00a0"},"content":{"rendered":"<div><!-- Body --><\/p>\n<p><strong>Alpine <\/strong>confirm\u00f3 este mi\u00e9rcoles que <strong>Franco Colapinto volver\u00e1 <\/strong>a competir en la <strong>F\u00f3rmula 1<\/strong> en el <strong>Gran Premio de Emilia-Roma\u00f1a <\/strong>y formar\u00e1 parte del equipo en las siguientes cinco carreras. <strong>Ocupar\u00e1 el lugar del australiano Jack Doohan.<\/strong><\/p>\n<h3\/>\n<p>A trav\u00e9s de una publicaci\u00f3n en sus redes sociales, Alpine dio la noticia m\u00e1s esperada: \u00abFranco Colapinto dar\u00e1 el salto a piloto de carreras para las pr\u00f3ximas cinco fechas\u00bb.<\/p>\n<div class=\"iframely-embed medium-embedded-content\" data-html=\"Jmx0O2Jsb2NrcXVvdGUgY2xhc3M9InR3aXR0ZXItdHdlZXQiIGRhdGEtZG50PSJ0cnVlIiBhbGlnbj0iY2VudGVyIiZndDsmbHQ7cCBsYW5nPSJlbiIgZGlyPSJsdHIiJmd0O8KhVmFtb3NGcmFuY28hIPCfh6bwn4e3Jmx0O2EgaHJlZj0iaHR0cHM6Ly90d2l0dGVyLmNvbS9GcmFuQ29sYXBpbnRvP3JlZl9zcmM9dHdzcmMlNUV0ZnciJmd0O0BGcmFuQ29sYXBpbnRvJmx0Oy9hJmd0OyB3aWxsIGJlIG1ha2luZyB0aGUgc3RlcCB1cCB0byByYWNlIGRyaXZlciBmb3IgdGhlIG5leHQgZml2ZSByYWNlcy4gJmx0O2EgaHJlZj0iaHR0cHM6Ly90LmNvL3RhZnJJTkdtNEIiJmd0O3BpYy50d2l0dGVyLmNvbS90YWZySU5HbTRCJmx0Oy9hJmd0OyZsdDsvcCZndDsmYW1wO21kYXNoOyBCV1QgQWxwaW5lIEZvcm11bGEgT25lIFRlYW0gKEBBbHBpbmVGMVRlYW0pICZsdDthIGhyZWY9Imh0dHBzOi8vdHdpdHRlci5jb20vQWxwaW5lRjFUZWFtL3N0YXR1cy8xOTIwMDEwNzQ4NzMxODM0NTQ1P3JlZl9zcmM9dHdzcmMlNUV0ZnciJmd0O01heSA3LCAyMDI1Jmx0Oy9hJmd0OyZsdDsvYmxvY2txdW90ZSZndDsKJmx0O3NjcmlwdCBhc3luYyBzcmM9Imh0dHBzOi8vcGxhdGZvcm0udHdpdHRlci5jb20vd2lkZ2V0cy5qcyIgY2hhcnNldD0idXRmLTgiJmd0OyZsdDsvc2NyaXB0Jmd0OwoKJmx0O2RpdiBjbGFzcz0ibWVkaXVtLWluc2VydC1lbWJlZHMtbWV0YSImZ3Q7Jmx0O3NjcmlwdCB0eXBlPSJ0ZXh0L2pzb24iJmd0O3sidXJsIjoiaHR0cHM6Ly90d2l0dGVyLmNvbS9BbHBpbmVGMVRlYW0vc3RhdHVzLzE5MjAwMTA3NDg3MzE4MzQ1NDUiLCJ0eXBlIjoicmljaCIsInZlcnNpb24iOiIxLjAiLCJ0aXRsZSI6IkJXVCBBbHBpbmUgRm9ybXVsYSBPbmUgVGVhbSBvbiBUd2l0dGVyIC8gWCIsImF1dGhvciI6IkJXVCBBbHBpbmUgRm9ybXVsYSBPbmUgVGVhbSIsImF1dGhvcl91cmwiOiJodHRwczovL3R3aXR0ZXIuY29tL0FscGluZUYxVGVhbSIsInByb3ZpZGVyX25hbWUiOiJUd2l0dGVyIiwiZGVzY3JpcHRpb24iOiLCoVZhbW9zRnJhbmNvISDwn4em8J+Ht0BGcmFuQ29sYXBpbnRvIHdpbGwgYmUgbWFraW5nIHRoZSBzdGVwIHVwIHRvIHJhY2UgZHJpdmVyIGZvciB0aGUgbmV4dCBmaXZlIHJhY2VzLiBwaWMudHdpdHRlci5jb20vdGFmcklOR200QuKAlCBCV1QgQWxwaW5lIEZvcm11bGEgT25lIFRlYW0gKEBBbHBpbmVGMVRlYW0pIE1heSA3LCAyMDI1XG5cblxuIiwidGh1bWJuYWlsX3VybCI6Imh0dHBzOi8vcGJzLnR3aW1nLmNvbS9tZWRpYS9HcVUta2E1V01BQS1ad3cuanBnOmxhcmdlIiwidGh1bWJuYWlsX3dpZHRoIjoxMDgwLCJ0aHVtYm5haWxfaGVpZ2h0IjoxMzUwLCJjYWNoZV9hZ2UiOjg2NDAwLCJvcHRpb25zIjp7Il9oaWRlX21lZGlhIjp7ImxhYmVsIjoiSGlkZSBwaG90b3MsIHZpZGVvcywgYW5kIGNhcmRzIiwidmFsdWUiOmZhbHNlfSwiX3RoZW1lIjp7InZhbHVlIjoiIiwidmFsdWVzIjp7ImRhcmsiOiJVc2UgZGFyayB0aGVtZSJ9fSwiX21heHdpZHRoIjp7InZhbHVlIjoiIiwibGFiZWwiOiJBZGp1c3Qgd2lkdGgiLCJwbGFjZWhvbGRlciI6IjIyMC01NTAsIGluIHB4In19fSZsdDsvc2NyaXB0Jmd0OyZsdDsvZGl2Jmd0Ow==\">\n                <a data-iframely-url=\"\" href=\"https:\/\/twitter.com\/AlpineF1Team\/status\/1920010748731834545\">https:\/\/twitter.com\/AlpineF1Team\/status\/1920010748731834545<\/a>\n              <\/div>\n<p>Asimismo, la escuder\u00eda marc\u00f3 que <b>Jack Doohan<\/b> <b>\u00abseguir\u00e1 siendo parte integral de nuestro equipo como piloto de reserva<\/b>\u00ab.\u00a0 Tambi\u00e9n\u00a0 destac\u00f3 que el piloto es\u00a0\u00abun verdadero profesional en todo sentido\u00bb y agradeci\u00f3 su \u00abarduo trabajo y dedicaci\u00f3n\u00bb.<\/p>\n<div class=\"iframely-embed medium-embedded-content\" data-html=\"Jmx0O2Jsb2NrcXVvdGUgY2xhc3M9InR3aXR0ZXItdHdlZXQiIGRhdGEtZG50PSJ0cnVlIiBhbGlnbj0iY2VudGVyIiZndDsmbHQ7cCBsYW5nPSJlbiIgZGlyPSJsdHIiJmd0O0EgdHJ1ZSBwcm9mZXNzaW9uYWwgYWxsIHRoZSB3YXkgLSB0aGFuayB5b3UgZm9yIHlvdXIgaGFyZCB3b3JrIGFuZCBkZWRpY2F0aW9uIHdoaWxzdCBpbiB0aGUgY2FyLCBKYWNrIPCfq7YmbHQ7YnImZ3Q7Jmx0O2JyJmd0O0hlIHdpbGwgcmVtYWluIGFuIGludGVncmFsIHBhcnQgb2Ygb3VyIHRlYW0gYXMgUmVzZXJ2ZSBEcml2ZXIuICZsdDthIGhyZWY9Imh0dHBzOi8vdC5jby9KNEJtMExBVWFPIiZndDtwaWMudHdpdHRlci5jb20vSjRCbTBMQVVhTyZsdDsvYSZndDsmbHQ7L3AmZ3Q7JmFtcDttZGFzaDsgQldUIEFscGluZSBGb3JtdWxhIE9uZSBUZWFtIChAQWxwaW5lRjFUZWFtKSAmbHQ7YSBocmVmPSJodHRwczovL3R3aXR0ZXIuY29tL0FscGluZUYxVGVhbS9zdGF0dXMvMTkyMDAxMzY3Mjk3NTMxMTIwNj9yZWZfc3JjPXR3c3JjJTVFdGZ3IiZndDtNYXkgNywgMjAyNSZsdDsvYSZndDsmbHQ7L2Jsb2NrcXVvdGUmZ3Q7CiZsdDtzY3JpcHQgYXN5bmMgc3JjPSJodHRwczovL3BsYXRmb3JtLnR3aXR0ZXIuY29tL3dpZGdldHMuanMiIGNoYXJzZXQ9InV0Zi04IiZndDsmbHQ7L3NjcmlwdCZndDsKCiZsdDtkaXYgY2xhc3M9Im1lZGl1bS1pbnNlcnQtZW1iZWRzLW1ldGEiJmd0OyZsdDtzY3JpcHQgdHlwZT0idGV4dC9qc29uIiZndDt7InVybCI6Imh0dHBzOi8vdHdpdHRlci5jb20vQWxwaW5lRjFUZWFtL3N0YXR1cy8xOTIwMDEzNjcyOTc1MzExMjA2IiwidHlwZSI6InJpY2giLCJ2ZXJzaW9uIjoiMS4wIiwidGl0bGUiOiJCV1QgQWxwaW5lIEZvcm11bGEgT25lIFRlYW0gb24gVHdpdHRlciAvIFgiLCJhdXRob3IiOiJCV1QgQWxwaW5lIEZvcm11bGEgT25lIFRlYW0iLCJhdXRob3JfdXJsIjoiaHR0cHM6Ly90d2l0dGVyLmNvbS9BbHBpbmVGMVRlYW0iLCJwcm92aWRlcl9uYW1lIjoiVHdpdHRlciIsImRlc2NyaXB0aW9uIjoiQSB0cnVlIHByb2Zlc3Npb25hbCBhbGwgdGhlIHdheSAtIHRoYW5rIHlvdSBmb3IgeW91ciBoYXJkIHdvcmsgYW5kIGRlZGljYXRpb24gd2hpbHN0IGluIHRoZSBjYXIsIEphY2sg8J+rtkhlIHdpbGwgcmVtYWluIGFuIGludGVncmFsIHBhcnQgb2Ygb3VyIHRlYW0gYXMgUmVzZXJ2ZSBEcml2ZXIuIHBpYy50d2l0dGVyLmNvbS9KNEJtMExBVWFP4oCUIEJXVCBBbHBpbmUgRm9ybXVsYSBPbmUgVGVhbSAoQEFscGluZUYxVGVhbSkgTWF5IDcsIDIwMjVcblxuXG4iLCJ0aHVtYm5haWxfdXJsIjoiaHR0cHM6Ly9wYnMudHdpbWcuY29tL21lZGlhL0dxVkNIMWNXSUFBNEliVi5qcGc6bGFyZ2UiLCJ0aHVtYm5haWxfd2lkdGgiOjE2MzksInRodW1ibmFpbF9oZWlnaHQiOjIwNDgsImNhY2hlX2FnZSI6ODY0MDAsIm9wdGlvbnMiOnsiX2hpZGVfbWVkaWEiOnsibGFiZWwiOiJIaWRlIHBob3RvcywgdmlkZW9zLCBhbmQgY2FyZHMiLCJ2YWx1ZSI6ZmFsc2V9LCJfdGhlbWUiOnsidmFsdWUiOiIiLCJ2YWx1ZXMiOnsiZGFyayI6IlVzZSBkYXJrIHRoZW1lIn19LCJfbWF4d2lkdGgiOnsidmFsdWUiOiIiLCJsYWJlbCI6IkFkanVzdCB3aWR0aCIsInBsYWNlaG9sZGVyIjoiMjIwLTU1MCwgaW4gcHgifX19Jmx0Oy9zY3JpcHQmZ3Q7Jmx0Oy9kaXYmZ3Q7\">\n                <a data-iframely-url=\"\" href=\"https:\/\/twitter.com\/AlpineF1Team\/status\/1920013672975311206\">https:\/\/twitter.com\/AlpineF1Team\/status\/1920013672975311206<\/a>\n              <\/div>\n<p>Este reemplazo se dio en medio de un conflicto entre los directores de la escuder\u00eda francesa, en donde <strong>Flavio Briatore <\/strong>siempre se mostr\u00f3 a favor de que el piloto argentino sea quien ocupe el puesto para acompa\u00f1ar a <strong>Pierre Gasly<\/strong>.<\/p>\n<p>Por otro lado, <strong>Oliver Oakes <\/strong>defend\u00eda y acompa\u00f1aba a Doohan como la persona correcta para correr en Alpine, pero tras los malos resultados en el <strong>Gran Premio de Miami <\/strong>-donde no pudo completar la carrera tras chocar en la primera vuelta con el neozeland\u00e9s <strong>Liam Lawson <\/strong>y debi\u00f3 abandonar por una pinchadura en uno de sus neum\u00e1ticos-, el brit\u00e1nico decidi\u00f3 renunciar el pasado <strong>martes<\/strong>, seg\u00fan confirm\u00f3 la propia escuder\u00eda.<\/p>\n<p>A esa desafortunada actuaci\u00f3n en Estados Unidos se le sum\u00f3 su mal presente, ya que Doohan no supo sumar puntos en la escuder\u00eda francesa en <strong>ninguno de los seis Grandes Premios disputados hasta el momento.<\/strong><\/p>\n<p>De esta forma, en estos \u00faltimos d\u00edas, muchos medios confirmaban que el argentino correr\u00eda en la pr\u00f3xima carrera en reemplazo del australiano.<\/p>\n<h2>Franco Colapinto en F\u00f3rmula 1: cu\u00e1ndo debutar\u00e1 con Alpine\u00a0\u00a0<\/h2>\n<p>Colapinto volver\u00e1 a la <strong>F\u00f3rmula 1 <\/strong>tras su positivo paso por <strong>Williams <\/strong>en la temporada pasada, donde consigui\u00f3 disputar <strong>nueve carreras<\/strong> y conseguir finalizar en el dos veces en el <strong>duod\u00e9cimo lugar, octavo (sumando cuatro puntos), und\u00e9cimo, d\u00e9cimo, d\u00e9cimo cuarto <\/strong>y abandon\u00f3 en tres ocasiones.<\/p>\n<p><strong>El debut de Colapinto en Alpine ser\u00e1 en Imola<\/strong>, por la s\u00e9ptima fecha del campeonato que lidera el australiano <strong>Oscar Piastri<\/strong>. Su regreso ser\u00e1\u00a0el <strong>domingo 18 de mayo a las 10 <\/strong>(hora argentina) en el marco del <strong>Gran Premio de Emilia-Roma\u00f1a.<\/strong><\/p>\n<p>Luego dir\u00e1 presente, al menos, en los <b>GP de M\u00f3naco, Espa\u00f1a, Canad\u00e1 y Austria.<\/b><\/p>\n<p>Bajo un periodo de pruebas, tal como lo estuvo Doohan,<strong> el argentino deber\u00e1 demostrar en estas cinco carreras que merece un lugaer en la F\u00f3rmula 1<\/strong>, si desea continuar en la M\u00e1xima hasta el final de la temporada.<\/p>\n<p>Colapinto volver\u00e1 a las pistas en un circuito que conoce muy bien y que le trajo muchas alegr\u00edas al ganar dos veces, una en <strong>F\u00f3rmula 3<\/strong> y otra en <strong>F\u00f3rmula 2. <\/strong><\/p>\n<p><strong>En 2022, Colapinto logr\u00f3 en Imola<\/strong> su <strong>primera victoria internacional en la F\u00f3rmula 3<\/strong>, con una definici\u00f3n vibrante.<\/p>\n<p><strong>En 2024<\/strong>, en el mismo trazado, <strong>se impuso en la Sprint Race de la F\u00f3rmula 2<\/strong> con una <strong>maniobra memorable en la \u00faltima vuelta<\/strong>, superando ni m\u00e1s ni menos que a <strong>Paul Aron<\/strong>, con quien se disputaba el puesto de Doohan ya que el estonio es <strong>uno de los pilotos de reserva de Alpine<\/strong>.<\/p>\n<p><!-- Live Blog Post --><\/div>\n<p><script async src=\"\/\/platform.twitter.com\/widgets.js\" charset=\"utf-8\"><\/script><br \/><a href=\"https:\/\/www.pagina12.com.ar\/823670-franco-colapinto-volvera-a-correr-en-la-formula-1-con-alpine\">source<\/a><\/p>\n","protected":false},"excerpt":{"rendered":"<p>Alpine confirm\u00f3 este mi\u00e9rcoles que Franco Colapinto volver\u00e1 a competir en la F\u00f3rmula 1 en&#8230;<\/p>\n","protected":false},"author":3,"featured_media":20587,"comment_status":"closed","ping_status":"closed","sticky":false,"template":"","format":"standard","meta":{"footnotes":""},"categories":[21],"tags":[],"class_list":["post-20586","post","type-post","status-publish","format-standard","has-post-thumbnail","hentry","category-deportes"],"featured_image_urls":{"full":["https:\/\/fmamiga909.com.ar\/wp-content\/uploads\/2025\/05\/wp-header-logo-65.png",960,540,false],"thumbnail":["https:\/\/fmamiga909.com.ar\/wp-content\/uploads\/2025\/05\/wp-header-logo-65-150x150.png",150,150,true],"medium":["https:\/\/fmamiga909.com.ar\/wp-content\/uploads\/2025\/05\/wp-header-logo-65-300x169.png",300,169,true],"medium_large":["https:\/\/fmamiga909.com.ar\/wp-content\/uploads\/2025\/05\/wp-header-logo-65.png",960,540,false],"large":["https:\/\/fmamiga909.com.ar\/wp-content\/uploads\/2025\/05\/wp-header-logo-65.png",640,360,false],"1536x1536":["https:\/\/fmamiga909.com.ar\/wp-content\/uploads\/2025\/05\/wp-header-logo-65.png",960,540,false],"2048x2048":["https:\/\/fmamiga909.com.ar\/wp-content\/uploads\/2025\/05\/wp-header-logo-65.png",960,540,false],"newsium-slider-full":["https:\/\/fmamiga909.com.ar\/wp-content\/uploads\/2025\/05\/wp-header-logo-65.png",960,540,false],"newsium-featured":["https:\/\/fmamiga909.com.ar\/wp-content\/uploads\/2025\/05\/wp-header-logo-65.png",960,540,false],"newsium-medium":["https:\/\/fmamiga909.com.ar\/wp-content\/uploads\/2025\/05\/wp-header-logo-65-720x475.png",720,475,true]},"author_info":{"display_name":"Fredy Giuliano","author_link":"https:\/\/fmamiga909.com.ar\/?author=3"},"category_info":"<a href=\"https:\/\/fmamiga909.com.ar\/?cat=21\" rel=\"category\">Deportes<\/a>","tag_info":"Deportes","comment_count":"0","_links":{"self":[{"href":"https:\/\/fmamiga909.com.ar\/index.php?rest_route=\/wp\/v2\/posts\/20586","targetHints":{"allow":["GET"]}}],"collection":[{"href":"https:\/\/fmamiga909.com.ar\/index.php?rest_route=\/wp\/v2\/posts"}],"about":[{"href":"https:\/\/fmamiga909.com.ar\/index.php?rest_route=\/wp\/v2\/types\/post"}],"author":[{"embeddable":true,"href":"https:\/\/fmamiga909.com.ar\/index.php?rest_route=\/wp\/v2\/users\/3"}],"replies":[{"embeddable":true,"href":"https:\/\/fmamiga909.com.ar\/index.php?rest_route=%2Fwp%2Fv2%2Fcomments&post=20586"}],"version-history":[{"count":0,"href":"https:\/\/fmamiga909.com.ar\/index.php?rest_route=\/wp\/v2\/posts\/20586\/revisions"}],"wp:featuredmedia":[{"embeddable":true,"href":"https:\/\/fmamiga909.com.ar\/index.php?rest_route=\/wp\/v2\/media\/20587"}],"wp:attachment":[{"href":"https:\/\/fmamiga909.com.ar\/index.php?rest_route=%2Fwp%2Fv2%2Fmedia&parent=20586"}],"wp:term":[{"taxonomy":"category","embeddable":true,"href":"https:\/\/fmamiga909.com.ar\/index.php?rest_route=%2Fwp%2Fv2%2Fcategories&post=20586"},{"taxonomy":"post_tag","embeddable":true,"href":"https:\/\/fmamiga909.com.ar\/index.php?rest_route=%2Fwp%2Fv2%2Ftags&post=20586"}],"curies":[{"name":"wp","href":"https:\/\/api.w.org\/{rel}","templated":true}]}}