{"id":20588,"date":"2025-05-07T11:13:14","date_gmt":"2025-05-07T11:13:14","guid":{"rendered":"https:\/\/fmamiga909.com.ar\/?p=20588"},"modified":"2025-05-07T11:13:14","modified_gmt":"2025-05-07T11:13:14","slug":"colapinto-en-la-formula-1-cuando-y-a-que-hora-correra-en-el-gran-premio-de-imola","status":"publish","type":"post","link":"https:\/\/fmamiga909.com.ar\/?p=20588","title":{"rendered":"Colapinto en la F\u00f3rmula 1: cu\u00e1ndo y a qu\u00e9 hora correr\u00e1 en el Gran Premio de Imola"},"content":{"rendered":"<div><!-- Body --><\/p>\n<p><b>\u00a0El Gran Premio de Emilia-Roma\u00f1a en Imola se disputar\u00e1 el domingo 18 de mayo<\/b> y tendr\u00e1 a <b\/><a href=\"https:\/\/www.pagina12.com.ar\/823670-franco-colapinto-volvera-a-correr-en-la-formula-1-con-alpine\"><b>Franco Colapinto<\/b> como protagonista <\/a>en su debut como piloto titular de Alpine en la F\u00f3rmula 1.<\/p>\n<p><b>   La carrera comenzar\u00e1 a las 10 <\/b>(hora argentina) en el Aut\u00f3dromo Enzo e Dino Ferrari, en la que ser\u00e1 la s\u00e9ptima fecha del calendario 2025.<\/p>\n<p>   La jornada marcar\u00e1 el regreso del pilarense a la m\u00e1xima categor\u00eda del automovilismo, ahora como reemplazo de Jack Doohan, con un contrato confirmado por cinco fechas. <b>Colapinto compartir\u00e1 equipo con Pierre Gasly y buscar\u00e1 sumar sus primeros puntos en el campeonato.<\/b><\/p>\n<p><b>   La actividad del fin de semana en Imola comenzar\u00e1 el viernes con los entrenamientos libres<\/b> y continuar\u00e1 <b>el s\u00e1bado con la clasificaci\u00f3n a las 11<\/b>, mientras que la carrera del domingo ser\u00e1 a 63 vueltas, con una distancia total de 309 kil\u00f3metros.<\/p>\n<p>   El trazado italiano es uno de los m\u00e1s t\u00e9cnicos y tradicionales del calendario, donde <b>Colapinto ya logr\u00f3 destacadas actuaciones en categor\u00edas menores, siendo campe\u00f3n en F\u00f3rmula 3 y la Sprint Race de la F\u00f3rmula 2<\/b>. Ser\u00e1 una gran oportunidad para demostrar su potencial en la F1.<\/p>\n<h2>Los horarios y el cronograma de Colapinto en Imola<\/h2>\n<p><\/p>\n<h3>Viernes 16 de mayo<\/h3>\n<p>   Pr\u00e1cticas libres 1: 8.30 a 9.30.<br \/>   Pr\u00e1cticas libres 2: 12.00 a 13.00<\/p>\n<h3>S\u00e1bado 17 de mayo<\/h3>\n<p>   Pr\u00e1cticas libres 3: 7.30 a 8.30.<br \/>   Clasificaci\u00f3n: 11.00 a 12.00<\/p>\n<h3>Domingo 18 de mayo<\/h3>\n<p>   Carrera: 10.00.<!-- Live Blog Post --><\/div>\n<p><a href=\"https:\/\/www.pagina12.com.ar\/823681-colapinto-vuelve-a-la-formula-1-la-fecha-y-los-horarios-de-s\">source<\/a><\/p>\n","protected":false},"excerpt":{"rendered":"<p>\u00a0El Gran Premio de Emilia-Roma\u00f1a en Imola se disputar\u00e1 el domingo 18 de mayo y&#8230;<\/p>\n","protected":false},"author":3,"featured_media":20589,"comment_status":"closed","ping_status":"closed","sticky":false,"template":"","format":"standard","meta":{"footnotes":""},"categories":[21],"tags":[],"class_list":["post-20588","post","type-post","status-publish","format-standard","has-post-thumbnail","hentry","category-deportes"],"featured_image_urls":{"full":["https:\/\/fmamiga909.com.ar\/wp-content\/uploads\/2025\/05\/wp-header-logo-66.png",960,540,false],"thumbnail":["https:\/\/fmamiga909.com.ar\/wp-content\/uploads\/2025\/05\/wp-header-logo-66-150x150.png",150,150,true],"medium":["https:\/\/fmamiga909.com.ar\/wp-content\/uploads\/2025\/05\/wp-header-logo-66-300x169.png",300,169,true],"medium_large":["https:\/\/fmamiga909.com.ar\/wp-content\/uploads\/2025\/05\/wp-header-logo-66.png",960,540,false],"large":["https:\/\/fmamiga909.com.ar\/wp-content\/uploads\/2025\/05\/wp-header-logo-66.png",640,360,false],"1536x1536":["https:\/\/fmamiga909.com.ar\/wp-content\/uploads\/2025\/05\/wp-header-logo-66.png",960,540,false],"2048x2048":["https:\/\/fmamiga909.com.ar\/wp-content\/uploads\/2025\/05\/wp-header-logo-66.png",960,540,false],"newsium-slider-full":["https:\/\/fmamiga909.com.ar\/wp-content\/uploads\/2025\/05\/wp-header-logo-66.png",960,540,false],"newsium-featured":["https:\/\/fmamiga909.com.ar\/wp-content\/uploads\/2025\/05\/wp-header-logo-66.png",960,540,false],"newsium-medium":["https:\/\/fmamiga909.com.ar\/wp-content\/uploads\/2025\/05\/wp-header-logo-66-720x475.png",720,475,true]},"author_info":{"display_name":"Fredy Giuliano","author_link":"https:\/\/fmamiga909.com.ar\/?author=3"},"category_info":"<a href=\"https:\/\/fmamiga909.com.ar\/?cat=21\" rel=\"category\">Deportes<\/a>","tag_info":"Deportes","comment_count":"0","_links":{"self":[{"href":"https:\/\/fmamiga909.com.ar\/index.php?rest_route=\/wp\/v2\/posts\/20588","targetHints":{"allow":["GET"]}}],"collection":[{"href":"https:\/\/fmamiga909.com.ar\/index.php?rest_route=\/wp\/v2\/posts"}],"about":[{"href":"https:\/\/fmamiga909.com.ar\/index.php?rest_route=\/wp\/v2\/types\/post"}],"author":[{"embeddable":true,"href":"https:\/\/fmamiga909.com.ar\/index.php?rest_route=\/wp\/v2\/users\/3"}],"replies":[{"embeddable":true,"href":"https:\/\/fmamiga909.com.ar\/index.php?rest_route=%2Fwp%2Fv2%2Fcomments&post=20588"}],"version-history":[{"count":0,"href":"https:\/\/fmamiga909.com.ar\/index.php?rest_route=\/wp\/v2\/posts\/20588\/revisions"}],"wp:featuredmedia":[{"embeddable":true,"href":"https:\/\/fmamiga909.com.ar\/index.php?rest_route=\/wp\/v2\/media\/20589"}],"wp:attachment":[{"href":"https:\/\/fmamiga909.com.ar\/index.php?rest_route=%2Fwp%2Fv2%2Fmedia&parent=20588"}],"wp:term":[{"taxonomy":"category","embeddable":true,"href":"https:\/\/fmamiga909.com.ar\/index.php?rest_route=%2Fwp%2Fv2%2Fcategories&post=20588"},{"taxonomy":"post_tag","embeddable":true,"href":"https:\/\/fmamiga909.com.ar\/index.php?rest_route=%2Fwp%2Fv2%2Ftags&post=20588"}],"curies":[{"name":"wp","href":"https:\/\/api.w.org\/{rel}","templated":true}]}}