{"id":20592,"date":"2025-05-07T14:08:57","date_gmt":"2025-05-07T14:08:57","guid":{"rendered":"https:\/\/fmamiga909.com.ar\/?p=20592"},"modified":"2025-05-07T14:08:57","modified_gmt":"2025-05-07T14:08:57","slug":"franco-colapinto-no-puedo-estar-mas-emocionado","status":"publish","type":"post","link":"https:\/\/fmamiga909.com.ar\/?p=20592","title":{"rendered":"Franco Colapinto: &quot;No puedo estar m\u00e1s emocionado&quot;"},"content":{"rendered":"<div><!-- Body --><\/p>\n<p>Despu\u00e9s de confirmarse su presencia en los cinco pr\u00f3ximos Grandes Premios de F\u00f3rmula 1, <b>Franco Colapinto le envi\u00f3 un mensaje a sus fan\u00e1ticos<\/b> a trav\u00e9s de un video en el que <b>confes\u00f3 que no puede estar \u00abm\u00e1s emocionado\u00bb <\/b>por su regreso a la m\u00e1xima categor\u00eda despu\u00e9s de las nueve carreras que disput\u00f3 en 2024.<\/p>\n<div class=\"iframely-embed medium-embedded-content\" data-html=\"Jmx0O2Jsb2NrcXVvdGUgY2xhc3M9InR3aXR0ZXItdHdlZXQiIGRhdGEtZG50PSJ0cnVlIiBhbGlnbj0iY2VudGVyIiZndDsmbHQ7cCBsYW5nPSJlbiIgZGlyPSJsdHIiJmd0O+KAnEkgY2Fubm90IHdhaXQgdG8gZ2V0IHN0YXJ0ZWQu4oCdJmx0O2JyJmd0OyZsdDticiZndDtMb29raW5nIGZvcndhcmQgdG8gbmV4dCB3ZWVrZW5kIGluIEltb2xhIPCfh67wn4e5ICZsdDthIGhyZWY9Imh0dHBzOi8vdC5jby9vQUxEd0ZTbkZDIiZndDtwaWMudHdpdHRlci5jb20vb0FMRHdGU25GQyZsdDsvYSZndDsmbHQ7L3AmZ3Q7JmFtcDttZGFzaDsgQldUIEFscGluZSBGb3JtdWxhIE9uZSBUZWFtIChAQWxwaW5lRjFUZWFtKSAmbHQ7YSBocmVmPSJodHRwczovL3R3aXR0ZXIuY29tL0FscGluZUYxVGVhbS9zdGF0dXMvMTkyMDA3OTQyMDgxNzI4NTM5Nz9yZWZfc3JjPXR3c3JjJTVFdGZ3IiZndDtNYXkgNywgMjAyNSZsdDsvYSZndDsmbHQ7L2Jsb2NrcXVvdGUmZ3Q7CiZsdDtzY3JpcHQgYXN5bmMgc3JjPSJodHRwczovL3BsYXRmb3JtLnR3aXR0ZXIuY29tL3dpZGdldHMuanMiIGNoYXJzZXQ9InV0Zi04IiZndDsmbHQ7L3NjcmlwdCZndDsKCiZsdDtkaXYgY2xhc3M9Im1lZGl1bS1pbnNlcnQtZW1iZWRzLW1ldGEiJmd0OyZsdDtzY3JpcHQgdHlwZT0idGV4dC9qc29uIiZndDt7InVybCI6Imh0dHBzOi8vdHdpdHRlci5jb20vQWxwaW5lRjFUZWFtL3N0YXR1cy8xOTIwMDc5NDIwODE3Mjg1Mzk3IiwidHlwZSI6InJpY2giLCJ2ZXJzaW9uIjoiMS4wIiwidGl0bGUiOiJCV1QgQWxwaW5lIEZvcm11bGEgT25lIFRlYW0gb24gVHdpdHRlciAvIFgiLCJhdXRob3IiOiJCV1QgQWxwaW5lIEZvcm11bGEgT25lIFRlYW0iLCJhdXRob3JfdXJsIjoiaHR0cHM6Ly90d2l0dGVyLmNvbS9BbHBpbmVGMVRlYW0iLCJwcm92aWRlcl9uYW1lIjoiVHdpdHRlciIsImRlc2NyaXB0aW9uIjoi4oCcSSBjYW5ub3Qgd2FpdCB0byBnZXQgc3RhcnRlZC7igJ1Mb29raW5nIGZvcndhcmQgdG8gbmV4dCB3ZWVrZW5kIGluIEltb2xhIPCfh67wn4e5IHBpYy50d2l0dGVyLmNvbS9vQUxEd0ZTbkZD4oCUIEJXVCBBbHBpbmUgRm9ybXVsYSBPbmUgVGVhbSAoQEFscGluZUYxVGVhbSkgTWF5IDcsIDIwMjVcblxuXG4iLCJ0aHVtYm5haWxfdXJsIjoiaHR0cHM6Ly9wYnMudHdpbWcuY29tL2FtcGxpZnlfdmlkZW9fdGh1bWIvMTkyMDA3ODk4Mjk5NDY0MDg5Ni9pbWcvWlZwMF8yOWpqZ3p5dEZkZi5qcGc6bGFyZ2UiLCJ0aHVtYm5haWxfd2lkdGgiOjEwODAsInRodW1ibmFpbF9oZWlnaHQiOjE5MjAsImNhY2hlX2FnZSI6ODY0MDAsIm9wdGlvbnMiOnsiX2hpZGVfbWVkaWEiOnsibGFiZWwiOiJIaWRlIHBob3RvcywgdmlkZW9zLCBhbmQgY2FyZHMiLCJ2YWx1ZSI6ZmFsc2V9LCJfdGhlbWUiOnsidmFsdWUiOiIiLCJ2YWx1ZXMiOnsiZGFyayI6IlVzZSBkYXJrIHRoZW1lIn19LCJfbWF4d2lkdGgiOnsidmFsdWUiOiIiLCJsYWJlbCI6IkFkanVzdCB3aWR0aCIsInBsYWNlaG9sZGVyIjoiMjIwLTU1MCwgaW4gcHgifX19Jmx0Oy9zY3JpcHQmZ3Q7Jmx0Oy9kaXYmZ3Q7\">\n                <a data-iframely-url=\"\" href=\"https:\/\/twitter.com\/AlpineF1Team\/status\/1920079420817285397\">https:\/\/twitter.com\/AlpineF1Team\/status\/1920079420817285397<\/a>\n              <\/div>\n<p>   Colapinto comenz\u00f3 el video con la confirmaci\u00f3n oficial de que \u00abvolver\u00e1 a la parrilla de F\u00f3rmula 1 como piloto de carreras de Alpine\u00bb. Y en ese sentido, no pudo ocultar su felicidad: <b>\u00abNo puedo estar m\u00e1s emocionado por esto, es una oportunidad incre\u00edble\u00bb.<\/b><\/p>\n<p>A trav\u00e9s del mensaje difundido en las redes sociales de su escuder\u00eda, el piloto argentino le agradeci\u00f3 \u00aba todo el equipo por la confianza\u00bb de ponerlo en ese asiento y destac\u00f3 que otra vez debutar\u00e1 en Italia, como pas\u00f3 el a\u00f1o pasado cuando hizo su estreno con Williams en Monza: <b>\u00abEst\u00e1 sucediendo de nuevo all\u00ed, fue Monza el a\u00f1o pasado, ahora es Imola, una gran pista para hacer mi debut con el equipo y ser\u00e1 genial\u00bb,<\/b> complet\u00f3 Colapinto.<\/p>\n<div class=\"iframely-embed medium-embedded-content\" data-html=\"Jmx0O2Jsb2NrcXVvdGUgY2xhc3M9InR3aXR0ZXItdHdlZXQiIGRhdGEtZG50PSJ0cnVlIiBhbGlnbj0iY2VudGVyIiZndDsmbHQ7cCBsYW5nPSJlbiIgZGlyPSJsdHIiJmd0O0NvbGFwaW50byBpcyBiYWNrIG9uIHRoZSBncmlkIGluIG5ldyBjb2xvdXJzLi4uJmx0O2JyJmd0OyZsdDticiZndDtWYW1vcywgRnJhbmNvISDwn4em8J+HtyZsdDthIGhyZWY9Imh0dHBzOi8vdHdpdHRlci5jb20vaGFzaHRhZy9GMT9zcmM9aGFzaCZhbXA7YW1wO3JlZl9zcmM9dHdzcmMlNUV0ZnciJmd0OyNGMSZsdDsvYSZndDsgJmx0O2EgaHJlZj0iaHR0cHM6Ly90LmNvL1Y1a2t4UWE1RVYiJmd0O3BpYy50d2l0dGVyLmNvbS9WNWtreFFhNUVWJmx0Oy9hJmd0OyZsdDsvcCZndDsmYW1wO21kYXNoOyBGb3JtdWxhIDEgKEBGMSkgJmx0O2EgaHJlZj0iaHR0cHM6Ly90d2l0dGVyLmNvbS9GMS9zdGF0dXMvMTkyMDAxNDQ4NjE0MjEyNDMxMj9yZWZfc3JjPXR3c3JjJTVFdGZ3IiZndDtNYXkgNywgMjAyNSZsdDsvYSZndDsmbHQ7L2Jsb2NrcXVvdGUmZ3Q7CiZsdDtzY3JpcHQgYXN5bmMgc3JjPSJodHRwczovL3BsYXRmb3JtLnR3aXR0ZXIuY29tL3dpZGdldHMuanMiIGNoYXJzZXQ9InV0Zi04IiZndDsmbHQ7L3NjcmlwdCZndDsKCiZsdDtkaXYgY2xhc3M9Im1lZGl1bS1pbnNlcnQtZW1iZWRzLW1ldGEiJmd0OyZsdDtzY3JpcHQgdHlwZT0idGV4dC9qc29uIiZndDt7InVybCI6Imh0dHBzOi8vdHdpdHRlci5jb20vRjEvc3RhdHVzLzE5MjAwMTQ0ODYxNDIxMjQzMTIiLCJ0eXBlIjoicmljaCIsInZlcnNpb24iOiIxLjAiLCJ0aXRsZSI6IkZvcm11bGEgMSBvbiBUd2l0dGVyIC8gWCIsImF1dGhvciI6IkZvcm11bGEgMSIsImF1dGhvcl91cmwiOiJodHRwczovL3R3aXR0ZXIuY29tL0YxIiwicHJvdmlkZXJfbmFtZSI6IlR3aXR0ZXIiLCJkZXNjcmlwdGlvbiI6IkNvbGFwaW50byBpcyBiYWNrIG9uIHRoZSBncmlkIGluIG5ldyBjb2xvdXJzLi4uVmFtb3MsIEZyYW5jbyEg8J+HpvCfh7cjRjEgcGljLnR3aXR0ZXIuY29tL1Y1a2t4UWE1RVbigJQgRm9ybXVsYSAxIChARjEpIE1heSA3LCAyMDI1XG5cblxuIiwidGh1bWJuYWlsX3VybCI6Imh0dHBzOi8vcGJzLnR3aW1nLmNvbS9tZWRpYS9HcVZCMVdBWHNBRTFRUC0uanBnOmxhcmdlIiwidGh1bWJuYWlsX3dpZHRoIjoxNjM4LCJ0aHVtYm5haWxfaGVpZ2h0IjoyMDQ4LCJjYWNoZV9hZ2UiOjg2NDAwLCJvcHRpb25zIjp7Il9oaWRlX21lZGlhIjp7ImxhYmVsIjoiSGlkZSBwaG90b3MsIHZpZGVvcywgYW5kIGNhcmRzIiwidmFsdWUiOmZhbHNlfSwiX3RoZW1lIjp7InZhbHVlIjoiIiwidmFsdWVzIjp7ImRhcmsiOiJVc2UgZGFyayB0aGVtZSJ9fSwiX21heHdpZHRoIjp7InZhbHVlIjoiIiwibGFiZWwiOiJBZGp1c3Qgd2lkdGgiLCJwbGFjZWhvbGRlciI6IjIyMC01NTAsIGluIHB4In19fSZsdDsvc2NyaXB0Jmd0OyZsdDsvZGl2Jmd0Ow==\">\n                <a data-iframely-url=\"\" href=\"https:\/\/twitter.com\/F1\/status\/1920014486142124312\">https:\/\/twitter.com\/F1\/status\/1920014486142124312<\/a>\n              <\/div>\n<p>   El pilarense tambi\u00e9n le agradeci\u00f3 \u00aba todos los aficionados, a todos los aficionados de Alpine y a toda la gente que ha estado apoyando al equipo y a m\u00ed cuando no estaba corriendo\u00bb Por \u00faltimo, adelant\u00f3: \u00abEspero que disfruten, nos divirtamos y obtengamos muy buenos resultado. Nos vemos pronto\u00bb.<\/p>\n<p>   Colapinto fue confirmado durante la madrugada de este mi\u00e9rcoles como piloto titular de Alpine durante los pr\u00f3ximos cinco Grandes Premios, que ser\u00e1n los de Emilia-Roma\u00f1a, M\u00f3naco, Barcelona, Canad\u00e1 y Austria.<\/p>\n<div class=\"iframely-embed medium-embedded-content\" data-html=\"Jmx0O2Jsb2NrcXVvdGUgY2xhc3M9InR3aXR0ZXItdHdlZXQiIGRhdGEtZG50PSJ0cnVlIiBhbGlnbj0iY2VudGVyIiZndDsmbHQ7cCBsYW5nPSJlcyIgZGlyPSJsdHIiJmd0O3NlIGhpem8gbGFyZ2EgbGEgZXNwZXJhISBGRUxJWiEgZXN0YW1vcyBkZSB2dWVsdGEg8J+SqvCfj7zwn5iE8J+HpvCfh7cgJmx0O2EgaHJlZj0iaHR0cHM6Ly90d2l0dGVyLmNvbS9GMT9yZWZfc3JjPXR3c3JjJTVFdGZ3IiZndDtARjEmbHQ7L2EmZ3Q7ICZsdDthIGhyZWY9Imh0dHBzOi8vdHdpdHRlci5jb20vQWxwaW5lRjFUZWFtP3JlZl9zcmM9dHdzcmMlNUV0ZnciJmd0O0BBbHBpbmVGMVRlYW0mbHQ7L2EmZ3Q7ICZsdDthIGhyZWY9Imh0dHBzOi8vdC5jby9icWFIa1BDdnVtIiZndDtwaWMudHdpdHRlci5jb20vYnFhSGtQQ3Z1bSZsdDsvYSZndDsmbHQ7L3AmZ3Q7JmFtcDttZGFzaDsgRnJhbmNvIENvbGFwaW50byAoQEZyYW5Db2xhcGludG8pICZsdDthIGhyZWY9Imh0dHBzOi8vdHdpdHRlci5jb20vRnJhbkNvbGFwaW50by9zdGF0dXMvMTkyMDAxMzU1MzYzMDYyMTgxND9yZWZfc3JjPXR3c3JjJTVFdGZ3IiZndDtNYXkgNywgMjAyNSZsdDsvYSZndDsmbHQ7L2Jsb2NrcXVvdGUmZ3Q7CiZsdDtzY3JpcHQgYXN5bmMgc3JjPSJodHRwczovL3BsYXRmb3JtLnR3aXR0ZXIuY29tL3dpZGdldHMuanMiIGNoYXJzZXQ9InV0Zi04IiZndDsmbHQ7L3NjcmlwdCZndDsKCiZsdDtkaXYgY2xhc3M9Im1lZGl1bS1pbnNlcnQtZW1iZWRzLW1ldGEiJmd0OyZsdDtzY3JpcHQgdHlwZT0idGV4dC9qc29uIiZndDt7InVybCI6Imh0dHBzOi8vdHdpdHRlci5jb20vRnJhbkNvbGFwaW50by9zdGF0dXMvMTkyMDAxMzU1MzYzMDYyMTgxNCIsInR5cGUiOiJyaWNoIiwidmVyc2lvbiI6IjEuMCIsInRpdGxlIjoiRnJhbmNvIENvbGFwaW50byBvbiBUd2l0dGVyIC8gWCIsImF1dGhvciI6IkZyYW5jbyBDb2xhcGludG8iLCJhdXRob3JfdXJsIjoiaHR0cHM6Ly90d2l0dGVyLmNvbS9GcmFuQ29sYXBpbnRvIiwicHJvdmlkZXJfbmFtZSI6IlR3aXR0ZXIiLCJkZXNjcmlwdGlvbiI6InNlIGhpem8gbGFyZ2EgbGEgZXNwZXJhISBGRUxJWiEgZXN0YW1vcyBkZSB2dWVsdGEg8J+SqvCfj7zwn5iE8J+HpvCfh7cgQEYxIEBBbHBpbmVGMVRlYW0gcGljLnR3aXR0ZXIuY29tL2JxYUhrUEN2dW3igJQgRnJhbmNvIENvbGFwaW50byAoQEZyYW5Db2xhcGludG8pIE1heSA3LCAyMDI1XG5cblxuIiwidGh1bWJuYWlsX3VybCI6Imh0dHBzOi8vcGJzLnR3aW1nLmNvbS9tZWRpYS9HcVZDSnFrWHdBRXNuY20uanBnOmxhcmdlIiwidGh1bWJuYWlsX3dpZHRoIjo4NTEsInRodW1ibmFpbF9oZWlnaHQiOjEwMjQsImNhY2hlX2FnZSI6ODY0MDAsIm9wdGlvbnMiOnsiX2hpZGVfbWVkaWEiOnsibGFiZWwiOiJIaWRlIHBob3RvcywgdmlkZW9zLCBhbmQgY2FyZHMiLCJ2YWx1ZSI6ZmFsc2V9LCJfdGhlbWUiOnsidmFsdWUiOiIiLCJ2YWx1ZXMiOnsiZGFyayI6IlVzZSBkYXJrIHRoZW1lIn19LCJfbWF4d2lkdGgiOnsidmFsdWUiOiIiLCJsYWJlbCI6IkFkanVzdCB3aWR0aCIsInBsYWNlaG9sZGVyIjoiMjIwLTU1MCwgaW4gcHgifX19Jmx0Oy9zY3JpcHQmZ3Q7Jmx0Oy9kaXYmZ3Q7\">\n                <a data-iframely-url=\"\" href=\"https:\/\/twitter.com\/FranColapinto\/status\/1920013553630621814\">https:\/\/twitter.com\/FranColapinto\/status\/1920013553630621814<\/a>\n              <\/div>\n<p>   El argentino ocupar\u00e1 el lugar del australiano Jack Doohan, quien tuvo muy pobres actuaciones en las primeras seis competencias de la temporada -ya hab\u00eda corrido una en 2024- y en ning\u00fan momento estuvo cerca de sumar sus primeros puntos en la categor\u00eda. El nuevo rol del australiano ser\u00e1 el de piloto de reserva.<\/p>\n<p>   Colapinto ya hab\u00eda publicado un mensaje en sus redes sociales luego de que se confirmara la noticia: \u00ab\u00a1Se hizo larga la espera! \u00a1FELIZ! Estamos de vuelta\u00bb.<\/p>\n<p>   El anuncio oficial de Alpine, por su parte, fue acompa\u00f1ado por una serie de posteos del piloto argentino que r\u00e1pidamente se volvieron virales. En una de las publicaciones m\u00e1s comentadas, Colapinto comparti\u00f3 una imagen nocturna con su cl\u00e1sico n\u00famero 43 proyectado en el cielo al mejor estilo Batman, junto al mensaje \u00abBuen d\u00eda\u00bb, en clara referencia a su regreso como un superh\u00e9roe esperado por sus fan\u00e1ticos.<\/p>\n<div class=\"iframely-embed medium-embedded-content\" data-html=\"Jmx0O2Jsb2NrcXVvdGUgY2xhc3M9InR3aXR0ZXItdHdlZXQiIGRhdGEtZG50PSJ0cnVlIiBhbGlnbj0iY2VudGVyIiZndDsmbHQ7cCBsYW5nPSJlcyIgZGlyPSJsdHIiJmd0O2J1ZW4gZMOtYSAmbHQ7YSBocmVmPSJodHRwczovL3QuY28vM2RncmphbEg3byImZ3Q7cGljLnR3aXR0ZXIuY29tLzNkZ3JqYWxIN28mbHQ7L2EmZ3Q7Jmx0Oy9wJmd0OyZhbXA7bWRhc2g7IEZyYW5jbyBDb2xhcGludG8gKEBGcmFuQ29sYXBpbnRvKSAmbHQ7YSBocmVmPSJodHRwczovL3R3aXR0ZXIuY29tL0ZyYW5Db2xhcGludG8vc3RhdHVzLzE5MjAwMTI1Mjc4NTkwODEzOTE\/cmVmX3NyYz10d3NyYyU1RXRmdyImZ3Q7TWF5IDcsIDIwMjUmbHQ7L2EmZ3Q7Jmx0Oy9ibG9ja3F1b3RlJmd0OwombHQ7c2NyaXB0IGFzeW5jIHNyYz0iaHR0cHM6Ly9wbGF0Zm9ybS50d2l0dGVyLmNvbS93aWRnZXRzLmpzIiBjaGFyc2V0PSJ1dGYtOCImZ3Q7Jmx0Oy9zY3JpcHQmZ3Q7CgombHQ7ZGl2IGNsYXNzPSJtZWRpdW0taW5zZXJ0LWVtYmVkcy1tZXRhIiZndDsmbHQ7c2NyaXB0IHR5cGU9InRleHQvanNvbiImZ3Q7eyJ1cmwiOiJodHRwczovL3R3aXR0ZXIuY29tL0ZyYW5Db2xhcGludG8vc3RhdHVzLzE5MjAwMTI1Mjc4NTkwODEzOTEiLCJ0eXBlIjoicmljaCIsInZlcnNpb24iOiIxLjAiLCJ0aXRsZSI6IkZyYW5jbyBDb2xhcGludG8gb24gVHdpdHRlciAvIFgiLCJhdXRob3IiOiJGcmFuY28gQ29sYXBpbnRvIiwiYXV0aG9yX3VybCI6Imh0dHBzOi8vdHdpdHRlci5jb20vRnJhbkNvbGFwaW50byIsInByb3ZpZGVyX25hbWUiOiJUd2l0dGVyIiwiZGVzY3JpcHRpb24iOiJidWVuIGTDrWEgcGljLnR3aXR0ZXIuY29tLzNkZ3JqYWxIN2\/igJQgRnJhbmNvIENvbGFwaW50byAoQEZyYW5Db2xhcGludG8pIE1heSA3LCAyMDI1XG5cblxuIiwidGh1bWJuYWlsX3VybCI6Imh0dHBzOi8vcGJzLnR3aW1nLmNvbS9tZWRpYS9HcVZCTjNWV2dBQWgyN3kuanBnOmxhcmdlIiwidGh1bWJuYWlsX3dpZHRoIjoxMTc4LCJ0aHVtYm5haWxfaGVpZ2h0Ijo4ODcsImNhY2hlX2FnZSI6ODY0MDAsIm9wdGlvbnMiOnsiX2hpZGVfbWVkaWEiOnsibGFiZWwiOiJIaWRlIHBob3RvcywgdmlkZW9zLCBhbmQgY2FyZHMiLCJ2YWx1ZSI6ZmFsc2V9LCJfdGhlbWUiOnsidmFsdWUiOiIiLCJ2YWx1ZXMiOnsiZGFyayI6IlVzZSBkYXJrIHRoZW1lIn19LCJfbWF4d2lkdGgiOnsidmFsdWUiOiIiLCJsYWJlbCI6IkFkanVzdCB3aWR0aCIsInBsYWNlaG9sZGVyIjoiMjIwLTU1MCwgaW4gcHgifX19Jmx0Oy9zY3JpcHQmZ3Q7Jmx0Oy9kaXYmZ3Q7\">\n                <a data-iframely-url=\"\" href=\"https:\/\/twitter.com\/FranColapinto\/status\/1920012527859081391\">https:\/\/twitter.com\/FranColapinto\/status\/1920012527859081391<\/a>\n              <\/div>\n<p>            <!-- Live Blog Post --><\/div>\n<p><script async src=\"\/\/platform.twitter.com\/widgets.js\" charset=\"utf-8\"><\/script><br \/><a href=\"https:\/\/www.pagina12.com.ar\/823712-franco-colapinto-no-puedo-estar-mas-emocionado\">source<\/a><\/p>\n","protected":false},"excerpt":{"rendered":"<p>Despu\u00e9s de confirmarse su presencia en los cinco pr\u00f3ximos Grandes Premios de F\u00f3rmula 1, Franco&#8230;<\/p>\n","protected":false},"author":3,"featured_media":20593,"comment_status":"closed","ping_status":"closed","sticky":false,"template":"","format":"standard","meta":{"footnotes":""},"categories":[21],"tags":[],"class_list":["post-20592","post","type-post","status-publish","format-standard","has-post-thumbnail","hentry","category-deportes"],"featured_image_urls":{"full":["https:\/\/fmamiga909.com.ar\/wp-content\/uploads\/2025\/05\/wp-header-logo-68.png",960,540,false],"thumbnail":["https:\/\/fmamiga909.com.ar\/wp-content\/uploads\/2025\/05\/wp-header-logo-68-150x150.png",150,150,true],"medium":["https:\/\/fmamiga909.com.ar\/wp-content\/uploads\/2025\/05\/wp-header-logo-68-300x169.png",300,169,true],"medium_large":["https:\/\/fmamiga909.com.ar\/wp-content\/uploads\/2025\/05\/wp-header-logo-68.png",960,540,false],"large":["https:\/\/fmamiga909.com.ar\/wp-content\/uploads\/2025\/05\/wp-header-logo-68.png",640,360,false],"1536x1536":["https:\/\/fmamiga909.com.ar\/wp-content\/uploads\/2025\/05\/wp-header-logo-68.png",960,540,false],"2048x2048":["https:\/\/fmamiga909.com.ar\/wp-content\/uploads\/2025\/05\/wp-header-logo-68.png",960,540,false],"newsium-slider-full":["https:\/\/fmamiga909.com.ar\/wp-content\/uploads\/2025\/05\/wp-header-logo-68.png",960,540,false],"newsium-featured":["https:\/\/fmamiga909.com.ar\/wp-content\/uploads\/2025\/05\/wp-header-logo-68.png",960,540,false],"newsium-medium":["https:\/\/fmamiga909.com.ar\/wp-content\/uploads\/2025\/05\/wp-header-logo-68-720x475.png",720,475,true]},"author_info":{"display_name":"Fredy Giuliano","author_link":"https:\/\/fmamiga909.com.ar\/?author=3"},"category_info":"<a href=\"https:\/\/fmamiga909.com.ar\/?cat=21\" rel=\"category\">Deportes<\/a>","tag_info":"Deportes","comment_count":"0","_links":{"self":[{"href":"https:\/\/fmamiga909.com.ar\/index.php?rest_route=\/wp\/v2\/posts\/20592","targetHints":{"allow":["GET"]}}],"collection":[{"href":"https:\/\/fmamiga909.com.ar\/index.php?rest_route=\/wp\/v2\/posts"}],"about":[{"href":"https:\/\/fmamiga909.com.ar\/index.php?rest_route=\/wp\/v2\/types\/post"}],"author":[{"embeddable":true,"href":"https:\/\/fmamiga909.com.ar\/index.php?rest_route=\/wp\/v2\/users\/3"}],"replies":[{"embeddable":true,"href":"https:\/\/fmamiga909.com.ar\/index.php?rest_route=%2Fwp%2Fv2%2Fcomments&post=20592"}],"version-history":[{"count":0,"href":"https:\/\/fmamiga909.com.ar\/index.php?rest_route=\/wp\/v2\/posts\/20592\/revisions"}],"wp:featuredmedia":[{"embeddable":true,"href":"https:\/\/fmamiga909.com.ar\/index.php?rest_route=\/wp\/v2\/media\/20593"}],"wp:attachment":[{"href":"https:\/\/fmamiga909.com.ar\/index.php?rest_route=%2Fwp%2Fv2%2Fmedia&parent=20592"}],"wp:term":[{"taxonomy":"category","embeddable":true,"href":"https:\/\/fmamiga909.com.ar\/index.php?rest_route=%2Fwp%2Fv2%2Fcategories&post=20592"},{"taxonomy":"post_tag","embeddable":true,"href":"https:\/\/fmamiga909.com.ar\/index.php?rest_route=%2Fwp%2Fv2%2Ftags&post=20592"}],"curies":[{"name":"wp","href":"https:\/\/api.w.org\/{rel}","templated":true}]}}