{"id":20594,"date":"2025-05-07T16:03:37","date_gmt":"2025-05-07T16:03:37","guid":{"rendered":"https:\/\/fmamiga909.com.ar\/?p=20594"},"modified":"2025-05-07T16:03:37","modified_gmt":"2025-05-07T16:03:37","slug":"como-es-el-gp-de-emilia-romana-de-formula-1-en-imola-donde-colapinto-volvera-a-correr","status":"publish","type":"post","link":"https:\/\/fmamiga909.com.ar\/?p=20594","title":{"rendered":"\u00bfC\u00f3mo es el GP de Emilia-Roma\u00f1a de F\u00f3rmula 1 en Imola, donde Colapinto volver\u00e1 a correr?"},"content":{"rendered":"<div><!-- Body --><\/p>\n<p><b><a href=\"https:\/\/www.pagina12.com.ar\/823670-franco-colapinto-volvera-a-correr-en-la-formula-1-con-alpine\">Franco Colapinto<\/a><\/b> volver\u00e1 a subirse a un monoplaza para competir en <b>F\u00f3rmula 1<\/b>, en el que ser\u00e1 su debut en la escuder\u00eda <b>Alpine<\/b>. Lo har\u00e1 en el <b>Gran Premio de Emilia-Roma\u00f1a<\/b>, cuya carrera principal se realizar\u00e1 el domingo 18 de mayo.\u00a0<\/p>\n<h3\/>\n<h2>La historia de \u00cdmola y del GP de Emilia-Roma\u00f1a<\/h2>\n<p>La piedra fundamental de Imola \u2014o Aut\u00f3dromo Internazionale Enzo e Dino Ferrari, como se le conoce desde 1988\u2014 se coloc\u00f3 en marzo de 1950. Estuvo listo para las pruebas en octubre de 1952, mientras que las carreras comenzaron en el circuito en 1953.<\/p>\n<p>Imola alberg\u00f3 por primera vez una carrera de F\u00f3rmula 1 no puntuable en 1963, pero tras gestiones pol\u00edticas con Monza \u2014el otro GP que se desarrolla en Italia\u2014 en 1980 la pista recibi\u00f3 el honor de ser la sede del GP de Italia. A partir de 1981 ambos circuitos colaboraron y convivieron en armon\u00eda. All\u00ed Imola adopt\u00f3 el famoso t\u00edtulo de \u00abSan Marino\u00bb y organiz\u00f3 27 Grandes Premios hasta 2006.\u00a0 El circuito volvi\u00f3 al calendario en 2020, ya como sede del vigente <b>Gran Premio de Emilia-Roma\u00f1a<\/b>.<\/p>\n<div class=\"iframely-embed medium-embedded-content\" data-html=\"Jmx0O2RpdiZndDsmbHQ7ZGl2IHN0eWxlPSJsZWZ0OiAwOyB3aWR0aDogMTAwJTsgaGVpZ2h0OiAwOyBwb3NpdGlvbjogcmVsYXRpdmU7IHBhZGRpbmctYm90dG9tOiA1Ni40NTgzJTsiJmd0OyZsdDtpZnJhbWUgc3JjPSJodHRwczovL2lmcmFtZWx5LnBhZ2luYTEyLmNvbS5hci9hcGkvaWZyYW1lP2NsaWNrX3RvX3BsYXk9MSZhbXA7dXJsPWh0dHBzJTNBJTJGJTJGZ2VvLmRhaWx5bW90aW9uLmNvbSUyRnBsYXllciUyRnh0NWVlLmh0bWwlM0Z2aWRlbyUzRHg5ajRha3MmYW1wO2tleT00Njc2YjVmZGMwODMyNTdlYTg3ZjcxNjA4Yzc0ZTlmZSIgc3R5bGU9InRvcDogMDsgbGVmdDogMDsgd2lkdGg6IDEwMCU7IGhlaWdodDogMTAwJTsgcG9zaXRpb246IGFic29sdXRlOyBib3JkZXI6IDA7IiBhbGxvd2Z1bGxzY3JlZW4gc2Nyb2xsaW5nPSJubyIgYWxsb3c9ImVuY3J5cHRlZC1tZWRpYSAqOyImZ3Q7Jmx0Oy9pZnJhbWUmZ3Q7Jmx0Oy9kaXYmZ3Q7Jmx0Oy9kaXYmZ3Q7Jmx0O2RpdiBjbGFzcz0ibWVkaXVtLWluc2VydC1lbWJlZHMtbWV0YSImZ3Q7Jmx0O3NjcmlwdCB0eXBlPSJ0ZXh0L2pzb24iJmd0O3sidXJsIjoiaHR0cHM6Ly9nZW8uZGFpbHltb3Rpb24uY29tL3BsYXllci94dDVlZS5odG1sP3ZpZGVvPXg5ajRha3MiLCJ0eXBlIjoidmlkZW8iLCJ2ZXJzaW9uIjoiMS4wIiwidGl0bGUiOiJNZWpvcmVzIE1vbWVudG9zIHwgR3JhbiBQcmVtaW8gZGUgRW1pbGlhIFJvbWFnbmEgMjAyNCIsImF1dGhvciI6IlDDoWdpbmExMiIsImF1dGhvcl91cmwiOiJodHRwczovL3d3dy5kYWlseW1vdGlvbi5jb20vUGFnaW5hMTIiLCJwcm92aWRlcl9uYW1lIjoiRGFpbHltb3Rpb24iLCJkZXNjcmlwdGlvbiI6IlZlciBNZWpvcmVzIE1vbWVudG9zIHwgR3JhbiBQcmVtaW8gZGUgRW1pbGlhIFJvbWFnbmEgMjAyNCAtIFDDoWdpbmExMiBlbiBEYWlseW1vdGlvbiIsInRodW1ibmFpbF91cmwiOiJodHRwczovL3MxLmRtY2RuLm5ldC92L1lNU01DMWU2c3lBVHhNWl9ZL3g3MjAiLCJ0aHVtYm5haWxfd2lkdGgiOjEyODAsInRodW1ibmFpbF9oZWlnaHQiOjcyMCwiY2FjaGVfYWdlIjo4NjQwMH0mbHQ7L3NjcmlwdCZndDsmbHQ7L2RpdiZndDs=\">\n                <a data-iframely-url=\"\" href=\"https:\/\/geo.dailymotion.com\/player\/xt5ee.html?video=x9j4aks\">https:\/\/geo.dailymotion.com\/player\/xt5ee.html?video=x9j4aks<\/a>\n              <\/div>\n<p>En cuanto a las caracter\u00edsticas del circuito,<b> Pierre Gasly, compa\u00f1ero de Colapinto, calific\u00f3 la experiencia como como una de las mejores que hab\u00eda tenido en un coche de F\u00f3rmula 1<\/b>. Su entonces compa\u00f1ero de equipo, Daniil Kvyat, coment\u00f3 que \u201crealmente te llena de adrenalina\u201d al destacar curvas como Acque Minerali, tan r\u00e1pida como incre\u00edble.<\/p>\n<p>Originalmente era un circuito muy recto, pero poco a poco se fue dotando de curvas artificiales. Sin embargo, segu\u00eda siendo uno de los m\u00e1s peligrosos. La curva Tamburello era cr\u00edtica, ya que era muy r\u00e1pida al entrar y ten\u00eda una superficie irregular. Nelson Piquet y Gerhard Berger sufrieron accidentes en esta curva.<\/p>\n<p><b>En 1994, sin embargo, Imola fue testigo de uno de los fines de semana m\u00e1s negros de la historia de la F\u00f3rmula 1<\/b>. Rubens Barrichello se estrell\u00f3 el viernes, pero s\u00f3lo sufri\u00f3 heridas leves. El s\u00e1bado, <b>Roland Ratzenberger<\/b> perdi\u00f3 la vida en la curva Villeneuve. Pero lo m\u00e1s terrible lleg\u00f3 el domingo. Fue en la curva Tamburello donde <b>muri\u00f3 el legendario<\/b> <b>Ayrton Senna<\/b>. El tr\u00e1gico evento culminar\u00eda despu\u00e9s con varios heridos leves entre los espectadores que fueron alcanzados por los escombros tras una colisi\u00f3n al inicio de la carrera.<\/p>\n<p>El circuito, que se corre en sentido antihorario, es sin dudas r\u00e1pido y conserva una esencia a la vieja escuela, donde los pilotos se juegan el todo por el todo en curvas ic\u00f3nicas. <b>Una vuelta a la pista con 4,9 kil\u00f3metros y en el GP de Emilia-Roma\u00f1a se corren 63 vueltas, por lo que la distancia total del recorrido es de 309.049 kil\u00f3metros<\/b>. El r\u00e9cord de la\u00a0 vuelta m\u00e1s r\u00e1pida es del brit\u00e1nico <b>Lewis Hamilton<\/b>, que en 2020 la hizo en 1:15:484.<\/p>\n<p>La F1 no es el \u00fanico gran acontecimiento que alberga Imola. Tambi\u00e9n fue escenario del Campeonato del Mundo de Motociclismo de Carretera, el Campeonato del Mundo de Superbikes e incluso el Campeonato del Mundo de Motocross. Actualmente, tambi\u00e9n se celebran all\u00ed las series European Le Mans.<\/p>\n<p>La pista est\u00e1 ubicada\u00a0en una zona espectacular: al sur, las colinas de la Toscana; al este, las playas del Adri\u00e1tico; y al oeste, las delicias gastron\u00f3micas de ciudades como Bolonia, Parma y M\u00f3dena, sin olvidar el santuario de la F1 que es la sede de Ferrari en la cercana Maranello.\u00a0<\/p>\n<p><!-- Live Blog Post --><\/div>\n<p><a href=\"https:\/\/www.pagina12.com.ar\/823718-como-es-el-gp-de-emilia-romana-de-formula-1-en-imola-donde-c\">source<\/a><\/p>\n","protected":false},"excerpt":{"rendered":"<p>Franco Colapinto volver\u00e1 a subirse a un monoplaza para competir en F\u00f3rmula 1, en el&#8230;<\/p>\n","protected":false},"author":3,"featured_media":20595,"comment_status":"closed","ping_status":"closed","sticky":false,"template":"","format":"standard","meta":{"footnotes":""},"categories":[21],"tags":[],"class_list":["post-20594","post","type-post","status-publish","format-standard","has-post-thumbnail","hentry","category-deportes"],"featured_image_urls":{"full":["https:\/\/fmamiga909.com.ar\/wp-content\/uploads\/2025\/05\/wp-header-logo-69.png",960,540,false],"thumbnail":["https:\/\/fmamiga909.com.ar\/wp-content\/uploads\/2025\/05\/wp-header-logo-69-150x150.png",150,150,true],"medium":["https:\/\/fmamiga909.com.ar\/wp-content\/uploads\/2025\/05\/wp-header-logo-69-300x169.png",300,169,true],"medium_large":["https:\/\/fmamiga909.com.ar\/wp-content\/uploads\/2025\/05\/wp-header-logo-69.png",960,540,false],"large":["https:\/\/fmamiga909.com.ar\/wp-content\/uploads\/2025\/05\/wp-header-logo-69.png",640,360,false],"1536x1536":["https:\/\/fmamiga909.com.ar\/wp-content\/uploads\/2025\/05\/wp-header-logo-69.png",960,540,false],"2048x2048":["https:\/\/fmamiga909.com.ar\/wp-content\/uploads\/2025\/05\/wp-header-logo-69.png",960,540,false],"newsium-slider-full":["https:\/\/fmamiga909.com.ar\/wp-content\/uploads\/2025\/05\/wp-header-logo-69.png",960,540,false],"newsium-featured":["https:\/\/fmamiga909.com.ar\/wp-content\/uploads\/2025\/05\/wp-header-logo-69.png",960,540,false],"newsium-medium":["https:\/\/fmamiga909.com.ar\/wp-content\/uploads\/2025\/05\/wp-header-logo-69-720x475.png",720,475,true]},"author_info":{"display_name":"Fredy Giuliano","author_link":"https:\/\/fmamiga909.com.ar\/?author=3"},"category_info":"<a href=\"https:\/\/fmamiga909.com.ar\/?cat=21\" rel=\"category\">Deportes<\/a>","tag_info":"Deportes","comment_count":"0","_links":{"self":[{"href":"https:\/\/fmamiga909.com.ar\/index.php?rest_route=\/wp\/v2\/posts\/20594","targetHints":{"allow":["GET"]}}],"collection":[{"href":"https:\/\/fmamiga909.com.ar\/index.php?rest_route=\/wp\/v2\/posts"}],"about":[{"href":"https:\/\/fmamiga909.com.ar\/index.php?rest_route=\/wp\/v2\/types\/post"}],"author":[{"embeddable":true,"href":"https:\/\/fmamiga909.com.ar\/index.php?rest_route=\/wp\/v2\/users\/3"}],"replies":[{"embeddable":true,"href":"https:\/\/fmamiga909.com.ar\/index.php?rest_route=%2Fwp%2Fv2%2Fcomments&post=20594"}],"version-history":[{"count":0,"href":"https:\/\/fmamiga909.com.ar\/index.php?rest_route=\/wp\/v2\/posts\/20594\/revisions"}],"wp:featuredmedia":[{"embeddable":true,"href":"https:\/\/fmamiga909.com.ar\/index.php?rest_route=\/wp\/v2\/media\/20595"}],"wp:attachment":[{"href":"https:\/\/fmamiga909.com.ar\/index.php?rest_route=%2Fwp%2Fv2%2Fmedia&parent=20594"}],"wp:term":[{"taxonomy":"category","embeddable":true,"href":"https:\/\/fmamiga909.com.ar\/index.php?rest_route=%2Fwp%2Fv2%2Fcategories&post=20594"},{"taxonomy":"post_tag","embeddable":true,"href":"https:\/\/fmamiga909.com.ar\/index.php?rest_route=%2Fwp%2Fv2%2Ftags&post=20594"}],"curies":[{"name":"wp","href":"https:\/\/api.w.org\/{rel}","templated":true}]}}