{"id":20600,"date":"2025-05-07T22:04:33","date_gmt":"2025-05-07T22:04:33","guid":{"rendered":"https:\/\/fmamiga909.com.ar\/?p=20600"},"modified":"2025-05-07T22:04:33","modified_gmt":"2025-05-07T22:04:33","slug":"el-deporte-un-libro-y-lo-que-no-vemos","status":"publish","type":"post","link":"https:\/\/fmamiga909.com.ar\/?p=20600","title":{"rendered":"El deporte, un libro y lo que no vemos\u00a0 \u00a0"},"content":{"rendered":"<div><!-- Body --><\/p>\n<p>Sentir como propio un proyecto colectivo es una de las construcciones m\u00e1s emancipadoras del g\u00e9nero humano. El sujeto pasa a ser part\u00edcipe de una experiencia que lo trasciende, edificada desde abajo y por abajo, donde varias miradas distintas enriquecen una idea. En este caso, un libro. Eso es <i>Comunicaci\u00f3n, Deporte y Derechos Humanos, una nueva agenda de lo que no vemos<\/i>, tal el t\u00edtulo del texto editado por la Facultad de Periodismo y Comunicaci\u00f3n Social de la Universidad Nacional de La Plata. Un trabajo coral de la c\u00e1tedra que integro hace ocho a\u00f1os. Un objetivo cumplido que nos estimula a compartir otros por venir.<\/p>\n<p>  El prop\u00f3sito del libro es visibilizar derechos donde no se perciben como tales. Como dice en la introducci\u00f3n: \u201cEl acceso al deporte lo demuestra. Ni siquiera tiene jerarqu\u00eda constitucional en nuestra carta magna. Apenas en algunas provincias se lo considera -junto a la recreaci\u00f3n &#8211; como \u2018objetivo fundamental\u2019 que debe ser protegido\u201d.<\/p>\n<p>  Los tres campos que pretendimos integrar en la Tecnicatura Superior Universitaria en Periodismo Deportivo, la primera p\u00fablica y gratuita del pa\u00eds, no producen sentido por separado. La Comunicaci\u00f3n, el Deporte y los Derechos Humanos, en tanto \u00e1reas del conocimiento que dialogan entre s\u00ed, nos llevan a preguntamos: \u00bfPor qu\u00e9 es casi nula la percepci\u00f3n de la pr\u00e1ctica deportiva como un derecho? \u00bfPor qu\u00e9 existen problemas en la comunicaci\u00f3n de ese derecho? \u00bfPor qu\u00e9 el deporte no funciona como significante de los Derechos Humanos a\u00fan cuando lo defina as\u00ed la Carta Ol\u00edmpica? <\/p>\n<p>  Debemos entender que cuando el Estado no estimula la comprensi\u00f3n de esos derechos, y le cede la iniciativa al mercado, nos considera apenas consumidores de un producto. El deporte mercanc\u00eda.<\/p>\n<p>  \u201cCreo que hoy, definitivamente el sistema ha encontrado en el deporte un fant\u00e1stico argumento de dominaci\u00f3n, de frivolizaci\u00f3n, de estupidez\u201d, escribe Fernando Signorini en el pr\u00f3logo del libro. El profesor nacional de Educaci\u00f3n F\u00edsica que trabaj\u00f3 once a\u00f1os en la preparaci\u00f3n de Diego Maradona y hoy es un referente de las buenas causas en la actividad que nos ocupa. <\/p>\n<p>  La comunicaci\u00f3n nos brinda el campo de estudios y una perspectiva de abordaje indispensable. El deporte es el espacio de producci\u00f3n sociocultural que nos obliga a pensar las tramas sociales modernas y su vinculaci\u00f3n con el Estado. Los Derechos Humanos en un sentido amplio, no son un enunciado vac\u00edo, ni sujeto a pol\u00edticas rent\u00edsticas que colocan el producto del espect\u00e1culo un escal\u00f3n por encima de las personas. Esa f\u00e1brica de atletas deshumanizados, profesionales robotizados, comunicadores propaladores del orden impuesto, audiencias anestesiadas o asociaciones civiles sin fines de lucro reemplazadas por sociedades an\u00f3nimas.  <\/p>\n<p> Demasiado tiempo han avanzado las corporaciones con intereses en el deporte para construir individuos acr\u00edticos y potenciales v\u00edctimas de los juegos de apuestas en l\u00ednea que conducen a la ludopat\u00eda. Debemos visibilizar lo invisibilizado, lo que el capitalismo y su cautiva sociedad de consumo no muestran. Es impostergable instalar y consolidar una nueva agenda de lo que no vemos. <\/p>\n<p><a href=\"\/cdn-cgi\/l\/email-protection\" class=\"__cf_email__\" data-cfemail=\"1077667579777150607177797e7121223e737f7d3e7162\">[email\u00a0protected]<\/a><\/p>\n<p><!-- Live Blog Post --><\/div>\n<p><a href=\"https:\/\/www.pagina12.com.ar\/823806-el-deporte-un-libro-y-lo-que-no-vemos\">source<\/a><\/p>\n","protected":false},"excerpt":{"rendered":"<p>Sentir como propio un proyecto colectivo es una de las construcciones m\u00e1s emancipadoras del g\u00e9nero&#8230;<\/p>\n","protected":false},"author":3,"featured_media":20601,"comment_status":"closed","ping_status":"closed","sticky":false,"template":"","format":"standard","meta":{"footnotes":""},"categories":[21],"tags":[],"class_list":["post-20600","post","type-post","status-publish","format-standard","has-post-thumbnail","hentry","category-deportes"],"featured_image_urls":{"full":["https:\/\/fmamiga909.com.ar\/wp-content\/uploads\/2025\/05\/wp-header-logo-72.png",960,540,false],"thumbnail":["https:\/\/fmamiga909.com.ar\/wp-content\/uploads\/2025\/05\/wp-header-logo-72-150x150.png",150,150,true],"medium":["https:\/\/fmamiga909.com.ar\/wp-content\/uploads\/2025\/05\/wp-header-logo-72-300x169.png",300,169,true],"medium_large":["https:\/\/fmamiga909.com.ar\/wp-content\/uploads\/2025\/05\/wp-header-logo-72.png",960,540,false],"large":["https:\/\/fmamiga909.com.ar\/wp-content\/uploads\/2025\/05\/wp-header-logo-72.png",640,360,false],"1536x1536":["https:\/\/fmamiga909.com.ar\/wp-content\/uploads\/2025\/05\/wp-header-logo-72.png",960,540,false],"2048x2048":["https:\/\/fmamiga909.com.ar\/wp-content\/uploads\/2025\/05\/wp-header-logo-72.png",960,540,false],"newsium-slider-full":["https:\/\/fmamiga909.com.ar\/wp-content\/uploads\/2025\/05\/wp-header-logo-72.png",960,540,false],"newsium-featured":["https:\/\/fmamiga909.com.ar\/wp-content\/uploads\/2025\/05\/wp-header-logo-72.png",960,540,false],"newsium-medium":["https:\/\/fmamiga909.com.ar\/wp-content\/uploads\/2025\/05\/wp-header-logo-72-720x475.png",720,475,true]},"author_info":{"display_name":"Fredy Giuliano","author_link":"https:\/\/fmamiga909.com.ar\/?author=3"},"category_info":"<a href=\"https:\/\/fmamiga909.com.ar\/?cat=21\" rel=\"category\">Deportes<\/a>","tag_info":"Deportes","comment_count":"0","_links":{"self":[{"href":"https:\/\/fmamiga909.com.ar\/index.php?rest_route=\/wp\/v2\/posts\/20600","targetHints":{"allow":["GET"]}}],"collection":[{"href":"https:\/\/fmamiga909.com.ar\/index.php?rest_route=\/wp\/v2\/posts"}],"about":[{"href":"https:\/\/fmamiga909.com.ar\/index.php?rest_route=\/wp\/v2\/types\/post"}],"author":[{"embeddable":true,"href":"https:\/\/fmamiga909.com.ar\/index.php?rest_route=\/wp\/v2\/users\/3"}],"replies":[{"embeddable":true,"href":"https:\/\/fmamiga909.com.ar\/index.php?rest_route=%2Fwp%2Fv2%2Fcomments&post=20600"}],"version-history":[{"count":0,"href":"https:\/\/fmamiga909.com.ar\/index.php?rest_route=\/wp\/v2\/posts\/20600\/revisions"}],"wp:featuredmedia":[{"embeddable":true,"href":"https:\/\/fmamiga909.com.ar\/index.php?rest_route=\/wp\/v2\/media\/20601"}],"wp:attachment":[{"href":"https:\/\/fmamiga909.com.ar\/index.php?rest_route=%2Fwp%2Fv2%2Fmedia&parent=20600"}],"wp:term":[{"taxonomy":"category","embeddable":true,"href":"https:\/\/fmamiga909.com.ar\/index.php?rest_route=%2Fwp%2Fv2%2Fcategories&post=20600"},{"taxonomy":"post_tag","embeddable":true,"href":"https:\/\/fmamiga909.com.ar\/index.php?rest_route=%2Fwp%2Fv2%2Ftags&post=20600"}],"curies":[{"name":"wp","href":"https:\/\/api.w.org\/{rel}","templated":true}]}}