{"id":20606,"date":"2025-05-07T23:03:15","date_gmt":"2025-05-07T23:03:15","guid":{"rendered":"https:\/\/fmamiga909.com.ar\/?p=20606"},"modified":"2025-05-07T23:03:15","modified_gmt":"2025-05-07T23:03:15","slug":"llego-la-segunda-hora-de-colapinto-el-argentino-debutara-en-imola-con-alpine","status":"publish","type":"post","link":"https:\/\/fmamiga909.com.ar\/?p=20606","title":{"rendered":"Lleg\u00f3 la segunda hora de Colapinto: el argentino debutar\u00e1 en Imola con Alpine"},"content":{"rendered":"<div><!-- Body --><\/p>\n<p>Finalmente lleg\u00f3 el d\u00eda m\u00e1s esperado por esta argentinidad fan\u00e1tica de la F\u00f3rmula 1: luego de rumores, cimbronazos y millones de expectativas, Alpine anunci\u00f3 este mi\u00e9rcoles que <b>el argentino Franco Colapinto reemplazar\u00e1 a Jack Doohan y har\u00e1 su debut con la escuder\u00eda anglofrancesa en el pr\u00f3ximo Gran Premio, en Imola. <\/b>Desde Alpine aclararon que el pilarense ser\u00e1 el compa\u00f1ero de Pierre Gasly durante las pr\u00f3ximas cinco carreras antes de una nueva evaluaci\u00f3n por parte del equipo en julio: as\u00ed, <b>Colapinto iniciar\u00e1 su segunda aventura en el Gran Circo con un periplo que comienza en Emilia-Romagna con la triple fecha europea (que incluye luego M\u00f3naco y Espa\u00f1a) y contin\u00faa m\u00e1s adelante, en junio, con las citas en Canad\u00e1 y Austria.<\/b><\/p>\n<div class=\"iframely-embed medium-embedded-content\" data-html=\"Jmx0O2Jsb2NrcXVvdGUgY2xhc3M9InR3aXR0ZXItdHdlZXQiIGRhdGEtZG50PSJ0cnVlIiBhbGlnbj0iY2VudGVyIiZndDsmbHQ7cCBsYW5nPSJlbiIgZGlyPSJsdHIiJmd0O8KhVmFtb3NGcmFuY28hIPCfh6bwn4e3Jmx0O2EgaHJlZj0iaHR0cHM6Ly90d2l0dGVyLmNvbS9GcmFuQ29sYXBpbnRvP3JlZl9zcmM9dHdzcmMlNUV0ZnciJmd0O0BGcmFuQ29sYXBpbnRvJmx0Oy9hJmd0OyB3aWxsIGJlIG1ha2luZyB0aGUgc3RlcCB1cCB0byByYWNlIGRyaXZlciBmb3IgdGhlIG5leHQgZml2ZSByYWNlcy4gJmx0O2EgaHJlZj0iaHR0cHM6Ly90LmNvL3RhZnJJTkdtNEIiJmd0O3BpYy50d2l0dGVyLmNvbS90YWZySU5HbTRCJmx0Oy9hJmd0OyZsdDsvcCZndDsmYW1wO21kYXNoOyBCV1QgQWxwaW5lIEZvcm11bGEgT25lIFRlYW0gKEBBbHBpbmVGMVRlYW0pICZsdDthIGhyZWY9Imh0dHBzOi8vdHdpdHRlci5jb20vQWxwaW5lRjFUZWFtL3N0YXR1cy8xOTIwMDEwNzQ4NzMxODM0NTQ1P3JlZl9zcmM9dHdzcmMlNUV0ZnciJmd0O01heSA3LCAyMDI1Jmx0Oy9hJmd0OyZsdDsvYmxvY2txdW90ZSZndDsKJmx0O3NjcmlwdCBhc3luYyBzcmM9Imh0dHBzOi8vcGxhdGZvcm0udHdpdHRlci5jb20vd2lkZ2V0cy5qcyIgY2hhcnNldD0idXRmLTgiJmd0OyZsdDsvc2NyaXB0Jmd0OwoKJmx0O2RpdiBjbGFzcz0ibWVkaXVtLWluc2VydC1lbWJlZHMtbWV0YSImZ3Q7Jmx0O3NjcmlwdCB0eXBlPSJ0ZXh0L2pzb24iJmd0O3sidXJsIjoiaHR0cHM6Ly90d2l0dGVyLmNvbS9BbHBpbmVGMVRlYW0vc3RhdHVzLzE5MjAwMTA3NDg3MzE4MzQ1NDUiLCJ0eXBlIjoicmljaCIsInZlcnNpb24iOiIxLjAiLCJ0aXRsZSI6IkJXVCBBbHBpbmUgRm9ybXVsYSBPbmUgVGVhbSBvbiBUd2l0dGVyIC8gWCIsImF1dGhvciI6IkJXVCBBbHBpbmUgRm9ybXVsYSBPbmUgVGVhbSIsImF1dGhvcl91cmwiOiJodHRwczovL3R3aXR0ZXIuY29tL0FscGluZUYxVGVhbSIsInByb3ZpZGVyX25hbWUiOiJUd2l0dGVyIiwiZGVzY3JpcHRpb24iOiLCoVZhbW9zRnJhbmNvISDwn4em8J+Ht0BGcmFuQ29sYXBpbnRvIHdpbGwgYmUgbWFraW5nIHRoZSBzdGVwIHVwIHRvIHJhY2UgZHJpdmVyIGZvciB0aGUgbmV4dCBmaXZlIHJhY2VzLiBwaWMudHdpdHRlci5jb20vdGFmcklOR200QuKAlCBCV1QgQWxwaW5lIEZvcm11bGEgT25lIFRlYW0gKEBBbHBpbmVGMVRlYW0pIE1heSA3LCAyMDI1XG5cblxuIiwidGh1bWJuYWlsX3VybCI6Imh0dHBzOi8vcGJzLnR3aW1nLmNvbS9tZWRpYS9HcVUta2E1V01BQS1ad3cuanBnOmxhcmdlIiwidGh1bWJuYWlsX3dpZHRoIjoxMDgwLCJ0aHVtYm5haWxfaGVpZ2h0IjoxMzUwLCJjYWNoZV9hZ2UiOjYwLCJvcHRpb25zIjp7Il9oaWRlX21lZGlhIjp7ImxhYmVsIjoiSGlkZSBwaG90b3MsIHZpZGVvcywgYW5kIGNhcmRzIiwidmFsdWUiOmZhbHNlfSwiX3RoZW1lIjp7InZhbHVlIjoiIiwidmFsdWVzIjp7ImRhcmsiOiJVc2UgZGFyayB0aGVtZSJ9fSwiX21heHdpZHRoIjp7InZhbHVlIjoiIiwibGFiZWwiOiJBZGp1c3Qgd2lkdGgiLCJwbGFjZWhvbGRlciI6IjIyMC01NTAsIGluIHB4In19fSZsdDsvc2NyaXB0Jmd0OyZsdDsvZGl2Jmd0Ow==\">\n                <a data-iframely-url=\"\" href=\"https:\/\/twitter.com\/AlpineF1Team\/status\/1920010748731834545\">https:\/\/twitter.com\/AlpineF1Team\/status\/1920010748731834545<\/a>\n              <\/div>\n<p><b>El tan aguardado comunicado oficial lleg\u00f3 pasadas las cuatro de la ma\u00f1ana de nuestro pa\u00eds. Mientras en Argentina millones dorm\u00edan, al pilarense se le cumpl\u00eda su sue\u00f1o otra vez: volver a correr en la M\u00e1xima.<\/b> Con el amanecer y el despertar argentino, empezaron a expresarse las alegr\u00edas de sus compatriotas en las redes sociales, donde tanto la cuenta de Colapinto como la de Alpine traccionaron fuerte y con buenas noticias para fan\u00e1ticas y fan\u00e1ticos de este lado del mundo. <\/p>\n<div class=\"iframely-embed medium-embedded-content\" data-html=\"Jmx0O2Jsb2NrcXVvdGUgY2xhc3M9InR3aXR0ZXItdHdlZXQiIGRhdGEtZG50PSJ0cnVlIiBhbGlnbj0iY2VudGVyIiZndDsmbHQ7cCBsYW5nPSJlcyIgZGlyPSJsdHIiJmd0O2J1ZW4gZMOtYSAmbHQ7YSBocmVmPSJodHRwczovL3QuY28vM2RncmphbEg3byImZ3Q7cGljLnR3aXR0ZXIuY29tLzNkZ3JqYWxIN28mbHQ7L2EmZ3Q7Jmx0Oy9wJmd0OyZhbXA7bWRhc2g7IEZyYW5jbyBDb2xhcGludG8gKEBGcmFuQ29sYXBpbnRvKSAmbHQ7YSBocmVmPSJodHRwczovL3R3aXR0ZXIuY29tL0ZyYW5Db2xhcGludG8vc3RhdHVzLzE5MjAwMTI1Mjc4NTkwODEzOTE\/cmVmX3NyYz10d3NyYyU1RXRmdyImZ3Q7TWF5IDcsIDIwMjUmbHQ7L2EmZ3Q7Jmx0Oy9ibG9ja3F1b3RlJmd0OwombHQ7c2NyaXB0IGFzeW5jIHNyYz0iaHR0cHM6Ly9wbGF0Zm9ybS50d2l0dGVyLmNvbS93aWRnZXRzLmpzIiBjaGFyc2V0PSJ1dGYtOCImZ3Q7Jmx0Oy9zY3JpcHQmZ3Q7CgombHQ7ZGl2IGNsYXNzPSJtZWRpdW0taW5zZXJ0LWVtYmVkcy1tZXRhIiZndDsmbHQ7c2NyaXB0IHR5cGU9InRleHQvanNvbiImZ3Q7eyJ1cmwiOiJodHRwczovL3R3aXR0ZXIuY29tL0ZyYW5Db2xhcGludG8vc3RhdHVzLzE5MjAwMTI1Mjc4NTkwODEzOTEiLCJ0eXBlIjoicmljaCIsInZlcnNpb24iOiIxLjAiLCJ0aXRsZSI6IkZyYW5jbyBDb2xhcGludG8gb24gVHdpdHRlciAvIFgiLCJhdXRob3IiOiJGcmFuY28gQ29sYXBpbnRvIiwiYXV0aG9yX3VybCI6Imh0dHBzOi8vdHdpdHRlci5jb20vRnJhbkNvbGFwaW50byIsInByb3ZpZGVyX25hbWUiOiJUd2l0dGVyIiwiZGVzY3JpcHRpb24iOiJidWVuIGTDrWEgcGljLnR3aXR0ZXIuY29tLzNkZ3JqYWxIN2\/igJQgRnJhbmNvIENvbGFwaW50byAoQEZyYW5Db2xhcGludG8pIE1heSA3LCAyMDI1XG5cblxuIiwidGh1bWJuYWlsX3VybCI6Imh0dHBzOi8vcGJzLnR3aW1nLmNvbS9tZWRpYS9HcVZCTjNWV2dBQWgyN3kuanBnOmxhcmdlIiwidGh1bWJuYWlsX3dpZHRoIjoxMTc4LCJ0aHVtYm5haWxfaGVpZ2h0Ijo4ODcsImNhY2hlX2FnZSI6NjAsIm9wdGlvbnMiOnsiX2hpZGVfbWVkaWEiOnsibGFiZWwiOiJIaWRlIHBob3RvcywgdmlkZW9zLCBhbmQgY2FyZHMiLCJ2YWx1ZSI6ZmFsc2V9LCJfdGhlbWUiOnsidmFsdWUiOiIiLCJ2YWx1ZXMiOnsiZGFyayI6IlVzZSBkYXJrIHRoZW1lIn19LCJfbWF4d2lkdGgiOnsidmFsdWUiOiIiLCJsYWJlbCI6IkFkanVzdCB3aWR0aCIsInBsYWNlaG9sZGVyIjoiMjIwLTU1MCwgaW4gcHgifX19Jmx0Oy9zY3JpcHQmZ3Q7Jmx0Oy9kaXYmZ3Q7\">\n                <a data-iframely-url=\"\" href=\"https:\/\/twitter.com\/FranColapinto\/status\/1920012527859081391\">https:\/\/twitter.com\/FranColapinto\/status\/1920012527859081391<\/a>\n              <\/div>\n<p><b>\u201cHola a todos, \u00bfc\u00f3mo andan? Me imagino que ya habr\u00e1n escuchado las noticias. Voy a volver a la F\u00f3rmula 1, voy a estar corriendo este a\u00f1o con Alpine\u201c, fueron las primeras palabras de Colapinto <\/b>en un video que la escuder\u00eda comparti\u00f3 durante la ma\u00f1ana argentina, horas despu\u00e9s de haber lanzado el comunicado. All\u00ed, se lo pod\u00eda observar al pilarense con un semblante algo serio (su llegada a la titularidad significa, en definitiva, la salida de ella de un compa\u00f1ero del equipo) pero del que se escapaban sonrisas imposibles de obviar ante la felicidad de volver a ser el due\u00f1o de uno de los 20 asientos m\u00e1s codiciados del automovilismo mundial. <b>\u201dEspero que lo disfrutemos mucho entre todos<\/b> -continu\u00f3 Colapinto-. Gracias a Alpine por la confianza, gracias al equipo. A toda la gente que estuvo empujando por subirme de vuelta a un F\u00f3rmula 1, por volver a cumplir mi sue\u00f1o. Vamos con todo, a hacer un esfuerzo muy grande, a darlo todo como siempre, y vamos siempre para adelante: a sumar puntos, a tener buenos resultados con el equipo, a apoyarlos, a mejorar. <b>Vamos siempre para adelante. Con muchas ganas de volver ya en Imola. Muy lindos recuerdos siempre en Italia, un circuito que me cae muy bien. <\/b>El a\u00f1o pasado debut\u00e9 en F\u00f3rmula 1 en Monza, tambi\u00e9n en Italia. Con much\u00edsimas ganas, vamos con todo. Un abrazo muy grande para todos. Gracias por apoyarme. Y a disfrutar\u201c.<\/p>\n<div class=\"iframely-embed medium-embedded-content\" data-html=\"Jmx0O2RpdiBjbGFzcz0iaWZyYW1lbHktZW1iZWQiJmd0OyZsdDtkaXYgY2xhc3M9ImlmcmFtZWx5LXJlc3BvbnNpdmUiIHN0eWxlPSJoZWlnaHQ6IDE3MHB4OyBwYWRkaW5nLWJvdHRvbTogMDsiJmd0OyZsdDthIGhyZWY9Imh0dHBzOi8vd3d3Lmluc3RhZ3JhbS5jb20vcmVlbC9ESldsVXI1aUlUTC8iIGRhdGEtaWZyYW1lbHktdXJsPSJodHRwczovL2lmcmFtZWx5LnBhZ2luYTEyLmNvbS5hci9hcGkvaWZyYW1lP3VybD1odHRwcyUzQSUyRiUyRnd3dy5pbnN0YWdyYW0uY29tJTJGcCUyRkRKV2xVcjVpSVRMJTJGJmFtcDtrZXk9NDY3NmI1ZmRjMDgzMjU3ZWE4N2Y3MTYwOGM3NGU5ZmUiJmd0OyZsdDsvYSZndDsmbHQ7L2RpdiZndDsmbHQ7L2RpdiZndDsmbHQ7c2NyaXB0IGFzeW5jIHNyYz0iaHR0cHM6Ly9pZnJhbWVseS5wYWdpbmExMi5jb20uYXIvZW1iZWQuanMiIGNoYXJzZXQ9InV0Zi04IiZndDsmbHQ7L3NjcmlwdCZndDsmbHQ7ZGl2IGNsYXNzPSJtZWRpdW0taW5zZXJ0LWVtYmVkcy1tZXRhIiZndDsmbHQ7c2NyaXB0IHR5cGU9InRleHQvanNvbiImZ3Q7eyJ1cmwiOiJodHRwczovL3d3dy5pbnN0YWdyYW0uY29tL3JlZWwvREpXbFVyNWlJVEwvIiwidHlwZSI6InJpY2giLCJ2ZXJzaW9uIjoiMS4wIiwidGl0bGUiOiJCV1QgQWxwaW5lIEZvcm11bGEgT25lIFRlYW0gb24gSW5zdGFncmFtOiBcIvCfl6PvuI8g4oCcTm8gcHVlZG8gZXNwZXJhciBwYXJhIGNvbWVuemFyLuKAnSAgRXNwZXJvIGNvbiBhbnNpYXMgZWwgcHLDs3hpbW8gZmluIGRlIHNlbWFuYSBlbiBJbW9sYSDwn4eu8J+HuVwiIiwicHJvdmlkZXJfbmFtZSI6Ikluc3RhZ3JhbSIsImRlc2NyaXB0aW9uIjoiMTgxSyBsaWtlcywgMTRLIGNvbW1lbnRzIC0gYWxwaW5lZjF0ZWFtIG9uIE1heSA3LCAyMDI1OiBcIvCfl6PvuI8g4oCcTm8gcHVlZG8gZXNwZXJhciBwYXJhIGNvbWVuemFyLuKAnSAgRXNwZXJvIGNvbiBhbnNpYXMgZWwgcHLDs3hpbW8gZmluIGRlIHNlbWFuYSBlbiBJbW9sYSDwn4eu8J+HuVwiLiIsInRodW1ibmFpbF91cmwiOiJodHRwczovL3Njb250ZW50LWlhZDMtMS5jZG5pbnN0YWdyYW0uY29tL3YvdDUxLjcxODc4LTE1LzQ5MTQyNDI2M18xMjI1MDIyNjUyNTQ0MjU1XzYwMTY2MjgwNDcyOTA1MjM1NzFfbi5qcGc\/c3RwPWNtcDFfZHN0LWpwZ19lMzVfczY0MHg2NDBfdHQ2JmFtcDtfbmNfY2F0PTEmYW1wO2NjYj03LTUmYW1wO19uY19zaWQ9MThkZTc0JmFtcDtfbmNfb2hjPTB2MzRzMXA1bEdNUTdrTnZ3SF9LbUtrJmFtcDtfbmNfb2M9QWRtVzJuNENvNDZvNGYzWFc4VDAyQmRFMHJ4bEwxdWE2UmRmWWwtZjViTi1GeDZLbEItMHdoY0czZVF2VG95Q3RsNCZhbXA7X25jX3p0PTIzJmFtcDtfbmNfaHQ9c2NvbnRlbnQtaWFkMy0xLmNkbmluc3RhZ3JhbS5jb20mYW1wO19uY19naWQ9NFgyTkdlRGRjalA0UkdWTWZzdmkyUSZhbXA7b2g9MDBfQWZMdzFoZ2VJM3R5aFBDcVROdktBVTdCTDVqeFh4Z09wVHdLZGhVMG04eWJTQSZhbXA7b2U9NjgyMUFCRDkiLCJ0aHVtYm5haWxfd2lkdGgiOjM2MSwidGh1bWJuYWlsX2hlaWdodCI6NjQwLCJtZXNzYWdlcyI6WyJNZWRpYSBjYW4ndCBiZSBlbWJlZGRlZCBmcm9tIHByaXZhdGUsIGluYWN0aXZlLCBhbmQgYWdlLXJlc3RyaWN0ZWQgYWNjb3VudHMiXSwiY2FjaGVfYWdlIjo4NjQwMH0mbHQ7L3NjcmlwdCZndDsmbHQ7L2RpdiZndDs=\">\n                <a data-iframely-url=\"\" href=\"https:\/\/www.instagram.com\/reel\/DJWlUr5iITL\/\">https:\/\/www.instagram.com\/reel\/DJWlUr5iITL\/<\/a>\n              <\/div>\n<h3><b>Las razones de Colapinto titular<\/b><\/h3>\n<p>M\u00e1s all\u00e1 de los agradecimientos y de la alegr\u00eda que trasciende el video con el argentino hablando, el comunicado oficial lanzado durante la madrugada argentina es algo m\u00e1s fr\u00edo y riguroso en torno a<b> la decisi\u00f3n, que se produjo exactamente 12 horas despu\u00e9s que el anuncio de la salida del jefe de equipo, Oliver Oaks<\/b>, por parte de la misma escuder\u00eda. As\u00ed, la determinaci\u00f3n de Alpine de ubicar a Colapinto en el segundo asiento titular se explica de la siguiente manera en el comunicado: \u201cComo parte de una evaluaci\u00f3n continua de su alineaci\u00f3n de pilotos, el equipo tom\u00f3 la decisi\u00f3n de rotar uno de sus asientos de carrera para las pr\u00f3ximas cinco rondas del Campeonato Mundial de F\u00f3rmula 1\u201c. A su vez, se aclara all\u00ed que <b>habr\u00e1 una nueva evaluaci\u00f3n por parte del equipo en julio, en la previa del GP de Gran Breta\u00f1a,<\/b> y que Jack Doohan \u201csigue siendo parte integral del equipo y ser\u00e1 el piloto de reserva de primera opci\u00f3n durante este per\u00edodo de tiempo\u201d.<\/p>\n<div class=\"iframely-embed medium-embedded-content\" data-html=\"Jmx0O2Jsb2NrcXVvdGUgY2xhc3M9InR3aXR0ZXItdHdlZXQiIGRhdGEtZG50PSJ0cnVlIiBhbGlnbj0iY2VudGVyIiZndDsmbHQ7cCBsYW5nPSJlcyIgZGlyPSJsdHIiJmd0O3NlIGhpem8gbGFyZ2EgbGEgZXNwZXJhISBGRUxJWiEgZXN0YW1vcyBkZSB2dWVsdGEg8J+SqvCfj7zwn5iE8J+HpvCfh7cgJmx0O2EgaHJlZj0iaHR0cHM6Ly90d2l0dGVyLmNvbS9GMT9yZWZfc3JjPXR3c3JjJTVFdGZ3IiZndDtARjEmbHQ7L2EmZ3Q7ICZsdDthIGhyZWY9Imh0dHBzOi8vdHdpdHRlci5jb20vQWxwaW5lRjFUZWFtP3JlZl9zcmM9dHdzcmMlNUV0ZnciJmd0O0BBbHBpbmVGMVRlYW0mbHQ7L2EmZ3Q7ICZsdDthIGhyZWY9Imh0dHBzOi8vdC5jby9icWFIa1BDdnVtIiZndDtwaWMudHdpdHRlci5jb20vYnFhSGtQQ3Z1bSZsdDsvYSZndDsmbHQ7L3AmZ3Q7JmFtcDttZGFzaDsgRnJhbmNvIENvbGFwaW50byAoQEZyYW5Db2xhcGludG8pICZsdDthIGhyZWY9Imh0dHBzOi8vdHdpdHRlci5jb20vRnJhbkNvbGFwaW50by9zdGF0dXMvMTkyMDAxMzU1MzYzMDYyMTgxND9yZWZfc3JjPXR3c3JjJTVFdGZ3IiZndDtNYXkgNywgMjAyNSZsdDsvYSZndDsmbHQ7L2Jsb2NrcXVvdGUmZ3Q7CiZsdDtzY3JpcHQgYXN5bmMgc3JjPSJodHRwczovL3BsYXRmb3JtLnR3aXR0ZXIuY29tL3dpZGdldHMuanMiIGNoYXJzZXQ9InV0Zi04IiZndDsmbHQ7L3NjcmlwdCZndDsKCiZsdDtkaXYgY2xhc3M9Im1lZGl1bS1pbnNlcnQtZW1iZWRzLW1ldGEiJmd0OyZsdDtzY3JpcHQgdHlwZT0idGV4dC9qc29uIiZndDt7InVybCI6Imh0dHBzOi8vdHdpdHRlci5jb20vRnJhbkNvbGFwaW50by9zdGF0dXMvMTkyMDAxMzU1MzYzMDYyMTgxNCIsInR5cGUiOiJyaWNoIiwidmVyc2lvbiI6IjEuMCIsInRpdGxlIjoiRnJhbmNvIENvbGFwaW50byBvbiBUd2l0dGVyIC8gWCIsImF1dGhvciI6IkZyYW5jbyBDb2xhcGludG8iLCJhdXRob3JfdXJsIjoiaHR0cHM6Ly90d2l0dGVyLmNvbS9GcmFuQ29sYXBpbnRvIiwicHJvdmlkZXJfbmFtZSI6IlR3aXR0ZXIiLCJkZXNjcmlwdGlvbiI6InNlIGhpem8gbGFyZ2EgbGEgZXNwZXJhISBGRUxJWiEgZXN0YW1vcyBkZSB2dWVsdGEg8J+SqvCfj7zwn5iE8J+HpvCfh7cgQEYxIEBBbHBpbmVGMVRlYW0gcGljLnR3aXR0ZXIuY29tL2JxYUhrUEN2dW3igJQgRnJhbmNvIENvbGFwaW50byAoQEZyYW5Db2xhcGludG8pIE1heSA3LCAyMDI1XG5cblxuIiwidGh1bWJuYWlsX3VybCI6Imh0dHBzOi8vcGJzLnR3aW1nLmNvbS9tZWRpYS9HcVZDSnFrWHdBRXNuY20uanBnOmxhcmdlIiwidGh1bWJuYWlsX3dpZHRoIjo4NTEsInRodW1ibmFpbF9oZWlnaHQiOjEwMjQsImNhY2hlX2FnZSI6NjAsIm9wdGlvbnMiOnsiX2hpZGVfbWVkaWEiOnsibGFiZWwiOiJIaWRlIHBob3RvcywgdmlkZW9zLCBhbmQgY2FyZHMiLCJ2YWx1ZSI6ZmFsc2V9LCJfdGhlbWUiOnsidmFsdWUiOiIiLCJ2YWx1ZXMiOnsiZGFyayI6IlVzZSBkYXJrIHRoZW1lIn19LCJfbWF4d2lkdGgiOnsidmFsdWUiOiIiLCJsYWJlbCI6IkFkanVzdCB3aWR0aCIsInBsYWNlaG9sZGVyIjoiMjIwLTU1MCwgaW4gcHgifX19Jmx0Oy9zY3JpcHQmZ3Q7Jmx0Oy9kaXYmZ3Q7\">\n                <a data-iframely-url=\"\" href=\"https:\/\/twitter.com\/FranColapinto\/status\/1920013553630621814\">https:\/\/twitter.com\/FranColapinto\/status\/1920013553630621814<\/a>\n              <\/div>\n<p>Tambi\u00e9n se exponen, claro, las palabras de <b>Flavio Briatore<\/b>, asesor ejecutivo de la escuder\u00eda y quien concentra el m\u00e1ximo poder luego de la salida de Oakes. \u201cTras revisar las primeras carreras de la temporada, <b>hemos decidido que Franco est\u00e9 al lado de Pierre durante las pr\u00f3ximas cinco carreras <\/b>-se lee en la declaraci\u00f3n del italiano-. Con una parrilla tan igualada este a\u00f1o y un coche competitivo, que el equipo ha mejorado dr\u00e1sticamente en los \u00faltimos 12 meses, vemos la necesidad de rotar nuestra alineaci\u00f3n. Sabemos tambi\u00e9n que la temporada 2026 ser\u00e1 importante para el equipo y que realizar una evaluaci\u00f3n completa y justa de los pilotos esta temporada es lo correcto para maximizar nuestras ambiciones el pr\u00f3ximo a\u00f1o. Seguimos apoyando a Jack en el equipo, ya que se ha comportado de forma muy profesional como piloto en lo que va de temporada. <b>Las pr\u00f3ximas cinco carreras nos dar\u00e1n la oportunidad de probar algo diferente y, despu\u00e9s de este per\u00edodo, evaluaremos nuestras opciones\u201c.<\/b><\/p>\n<h3><b>Los n\u00fameros de Franco<\/b><\/h3>\n<p>Elegido para llegar a la escuder\u00eda anglofrancesa por el ojo quir\u00fargico de Briatore, quien tiene el prestigio de haber vislumbrado la grandeza de campeones mundiales de la talla de Michael Schumacher o Fernando Alonso, <b>al piloto argentino le lleg\u00f3 su hora de demostrar en Alpine. <\/b>Y es que si bien siempre estuvo claro que ser\u00eda dif\u00edcil quitarle el lugar a Doohan si ten\u00eda buenas actuaciones, no menos cierto era que<b> los antecedentes del pilarense rug\u00edan con voz propia pidiendo, literalmente, pista para volver a la F\u00f3rmula<\/b> 1: Colapinto pas\u00f3 como un rayo de ser una cara nueva en el Gran Circo a convertirse en un piloto respetado en el paddock, incluso m\u00e1s por sus cualidades al volante que por los elogios que pod\u00eda recibir de quienes s\u00ed lo conoc\u00edan.<\/p>\n<div class=\"iframely-embed medium-embedded-content\" data-html=\"Jmx0O2Jsb2NrcXVvdGUgY2xhc3M9InR3aXR0ZXItdHdlZXQiIGRhdGEtZG50PSJ0cnVlIiBhbGlnbj0iY2VudGVyIiZndDsmbHQ7cCBsYW5nPSJlbiIgZGlyPSJsdHIiJmd0O1RoZSBBbHBpbmUgbGluZS11cCBmb3IgdGhlIG5leHQgZml2ZSByb3VuZHMg8J+HpvCfh7fwn4er8J+HtyZsdDthIGhyZWY9Imh0dHBzOi8vdHdpdHRlci5jb20vaGFzaHRhZy9GMT9zcmM9aGFzaCZhbXA7YW1wO3JlZl9zcmM9dHdzcmMlNUV0ZnciJmd0OyNGMSZsdDsvYSZndDsgJmx0O2EgaHJlZj0iaHR0cHM6Ly90LmNvL1ZVc25sNGV3TWgiJmd0O3BpYy50d2l0dGVyLmNvbS9WVXNubDRld01oJmx0Oy9hJmd0OyZsdDsvcCZndDsmYW1wO21kYXNoOyBGb3JtdWxhIDEgKEBGMSkgJmx0O2EgaHJlZj0iaHR0cHM6Ly90d2l0dGVyLmNvbS9GMS9zdGF0dXMvMTkyMDAyNTgyMDI4Nzk1MDg5Mj9yZWZfc3JjPXR3c3JjJTVFdGZ3IiZndDtNYXkgNywgMjAyNSZsdDsvYSZndDsmbHQ7L2Jsb2NrcXVvdGUmZ3Q7CiZsdDtzY3JpcHQgYXN5bmMgc3JjPSJodHRwczovL3BsYXRmb3JtLnR3aXR0ZXIuY29tL3dpZGdldHMuanMiIGNoYXJzZXQ9InV0Zi04IiZndDsmbHQ7L3NjcmlwdCZndDsKCiZsdDtkaXYgY2xhc3M9Im1lZGl1bS1pbnNlcnQtZW1iZWRzLW1ldGEiJmd0OyZsdDtzY3JpcHQgdHlwZT0idGV4dC9qc29uIiZndDt7InVybCI6Imh0dHBzOi8vdHdpdHRlci5jb20vRjEvc3RhdHVzLzE5MjAwMjU4MjAyODc5NTA4OTIiLCJ0eXBlIjoicmljaCIsInZlcnNpb24iOiIxLjAiLCJ0aXRsZSI6IkZvcm11bGEgMSBvbiBUd2l0dGVyIC8gWCIsImF1dGhvciI6IkZvcm11bGEgMSIsImF1dGhvcl91cmwiOiJodHRwczovL3R3aXR0ZXIuY29tL0YxIiwicHJvdmlkZXJfbmFtZSI6IlR3aXR0ZXIiLCJkZXNjcmlwdGlvbiI6IlRoZSBBbHBpbmUgbGluZS11cCBmb3IgdGhlIG5leHQgZml2ZSByb3VuZHMg8J+HpvCfh7fwn4er8J+HtyNGMSBwaWMudHdpdHRlci5jb20vVlVzbmw0ZXdNaOKAlCBGb3JtdWxhIDEgKEBGMSkgTWF5IDcsIDIwMjVcblxuXG4iLCJ0aHVtYm5haWxfdXJsIjoiaHR0cHM6Ly9wYnMudHdpbWcuY29tL21lZGlhL0dxVklxSldYSUFBb0hCeS5qcGc6bGFyZ2UiLCJ0aHVtYm5haWxfd2lkdGgiOjE2MzgsInRodW1ibmFpbF9oZWlnaHQiOjIwNDgsImNhY2hlX2FnZSI6ODY0MDAsIm9wdGlvbnMiOnsiX2hpZGVfbWVkaWEiOnsibGFiZWwiOiJIaWRlIHBob3RvcywgdmlkZW9zLCBhbmQgY2FyZHMiLCJ2YWx1ZSI6ZmFsc2V9LCJfdGhlbWUiOnsidmFsdWUiOiIiLCJ2YWx1ZXMiOnsiZGFyayI6IlVzZSBkYXJrIHRoZW1lIn19LCJfbWF4d2lkdGgiOnsidmFsdWUiOiIiLCJsYWJlbCI6IkFkanVzdCB3aWR0aCIsInBsYWNlaG9sZGVyIjoiMjIwLTU1MCwgaW4gcHgifX19Jmx0Oy9zY3JpcHQmZ3Q7Jmx0Oy9kaXYmZ3Q7\">\n                <a data-iframely-url=\"\" href=\"https:\/\/twitter.com\/F1\/status\/1920025820287950892\">https:\/\/twitter.com\/F1\/status\/1920025820287950892<\/a>\n              <\/div>\n<p>Reconocidas sus habilidades por el heptacampe\u00f3n Lewis Hamilton o por el mexicano Sergio \u201cCheco\u201d P\u00e9rez, Colapinto inicia su segunda etapa en la F\u00f3rmula 1 luego de haber dejado una muy buena impresi\u00f3n en su debut absoluto en la M\u00e1xima, en el 2024. <b>El pilarense compiti\u00f3 en nueve carreras el a\u00f1o pasado con Williams y su mejor resultado fue el octavo puesto conquistado en el GP de Azerbaijan, su segundo fin de semana compitiendo en el Gran Circo, cuando cosech\u00f3 valiosos cuatro puntos. <\/b>Su estreno hab\u00eda sido tan solo dos semanas atr\u00e1s, en Monza, finalizando 12\u00ba, posici\u00f3n que repetir\u00eda en M\u00e9xico. El otro punto cosechado por Colapinto fue en el GP de Estados Unidos, en Austin, cuando se llev\u00f3 la \u00faltima unidad que entreg\u00f3 la carrera tras concluir en la d\u00e9cima colocaci\u00f3n. Mientras que tuvo tres abandonos (en los GP de Brasil, Qatar y Abu Dhabi), sus otras clasificaciones finales fueron 11\u00ba, en Singapur, y 14\u00ba, en Las Vegas.<\/p>\n<h3><b>El repliegue de Doohan<\/b><\/h3>\n<p>Como se dijo antes, <b>la promoci\u00f3n de Colapinto a la titularidad implica el repliegue de Doohan, que pasar\u00e1 a ser el primer piloto de reserva de Alpine<\/b> desde ahora. El australiano, al que desde un principio pareci\u00f3 haberle afectado la presi\u00f3n de la F\u00f3rmula 1 o el tener al argentino detr\u00e1s suyo, no habr\u00e1 dejado un recuerdo demasiado memorable en sus primeras seis carreras como piloto titular en la M\u00e1xima. De hecho -seguramente \u00e9l mismo lo lamentar\u00e1- tanto su estreno en Australia como su \u00faltima carrera en Miami fueron con abandonos para Doohan. En el medio, finaliz\u00f3 13\u00ba (en China), 15\u00ba (en Jap\u00f3n), 14\u00ba (en Bahrein) y 17\u00ba (en Arabia Saudita). Y tambi\u00e9n <b>estuvo involucrado en incidentes, incluyendo un palazo que destroz\u00f3 el monoplaza en las pr\u00e1cticas libres en Suzuka y un fin de semana para el olvido en Shanghai con cuatro puntos de penalizaci\u00f3n a su superlicencia.<\/b><\/p>\n<div class=\"iframely-embed medium-embedded-content\" data-html=\"Jmx0O2Jsb2NrcXVvdGUgY2xhc3M9InR3aXR0ZXItdHdlZXQiIGRhdGEtZG50PSJ0cnVlIiBhbGlnbj0iY2VudGVyIiZndDsmbHQ7cCBsYW5nPSJlbiIgZGlyPSJsdHIiJmd0O0EgdHJ1ZSBwcm9mZXNzaW9uYWwgYWxsIHRoZSB3YXkgLSB0aGFuayB5b3UgZm9yIHlvdXIgaGFyZCB3b3JrIGFuZCBkZWRpY2F0aW9uIHdoaWxzdCBpbiB0aGUgY2FyLCBKYWNrIPCfq7YmbHQ7YnImZ3Q7Jmx0O2JyJmd0O0hlIHdpbGwgcmVtYWluIGFuIGludGVncmFsIHBhcnQgb2Ygb3VyIHRlYW0gYXMgUmVzZXJ2ZSBEcml2ZXIuICZsdDthIGhyZWY9Imh0dHBzOi8vdC5jby9KNEJtMExBVWFPIiZndDtwaWMudHdpdHRlci5jb20vSjRCbTBMQVVhTyZsdDsvYSZndDsmbHQ7L3AmZ3Q7JmFtcDttZGFzaDsgQldUIEFscGluZSBGb3JtdWxhIE9uZSBUZWFtIChAQWxwaW5lRjFUZWFtKSAmbHQ7YSBocmVmPSJodHRwczovL3R3aXR0ZXIuY29tL0FscGluZUYxVGVhbS9zdGF0dXMvMTkyMDAxMzY3Mjk3NTMxMTIwNj9yZWZfc3JjPXR3c3JjJTVFdGZ3IiZndDtNYXkgNywgMjAyNSZsdDsvYSZndDsmbHQ7L2Jsb2NrcXVvdGUmZ3Q7CiZsdDtzY3JpcHQgYXN5bmMgc3JjPSJodHRwczovL3BsYXRmb3JtLnR3aXR0ZXIuY29tL3dpZGdldHMuanMiIGNoYXJzZXQ9InV0Zi04IiZndDsmbHQ7L3NjcmlwdCZndDsKCiZsdDtkaXYgY2xhc3M9Im1lZGl1bS1pbnNlcnQtZW1iZWRzLW1ldGEiJmd0OyZsdDtzY3JpcHQgdHlwZT0idGV4dC9qc29uIiZndDt7InVybCI6Imh0dHBzOi8vdHdpdHRlci5jb20vQWxwaW5lRjFUZWFtL3N0YXR1cy8xOTIwMDEzNjcyOTc1MzExMjA2IiwidHlwZSI6InJpY2giLCJ2ZXJzaW9uIjoiMS4wIiwidGl0bGUiOiJCV1QgQWxwaW5lIEZvcm11bGEgT25lIFRlYW0gb24gVHdpdHRlciAvIFgiLCJhdXRob3IiOiJCV1QgQWxwaW5lIEZvcm11bGEgT25lIFRlYW0iLCJhdXRob3JfdXJsIjoiaHR0cHM6Ly90d2l0dGVyLmNvbS9BbHBpbmVGMVRlYW0iLCJwcm92aWRlcl9uYW1lIjoiVHdpdHRlciIsImRlc2NyaXB0aW9uIjoiQSB0cnVlIHByb2Zlc3Npb25hbCBhbGwgdGhlIHdheSAtIHRoYW5rIHlvdSBmb3IgeW91ciBoYXJkIHdvcmsgYW5kIGRlZGljYXRpb24gd2hpbHN0IGluIHRoZSBjYXIsIEphY2sg8J+rtkhlIHdpbGwgcmVtYWluIGFuIGludGVncmFsIHBhcnQgb2Ygb3VyIHRlYW0gYXMgUmVzZXJ2ZSBEcml2ZXIuIHBpYy50d2l0dGVyLmNvbS9KNEJtMExBVWFP4oCUIEJXVCBBbHBpbmUgRm9ybXVsYSBPbmUgVGVhbSAoQEFscGluZUYxVGVhbSkgTWF5IDcsIDIwMjVcblxuXG4iLCJ0aHVtYm5haWxfdXJsIjoiaHR0cHM6Ly9wYnMudHdpbWcuY29tL21lZGlhL0dxVkNIMWNXSUFBNEliVi5qcGc6bGFyZ2UiLCJ0aHVtYm5haWxfd2lkdGgiOjE2MzksInRodW1ibmFpbF9oZWlnaHQiOjIwNDgsImNhY2hlX2FnZSI6NjAsIm9wdGlvbnMiOnsiX2hpZGVfbWVkaWEiOnsibGFiZWwiOiJIaWRlIHBob3RvcywgdmlkZW9zLCBhbmQgY2FyZHMiLCJ2YWx1ZSI6ZmFsc2V9LCJfdGhlbWUiOnsidmFsdWUiOiIiLCJ2YWx1ZXMiOnsiZGFyayI6IlVzZSBkYXJrIHRoZW1lIn19LCJfbWF4d2lkdGgiOnsidmFsdWUiOiIiLCJsYWJlbCI6IkFkanVzdCB3aWR0aCIsInBsYWNlaG9sZGVyIjoiMjIwLTU1MCwgaW4gcHgifX19Jmx0Oy9zY3JpcHQmZ3Q7Jmx0Oy9kaXYmZ3Q7\">\n                <a data-iframely-url=\"\" href=\"https:\/\/twitter.com\/AlpineF1Team\/status\/1920013672975311206\">https:\/\/twitter.com\/AlpineF1Team\/status\/1920013672975311206<\/a>\n              <\/div>\n<p>En el comunicado oficial de Alpine de este mi\u00e9rcoles, Doohan tambi\u00e9n tuvo su apartado para expresar su sentir. \u201cEstoy muy orgulloso de haber logrado mi ambici\u00f3n de toda la vida de ser un piloto profesional de F\u00f3rmula Uno y siempre estar\u00e9 agradecido al equipo por ayudarme a alcanzar este sue\u00f1o -destac\u00f3 el australiano-. Obviamente, <b>este \u00faltimo cap\u00edtulo es dif\u00edcil de aceptar para m\u00ed porque, como piloto profesional, naturalmente quiero competir. <\/b>Dicho esto, agradezco la confianza y el compromiso del equipo. Tenemos objetivos a largo plazo que alcanzar como equipo y seguir\u00e9 esforz\u00e1ndome al m\u00e1ximo en todo lo que pueda para ayudar a lograrlos. Por ahora, mantendr\u00e9 la cabeza baja, seguir\u00e9 trabajando duro, mirar\u00e9 con inter\u00e9s las pr\u00f3ximas cinco carreras y seguir\u00e9 persiguiendo mis objetivos personales\u201d.<\/p>\n<h3><b>\u201c\u00bf\u00a1Cu\u00e1ndo corre Colapinto!?\u201d<\/b><\/h3>\n<p>El regreso de Franco Colapinto a uno de los 20 asientos de la F\u00f3rmula 1 es pura alegr\u00eda argentina. Eso est\u00e1 claro. Sin embargo, <b>la alegr\u00eda argentina tracciona las redes sociales, modifica los algoritmos de gigantes como Google y despierta likes incluso de aquellos sin pasiones por el automovilismo.<\/b> Eso tambi\u00e9n lo genera Colapinto, quien este mi\u00e9rcoles -en el lapso de siete horas- subi\u00f3 cuatro posteos a su cuenta de Instagram (dos videos y dos fotos) y comparti\u00f3 ocho historias all\u00ed mismo. Quiz\u00e1s lo m\u00e1s simp\u00e1tico del d\u00eda, en las plataformas digitales, fue un posteo de la cuenta oficial de la F\u00f3rmula 1 ilustrado con el dibujo de un mate y un termo (\u00e9ste, con stickers de Colapinto y la bandera argentina) y con la leyenda, en espa\u00f1ol, diciendo \u201cHabr\u00e1 que ir calentando el agua\u201d.<\/p>\n<div class=\"iframely-embed medium-embedded-content\" data-html=\"Jmx0O2RpdiBjbGFzcz0iaWZyYW1lbHktZW1iZWQiJmd0OyZsdDtkaXYgY2xhc3M9ImlmcmFtZWx5LXJlc3BvbnNpdmUiIHN0eWxlPSJoZWlnaHQ6IDE0MHB4OyBwYWRkaW5nLWJvdHRvbTogMDsiJmd0OyZsdDthIGhyZWY9Imh0dHBzOi8vd3d3Lmluc3RhZ3JhbS5jb20vcC9ESldaSkE2eEIyWC8iIGRhdGEtaWZyYW1lbHktdXJsPSJodHRwczovL2lmcmFtZWx5LnBhZ2luYTEyLmNvbS5hci9hcGkvaWZyYW1lP3VybD1odHRwcyUzQSUyRiUyRnd3dy5pbnN0YWdyYW0uY29tJTJGcCUyRkRKV1pKQTZ4QjJYJTJGJmFtcDtrZXk9NDY3NmI1ZmRjMDgzMjU3ZWE4N2Y3MTYwOGM3NGU5ZmUiJmd0OyZsdDsvYSZndDsmbHQ7L2RpdiZndDsmbHQ7L2RpdiZndDsmbHQ7c2NyaXB0IGFzeW5jIHNyYz0iaHR0cHM6Ly9pZnJhbWVseS5wYWdpbmExMi5jb20uYXIvZW1iZWQuanMiIGNoYXJzZXQ9InV0Zi04IiZndDsmbHQ7L3NjcmlwdCZndDsmbHQ7ZGl2IGNsYXNzPSJtZWRpdW0taW5zZXJ0LWVtYmVkcy1tZXRhIiZndDsmbHQ7c2NyaXB0IHR5cGU9InRleHQvanNvbiImZ3Q7eyJ1cmwiOiJodHRwczovL3d3dy5pbnN0YWdyYW0uY29tL3AvREpXWkpBNnhCMlgvIiwidHlwZSI6InJpY2giLCJ2ZXJzaW9uIjoiMS4wIiwidGl0bGUiOiJGT1JNVUxBIDHCriBvbiBJbnN0YWdyYW06IFwi8J+UmUhhYnLDoSBxdWUgaXIgY2FsZW50YW5kbyBlbCBhZ3Vh8J+Yj\/Cfh6bwn4e3XCIiLCJwcm92aWRlcl9uYW1lIjoiSW5zdGFncmFtIiwiZGVzY3JpcHRpb24iOiIyOTNLIGxpa2VzLCAxMEsgY29tbWVudHMgLSBmMSBvbiBNYXkgNywgMjAyNTogXCLwn5SZSGFicsOhIHF1ZSBpciBjYWxlbnRhbmRvIGVsIGFndWHwn5iP8J+HpvCfh7dcIi4iLCJ0aHVtYm5haWxfdXJsIjoiaHR0cHM6Ly9zY29udGVudC1pYWQzLTEuY2RuaW5zdGFncmFtLmNvbS92L3QzOS4zMDgwOC02LzQ5Mjk5ODc3MF85NzYwMzAyNTE0MDg1MzRfNDk1NDM0NDYwNDIyNTgzMzczOF9uLmpwZz9zdHA9YzMyNy4wLjk4My45ODJhX2RzdC1qcGdfZTM1X3M2NDB4NjQwX3R0NiZhbXA7X25jX2NhdD0xJmFtcDtjY2I9Ny01JmFtcDtfbmNfc2lkPTE4ZGU3NCZhbXA7X25jX29oYz1oX01MVFRNMGZiUVE3a052d0hhNlQ3dyZhbXA7X25jX29jPUFkbDhVN0FJNXhiaWI0TjFyRjNXUHJNQmdLRmhzZlc2WnQ0eEJLZV9lRHdjTFhKMlVfOUp4RkhuSkRCbVBEdU0zUm8mYW1wO19uY196dD0yMyZhbXA7X25jX2h0PXNjb250ZW50LWlhZDMtMS5jZG5pbnN0YWdyYW0uY29tJmFtcDtfbmNfZ2lkPWQzNVJkV1RCbm5ENWxfM1Ztc0lqS2cmYW1wO29oPTAwX0FmTGZlaEdObDJGNEE3WEZGeHh1NE82Y1ZFOGpvS1NOVWRnU0o3eVFxcDZKQmcmYW1wO29lPTY4MjE4NDgzIiwidGh1bWJuYWlsX3dpZHRoIjo2NDAsInRodW1ibmFpbF9oZWlnaHQiOjYzOSwibWVzc2FnZXMiOlsiTWVkaWEgY2FuJ3QgYmUgZW1iZWRkZWQgZnJvbSBwcml2YXRlLCBpbmFjdGl2ZSwgYW5kIGFnZS1yZXN0cmljdGVkIGFjY291bnRzIl0sImNhY2hlX2FnZSI6ODY0MDB9Jmx0Oy9zY3JpcHQmZ3Q7Jmx0Oy9kaXYmZ3Q7\">\n                <a data-iframely-url=\"\" href=\"https:\/\/www.instagram.com\/p\/DJWZJA6xB2X\/\">https:\/\/www.instagram.com\/p\/DJWZJA6xB2X\/<\/a>\n              <\/div>\n<p><b>En definitiva, cuando el d\u00eda empezaba a arrancar en Argentina, lo m\u00e1s buscado en Google en nuestro pa\u00eds era una pregunta: \u00bfcu\u00e1ndo corre Colapinto?<\/b> Ser\u00e1, entonces, tiempo de dar esa respuesta: <b>el argentino har\u00e1 su debut con Alpine durante el fin de semana del Gran Premio de Emilia-Romagna, que se desarrollar\u00e1 del 16 al 18 de mayo <\/b>y ser\u00e1 transmitido en su totalidad (los tres d\u00edas: pr\u00e1cticas libres, clasificaci\u00f3n y carrera) por la se\u00f1al Disney+. Y si bien este mi\u00e9rcoles se vio al argentino en Zandvoort, en Pa\u00edses Bajos, donde Alpine est\u00e1 desarrollando pruebas estos d\u00edas, lo concreto es que su arribo este 2025 a un paddock oficial de la M\u00e1xima ser\u00e1 el viernes 16 de mayo durante el primer ensayo del Gran Circo en Imola, que durar\u00e1 una hora e iniciar\u00e1 a las 8.30 de nuestro pa\u00eds. Ese mismo d\u00eda, a las 12, habr\u00e1 otra prueba de una hora, mientras que el s\u00e1bado ser\u00e1 la \u00faltima (de 7.30 a 8.30) y la hora de la clasificaci\u00f3n, prevista para las 11. El Gran Premio tan esperado por los argentinos y por el propio piloto pilarense llegar\u00e1 el domingo 18 a las 10 de la ma\u00f1ana.<\/p>\n<div class=\"iframely-embed medium-embedded-content\" data-html=\"Jmx0O2Jsb2NrcXVvdGUgY2xhc3M9InR3aXR0ZXItdHdlZXQiIGRhdGEtZG50PSJ0cnVlIiBhbGlnbj0iY2VudGVyIiZndDsmbHQ7cCBsYW5nPSJlcyIgZGlyPSJsdHIiJmd0O1RyYWlnYW4gcHVlcnRhcyBxdWUgbWFuaWphcyBzb2JyYW4gamVlZWUgJmx0O2EgaHJlZj0iaHR0cHM6Ly90LmNvL3pSb1FSSkxFYmgiJmd0O2h0dHBzOi8vdC5jby96Um9RUkpMRWJoJmx0Oy9hJmd0OyZsdDsvcCZndDsmYW1wO21kYXNoOyBGcmFuY28gQ29sYXBpbnRvIChARnJhbkNvbGFwaW50bykgJmx0O2EgaHJlZj0iaHR0cHM6Ly90d2l0dGVyLmNvbS9GcmFuQ29sYXBpbnRvL3N0YXR1cy8xOTIwMDczMDIxMDkzNDcwNTIxP3JlZl9zcmM9dHdzcmMlNUV0ZnciJmd0O01heSA3LCAyMDI1Jmx0Oy9hJmd0OyZsdDsvYmxvY2txdW90ZSZndDsKJmx0O3NjcmlwdCBhc3luYyBzcmM9Imh0dHBzOi8vcGxhdGZvcm0udHdpdHRlci5jb20vd2lkZ2V0cy5qcyIgY2hhcnNldD0idXRmLTgiJmd0OyZsdDsvc2NyaXB0Jmd0OwoKJmx0O2RpdiBjbGFzcz0ibWVkaXVtLWluc2VydC1lbWJlZHMtbWV0YSImZ3Q7Jmx0O3NjcmlwdCB0eXBlPSJ0ZXh0L2pzb24iJmd0O3sidXJsIjoiaHR0cHM6Ly90d2l0dGVyLmNvbS9GcmFuQ29sYXBpbnRvL3N0YXR1cy8xOTIwMDczMDIxMDkzNDcwNTIxIiwidHlwZSI6InJpY2giLCJ2ZXJzaW9uIjoiMS4wIiwidGl0bGUiOiJGcmFuY28gQ29sYXBpbnRvIG9uIFR3aXR0ZXIgLyBYIiwiYXV0aG9yIjoiRnJhbmNvIENvbGFwaW50byIsImF1dGhvcl91cmwiOiJodHRwczovL3R3aXR0ZXIuY29tL0ZyYW5Db2xhcGludG8iLCJwcm92aWRlcl9uYW1lIjoiVHdpdHRlciIsImRlc2NyaXB0aW9uIjoiVHJhaWdhbiBwdWVydGFzIHF1ZSBtYW5pamFzIHNvYnJhbiBqZWVlZSBodHRwczovL3QuY28velJvUVJKTEViaOKAlCBGcmFuY28gQ29sYXBpbnRvIChARnJhbkNvbGFwaW50bykgTWF5IDcsIDIwMjVcblxuXG4iLCJjYWNoZV9hZ2UiOjg2NDAwLCJvcHRpb25zIjp7Il9oaWRlX21lZGlhIjp7ImxhYmVsIjoiSGlkZSBwaG90b3MsIHZpZGVvcywgYW5kIGNhcmRzIiwidmFsdWUiOmZhbHNlfSwiX3RoZW1lIjp7InZhbHVlIjoiIiwidmFsdWVzIjp7ImRhcmsiOiJVc2UgZGFyayB0aGVtZSJ9fSwiX21heHdpZHRoIjp7InZhbHVlIjoiIiwibGFiZWwiOiJBZGp1c3Qgd2lkdGgiLCJwbGFjZWhvbGRlciI6IjIyMC01NTAsIGluIHB4In19fSZsdDsvc2NyaXB0Jmd0OyZsdDsvZGl2Jmd0Ow==\">\n                <a data-iframely-url=\"\" href=\"https:\/\/twitter.com\/FranColapinto\/status\/1920073021093470521\">https:\/\/twitter.com\/FranColapinto\/status\/1920073021093470521<\/a>\n              <\/div>\n<p><b>A nivel deportivo, el argentino asegur\u00f3 encontrarse en su mejor momento.<\/b> As\u00ed lo se\u00f1ala en el comunicado: \u00abTrabajar\u00e9 duro con el equipo para preparar la pr\u00f3xima carrera en Imola y el pr\u00f3ximo triplete, que sin duda ser\u00e1 intenso y un gran desaf\u00edo para todos. <b>Me he mantenido alerta y estoy lo m\u00e1s preparado posible con el programa de pruebas de apoyo de carrera del equipo, as\u00ed como en el simulador de Enstone. <\/b>Har\u00e9 todo lo posible para ponerme al d\u00eda r\u00e1pidamente y darlo todo para conseguir los mejores resultados posibles junto a Pierre\u201d.<\/p>\n<p><b>Como dijo Colapinto: tiene muy buenos recuerdos de Italia. <\/b>El primero de ellos, claro, su debut en la M\u00e1xima, en Monza. Pero Imola tambi\u00e9n le sienta bien: all\u00ed festej\u00f3 victorias tanto en la F\u00f3rmula 3 como en la F\u00f3rmula 2. Y ahora, al fin, le lleg\u00f3 la hora de conocer Imola con la F\u00f3rmula 1. Un pa\u00eds entero lo respalda, porque lo extra\u00f1aba y porque se enamor\u00f3 de su destreza y su carisma. <b>Es tu hora, Franco. Como dec\u00eds vos: \u201c\u00a1Vamos con todo!\u201d.\u00a0<\/b><\/p>\n<p><!-- Live Blog Post --><\/div>\n<p><script async src=\"\/\/platform.twitter.com\/widgets.js\" charset=\"utf-8\"><\/script><br \/><a href=\"https:\/\/www.pagina12.com.ar\/823832-llego-la-segunda-hora-de-colapinto-el-argentino-debutara-en-\">source<\/a><\/p>\n","protected":false},"excerpt":{"rendered":"<p>Finalmente lleg\u00f3 el d\u00eda m\u00e1s esperado por esta argentinidad fan\u00e1tica de la F\u00f3rmula 1: luego&#8230;<\/p>\n","protected":false},"author":3,"featured_media":20607,"comment_status":"closed","ping_status":"closed","sticky":false,"template":"","format":"standard","meta":{"footnotes":""},"categories":[21],"tags":[],"class_list":["post-20606","post","type-post","status-publish","format-standard","has-post-thumbnail","hentry","category-deportes"],"featured_image_urls":{"full":["https:\/\/fmamiga909.com.ar\/wp-content\/uploads\/2025\/05\/wp-header-logo-75.png",960,540,false],"thumbnail":["https:\/\/fmamiga909.com.ar\/wp-content\/uploads\/2025\/05\/wp-header-logo-75-150x150.png",150,150,true],"medium":["https:\/\/fmamiga909.com.ar\/wp-content\/uploads\/2025\/05\/wp-header-logo-75-300x169.png",300,169,true],"medium_large":["https:\/\/fmamiga909.com.ar\/wp-content\/uploads\/2025\/05\/wp-header-logo-75.png",960,540,false],"large":["https:\/\/fmamiga909.com.ar\/wp-content\/uploads\/2025\/05\/wp-header-logo-75.png",640,360,false],"1536x1536":["https:\/\/fmamiga909.com.ar\/wp-content\/uploads\/2025\/05\/wp-header-logo-75.png",960,540,false],"2048x2048":["https:\/\/fmamiga909.com.ar\/wp-content\/uploads\/2025\/05\/wp-header-logo-75.png",960,540,false],"newsium-slider-full":["https:\/\/fmamiga909.com.ar\/wp-content\/uploads\/2025\/05\/wp-header-logo-75.png",960,540,false],"newsium-featured":["https:\/\/fmamiga909.com.ar\/wp-content\/uploads\/2025\/05\/wp-header-logo-75.png",960,540,false],"newsium-medium":["https:\/\/fmamiga909.com.ar\/wp-content\/uploads\/2025\/05\/wp-header-logo-75-720x475.png",720,475,true]},"author_info":{"display_name":"Fredy Giuliano","author_link":"https:\/\/fmamiga909.com.ar\/?author=3"},"category_info":"<a href=\"https:\/\/fmamiga909.com.ar\/?cat=21\" rel=\"category\">Deportes<\/a>","tag_info":"Deportes","comment_count":"0","_links":{"self":[{"href":"https:\/\/fmamiga909.com.ar\/index.php?rest_route=\/wp\/v2\/posts\/20606","targetHints":{"allow":["GET"]}}],"collection":[{"href":"https:\/\/fmamiga909.com.ar\/index.php?rest_route=\/wp\/v2\/posts"}],"about":[{"href":"https:\/\/fmamiga909.com.ar\/index.php?rest_route=\/wp\/v2\/types\/post"}],"author":[{"embeddable":true,"href":"https:\/\/fmamiga909.com.ar\/index.php?rest_route=\/wp\/v2\/users\/3"}],"replies":[{"embeddable":true,"href":"https:\/\/fmamiga909.com.ar\/index.php?rest_route=%2Fwp%2Fv2%2Fcomments&post=20606"}],"version-history":[{"count":0,"href":"https:\/\/fmamiga909.com.ar\/index.php?rest_route=\/wp\/v2\/posts\/20606\/revisions"}],"wp:featuredmedia":[{"embeddable":true,"href":"https:\/\/fmamiga909.com.ar\/index.php?rest_route=\/wp\/v2\/media\/20607"}],"wp:attachment":[{"href":"https:\/\/fmamiga909.com.ar\/index.php?rest_route=%2Fwp%2Fv2%2Fmedia&parent=20606"}],"wp:term":[{"taxonomy":"category","embeddable":true,"href":"https:\/\/fmamiga909.com.ar\/index.php?rest_route=%2Fwp%2Fv2%2Fcategories&post=20606"},{"taxonomy":"post_tag","embeddable":true,"href":"https:\/\/fmamiga909.com.ar\/index.php?rest_route=%2Fwp%2Fv2%2Ftags&post=20606"}],"curies":[{"name":"wp","href":"https:\/\/api.w.org\/{rel}","templated":true}]}}