{"id":20610,"date":"2025-05-07T23:51:05","date_gmt":"2025-05-07T23:51:05","guid":{"rendered":"https:\/\/fmamiga909.com.ar\/?p=20610"},"modified":"2025-05-07T23:51:05","modified_gmt":"2025-05-07T23:51:05","slug":"reaparecio-riquelme-y-no-dejo-tema-sin-tocar","status":"publish","type":"post","link":"https:\/\/fmamiga909.com.ar\/?p=20610","title":{"rendered":"Reapareci\u00f3 Riquelme y no dej\u00f3 tema sin tocar"},"content":{"rendered":"<div><!-- Body --><\/p>\n<p><b>Juan Rom\u00e1n Riquelme, presidente de Boca, reapareci\u00f3<\/b> p\u00fablicamente este mi\u00e9rcoles tras la derrota ante River que deriv\u00f3 en una crisis futbol\u00edstica en el club y opin\u00f3 sobre varios temas, entre los que se destacaron la cuesti\u00f3n del entrenador y la denuncia contra un periodista por racismo.<\/p>\n<p><b>\u00abNo llam\u00e9 a nadie. Tengo tomada la decisi\u00f3n de que Mariano llegue hasta el final del torneo. <\/b>Ojal\u00e1 sea hasta Santiago (del Estero, donde se jugar\u00e1 la final). Contra quien sea. Vamos a enfrentar a cada equipo que nos toque. <b>Mariano Herr\u00f3n <\/b>va a dirigir hasta el final del torneo\u201d, defini\u00f3 el exenganche en una comunicaci\u00f3n telef\u00f3nica con el canal C5N, desmintiendo de momento la llegada de <b>Gabriel Milito<\/b> -el que suena m\u00e1s fuerte por estos d\u00edas- como entrenador.<\/p>\n<p>Adem\u00e1s, al ser consultado por el rumor sobre una posible vuelta de Carlos Bianchi a la conducci\u00f3n t\u00e9cnica, el ahora dirigente respondi\u00f3 fiel a su estilo y dej\u00f3 una frase para el recuerdo: <b>\u00abNo tengo ni puta idea qu\u00e9 sali\u00f3 de Bianchi. Yo lo quiero mucho y espero que est\u00e9 disfrutando en Europa.<\/b> El nos dio demasiado. Los bosteros lo queremos mucho\u00bb.<\/p>\n<p>En cuanto a la eliminaci\u00f3n en <b>la Libertadores, Riquelme opin\u00f3 brevemente y esquiv\u00f3 el bulto <\/b>pasando a la actuaci\u00f3n del equipo en el Torneo Apertura, pero no fue del todo claro:\u00a0\u201cEl s\u00e1bado vamos a jugar contra Lan\u00fas en nuestra cancha, acabamos de terminar primeros en nuestra zona; por diferencia de gol quedamos segundos pero primeros&#8230; Quiere decir que sumamos m\u00e1s puntos que todos.<b> Nos duele no jugar la Copa. Ahora hay que pensar solamente en el partido de Lan\u00fas\u201d.<\/b><\/p>\n<p>Rom\u00e1n tambi\u00e9n tuvo palabras de cari\u00f1o con <b>Fernando Gago<\/b>, DT saliente tras la acumulaci\u00f3n de varias decepciones, la \u00faltima ante River.<b> \u201cNo me decepcion\u00f3&#8230; Esto es f\u00fatbol. A Fernando lo quiero mucho. <\/b>Donde siga su carrera siempre voy a desear que lo haga muy bien\u201d, le dedic\u00f3.<\/p>\n<p>Por \u00faltimo, <b>indic\u00f3 que tomar\u00e1 acciones legales por las frases racistas del periodista Gabriel Anello<\/b>, quien en su programa de radio se refiri\u00f3 despectivamente al color de piel del dirigente. \u201cDe eso se ocupar\u00e1n los abogados del club. Yo a esta persona no la conozco, s\u00e9 que es periodista y nada m\u00e1s. Estoy muy orgulloso de decir que soy de Don Torcuato, que soy argentino, que amo mi pa\u00eds<b>, me toc\u00f3 un color de piel normal, pero no tengo ning\u00fan problema con los colorados, blancos, rubios o negros. Tengo respeto hacia todos\u201d<\/b>.<\/p>\n<p><!-- Live Blog Post --><\/div>\n<p><a href=\"https:\/\/www.pagina12.com.ar\/823880-reaparecio-riquelme-y-no-dejo-tema-sin-tocar\">source<\/a><\/p>\n","protected":false},"excerpt":{"rendered":"<p>Juan Rom\u00e1n Riquelme, presidente de Boca, reapareci\u00f3 p\u00fablicamente este mi\u00e9rcoles tras la derrota ante River&#8230;<\/p>\n","protected":false},"author":3,"featured_media":20611,"comment_status":"closed","ping_status":"closed","sticky":false,"template":"","format":"standard","meta":{"footnotes":""},"categories":[21],"tags":[],"class_list":["post-20610","post","type-post","status-publish","format-standard","has-post-thumbnail","hentry","category-deportes"],"featured_image_urls":{"full":["https:\/\/fmamiga909.com.ar\/wp-content\/uploads\/2025\/05\/wp-header-logo-77.png",960,540,false],"thumbnail":["https:\/\/fmamiga909.com.ar\/wp-content\/uploads\/2025\/05\/wp-header-logo-77-150x150.png",150,150,true],"medium":["https:\/\/fmamiga909.com.ar\/wp-content\/uploads\/2025\/05\/wp-header-logo-77-300x169.png",300,169,true],"medium_large":["https:\/\/fmamiga909.com.ar\/wp-content\/uploads\/2025\/05\/wp-header-logo-77.png",960,540,false],"large":["https:\/\/fmamiga909.com.ar\/wp-content\/uploads\/2025\/05\/wp-header-logo-77.png",640,360,false],"1536x1536":["https:\/\/fmamiga909.com.ar\/wp-content\/uploads\/2025\/05\/wp-header-logo-77.png",960,540,false],"2048x2048":["https:\/\/fmamiga909.com.ar\/wp-content\/uploads\/2025\/05\/wp-header-logo-77.png",960,540,false],"newsium-slider-full":["https:\/\/fmamiga909.com.ar\/wp-content\/uploads\/2025\/05\/wp-header-logo-77.png",960,540,false],"newsium-featured":["https:\/\/fmamiga909.com.ar\/wp-content\/uploads\/2025\/05\/wp-header-logo-77.png",960,540,false],"newsium-medium":["https:\/\/fmamiga909.com.ar\/wp-content\/uploads\/2025\/05\/wp-header-logo-77-720x475.png",720,475,true]},"author_info":{"display_name":"Fredy Giuliano","author_link":"https:\/\/fmamiga909.com.ar\/?author=3"},"category_info":"<a href=\"https:\/\/fmamiga909.com.ar\/?cat=21\" rel=\"category\">Deportes<\/a>","tag_info":"Deportes","comment_count":"0","_links":{"self":[{"href":"https:\/\/fmamiga909.com.ar\/index.php?rest_route=\/wp\/v2\/posts\/20610","targetHints":{"allow":["GET"]}}],"collection":[{"href":"https:\/\/fmamiga909.com.ar\/index.php?rest_route=\/wp\/v2\/posts"}],"about":[{"href":"https:\/\/fmamiga909.com.ar\/index.php?rest_route=\/wp\/v2\/types\/post"}],"author":[{"embeddable":true,"href":"https:\/\/fmamiga909.com.ar\/index.php?rest_route=\/wp\/v2\/users\/3"}],"replies":[{"embeddable":true,"href":"https:\/\/fmamiga909.com.ar\/index.php?rest_route=%2Fwp%2Fv2%2Fcomments&post=20610"}],"version-history":[{"count":0,"href":"https:\/\/fmamiga909.com.ar\/index.php?rest_route=\/wp\/v2\/posts\/20610\/revisions"}],"wp:featuredmedia":[{"embeddable":true,"href":"https:\/\/fmamiga909.com.ar\/index.php?rest_route=\/wp\/v2\/media\/20611"}],"wp:attachment":[{"href":"https:\/\/fmamiga909.com.ar\/index.php?rest_route=%2Fwp%2Fv2%2Fmedia&parent=20610"}],"wp:term":[{"taxonomy":"category","embeddable":true,"href":"https:\/\/fmamiga909.com.ar\/index.php?rest_route=%2Fwp%2Fv2%2Fcategories&post=20610"},{"taxonomy":"post_tag","embeddable":true,"href":"https:\/\/fmamiga909.com.ar\/index.php?rest_route=%2Fwp%2Fv2%2Ftags&post=20610"}],"curies":[{"name":"wp","href":"https:\/\/api.w.org\/{rel}","templated":true}]}}