{"id":20631,"date":"2025-05-08T22:24:38","date_gmt":"2025-05-08T22:24:38","guid":{"rendered":"https:\/\/fmamiga909.com.ar\/?p=20631"},"modified":"2025-05-08T22:24:38","modified_gmt":"2025-05-08T22:24:38","slug":"san-lorenzo-en-llamas-aprobaron-la-licencia-a-marcelo-moretti","status":"publish","type":"post","link":"https:\/\/fmamiga909.com.ar\/?p=20631","title":{"rendered":"San Lorenzo en llamas: aprobaron la licencia a Marcelo Moretti\u00a0\u00a0"},"content":{"rendered":"<div><!-- Body --><\/p>\n<p>La comisi\u00f3n directiva de San Lorenzo aprob\u00f3 la licencia de su presidente, Marcelo Moretti.<\/p>\n<p>Los miembros que votaron a favor de la licencia de Moretti por tiempo indefinido fueron el vicepresidente segundo, Andr\u00e9s Terzano; el secretario general, Mart\u00edn Cigna; el prosecretario, Uriel Barros; el tesorero, Leandro Goroyesky; la protesorera, Carina Liliana Far\u00edas; el intendente, Juan Mateo Sagardoy; y los vocales Julio C\u00e9sar Lopardo, Mar\u00eda Soledad Boufflet y Alejandro Mart\u00edn Tamer.<\/p>\n<p>Tras aprobar la votaci\u00f3n, el mandatario involucrado en un acto de corrupci\u00f3n, el cual fue captado en un video, obtuvo su licencia. La misma desencadenar\u00e1 en un error incorregible que le molest\u00f3 al socio: despu\u00e9s de la licencia, Moretti continuar\u00e1 en su puesto como presidente de San Lorenzo.<\/p>\n<p>Por otra parte, en la espera de la confirmaci\u00f3n de los votos, sucedi\u00f3 un detalle puntual entre dos integrantes de la comisi\u00f3n directiva, porque Leandro y Terzano fueron captados discutiendo en una zona cercana al Estadio Pedro Bidegain. Una actitud sospechosa que gener\u00f3 un importante revuelo en el desenlace de la votaci\u00f3n.<\/p>\n<p>En la reuni\u00f3n directiva, se decidi\u00f3 nombrar a un presidente de turno que ocupar\u00e1 el cargo de Moretti. El nuevo encargado del cargo ser\u00e1 Julio C\u00e9sar Lopardo, quien formaba parte de los vocales de la directiva del club.<\/p>\n<p>\u00abSi el presidente hubiese renunciado, se hubieran evitado todas estas cosas. Tiene que renunciar, pensar en volver despu\u00e9s de lo que pas\u00f3 es una locura\u2026 tiene la peor condena social\u00bb, sentenci\u00f3 Lopardo.<\/p>\n<p>Con este desenlace, la crisis institucional azulgrana se agigant\u00f3 y generar\u00e1 acciones de los socios en las tribunas del Bajo Flores y en la sede.<\/p>\n<p><!-- Live Blog Post --><\/div>\n<p><a href=\"https:\/\/www.pagina12.com.ar\/824179-san-lorenzo-en-llamas-aprobaron-la-licencia-a-marcelo-morett\">source<\/a><\/p>\n","protected":false},"excerpt":{"rendered":"<p>La comisi\u00f3n directiva de San Lorenzo aprob\u00f3 la licencia de su presidente, Marcelo Moretti. Los&#8230;<\/p>\n","protected":false},"author":3,"featured_media":20632,"comment_status":"closed","ping_status":"closed","sticky":false,"template":"","format":"standard","meta":{"footnotes":""},"categories":[21],"tags":[],"class_list":["post-20631","post","type-post","status-publish","format-standard","has-post-thumbnail","hentry","category-deportes"],"featured_image_urls":{"full":["https:\/\/fmamiga909.com.ar\/wp-content\/uploads\/2025\/05\/wp-header-logo-87.png",960,540,false],"thumbnail":["https:\/\/fmamiga909.com.ar\/wp-content\/uploads\/2025\/05\/wp-header-logo-87-150x150.png",150,150,true],"medium":["https:\/\/fmamiga909.com.ar\/wp-content\/uploads\/2025\/05\/wp-header-logo-87-300x169.png",300,169,true],"medium_large":["https:\/\/fmamiga909.com.ar\/wp-content\/uploads\/2025\/05\/wp-header-logo-87.png",960,540,false],"large":["https:\/\/fmamiga909.com.ar\/wp-content\/uploads\/2025\/05\/wp-header-logo-87.png",640,360,false],"1536x1536":["https:\/\/fmamiga909.com.ar\/wp-content\/uploads\/2025\/05\/wp-header-logo-87.png",960,540,false],"2048x2048":["https:\/\/fmamiga909.com.ar\/wp-content\/uploads\/2025\/05\/wp-header-logo-87.png",960,540,false],"newsium-slider-full":["https:\/\/fmamiga909.com.ar\/wp-content\/uploads\/2025\/05\/wp-header-logo-87.png",960,540,false],"newsium-featured":["https:\/\/fmamiga909.com.ar\/wp-content\/uploads\/2025\/05\/wp-header-logo-87.png",960,540,false],"newsium-medium":["https:\/\/fmamiga909.com.ar\/wp-content\/uploads\/2025\/05\/wp-header-logo-87-720x475.png",720,475,true]},"author_info":{"display_name":"Fredy Giuliano","author_link":"https:\/\/fmamiga909.com.ar\/?author=3"},"category_info":"<a href=\"https:\/\/fmamiga909.com.ar\/?cat=21\" rel=\"category\">Deportes<\/a>","tag_info":"Deportes","comment_count":"0","_links":{"self":[{"href":"https:\/\/fmamiga909.com.ar\/index.php?rest_route=\/wp\/v2\/posts\/20631","targetHints":{"allow":["GET"]}}],"collection":[{"href":"https:\/\/fmamiga909.com.ar\/index.php?rest_route=\/wp\/v2\/posts"}],"about":[{"href":"https:\/\/fmamiga909.com.ar\/index.php?rest_route=\/wp\/v2\/types\/post"}],"author":[{"embeddable":true,"href":"https:\/\/fmamiga909.com.ar\/index.php?rest_route=\/wp\/v2\/users\/3"}],"replies":[{"embeddable":true,"href":"https:\/\/fmamiga909.com.ar\/index.php?rest_route=%2Fwp%2Fv2%2Fcomments&post=20631"}],"version-history":[{"count":0,"href":"https:\/\/fmamiga909.com.ar\/index.php?rest_route=\/wp\/v2\/posts\/20631\/revisions"}],"wp:featuredmedia":[{"embeddable":true,"href":"https:\/\/fmamiga909.com.ar\/index.php?rest_route=\/wp\/v2\/media\/20632"}],"wp:attachment":[{"href":"https:\/\/fmamiga909.com.ar\/index.php?rest_route=%2Fwp%2Fv2%2Fmedia&parent=20631"}],"wp:term":[{"taxonomy":"category","embeddable":true,"href":"https:\/\/fmamiga909.com.ar\/index.php?rest_route=%2Fwp%2Fv2%2Fcategories&post=20631"},{"taxonomy":"post_tag","embeddable":true,"href":"https:\/\/fmamiga909.com.ar\/index.php?rest_route=%2Fwp%2Fv2%2Ftags&post=20631"}],"curies":[{"name":"wp","href":"https:\/\/api.w.org\/{rel}","templated":true}]}}