{"id":20707,"date":"2025-05-11T21:38:10","date_gmt":"2025-05-11T21:38:10","guid":{"rendered":"https:\/\/fmamiga909.com.ar\/?p=20707"},"modified":"2025-05-11T21:38:10","modified_gmt":"2025-05-11T21:38:10","slug":"martin-demichelis-fue-despedido-del-rayados-de-monterrey","status":"publish","type":"post","link":"https:\/\/fmamiga909.com.ar\/?p=20707","title":{"rendered":"Mart\u00edn Demichelis fue despedido del Rayados de Monterrey"},"content":{"rendered":"<div><!-- Body --><\/p>\n<p>El director t\u00e9cnico Mart\u00edn Demichelis fue despedido del cargo por la dirigencia del Monterrey de M\u00e9xico, luego de quedar eliminado en los cuartos de final del Torneo Clausura MX 2025 frente a Toluca.<\/p>\n<p>   El conjunto norteamericano anunci\u00f3 a trav\u00e9s de las cuentas oficiales del club, en redes sociales, la destituci\u00f3n del entrenador argentino, que de esta manera ya no se medir\u00e1 ante River por el Grupo E del Mundial de Clubes.<\/p>\n<p>   \u00abInformamos a nuestra Afici\u00f3n y a los Medios de Comunicaci\u00f3n que el Club decidi\u00f3 dar por terminada la gesti\u00f3n de Mart\u00edn Demichelis en la direcci\u00f3n t\u00e9cnica del Primer Equipo de Rayados, a partir de este domingo 11 de mayo de 2025\u00bb, comparti\u00f3 la instituci\u00f3n.<\/p>\n<p>   Tras la derrota ante el Toluca, comandado por el albiceleste Antonio Mohamed, el ex defensor central hab\u00eda puesto en duda su continuidad, a pesar de remarcar que contaba con la energ\u00eda necesaria para continuar al mando del equipo.<\/p>\n<p>   \u00abEsto es muy doloroso para los hinchas y para la instituci\u00f3n. Repito que aspir\u00e1bamos a mucho m\u00e1s y la instituci\u00f3n est\u00e1 para mucho m\u00e1s, el plantel tambi\u00e9n, pero yo voy a seguir con la fortaleza, la entereza que normalmente me caracteriza, pero hay cosas que no dependen de m\u00ed\u00bb, declar\u00f3 Micho.<\/p>\n<p>   De esta manera, la Comisi\u00f3n Directiva del Rayados dio por terminado el v\u00ednculo con Demichelis, el cual dur\u00f3 43 partidos donde el ex DT de River acumul\u00f3 20 victorias, 11 empates y 12 derrotas.<\/p>\n<p>   Adem\u00e1s, en su primer torneo como DT del elenco mexicano lleg\u00f3 a conseguir el subcampeonato, mientras que su segunda temporada estuvo marcada por el conflicto con el referente y capit\u00e1n del equipo, Sergio Canales, adem\u00e1s de las eliminaciones en el Torneo Clausura MX y la Concachampions (frente a Vancouver Whitecaps).<\/p>\n<p><!-- Live Blog Post --><\/div>\n<p><a href=\"https:\/\/www.pagina12.com.ar\/824846-martin-demichelis-fue-despedido-del-rayados-de-monterrey\">source<\/a><\/p>\n","protected":false},"excerpt":{"rendered":"<p>El director t\u00e9cnico Mart\u00edn Demichelis fue despedido del cargo por la dirigencia del Monterrey de&#8230;<\/p>\n","protected":false},"author":3,"featured_media":20708,"comment_status":"closed","ping_status":"closed","sticky":false,"template":"","format":"standard","meta":{"footnotes":""},"categories":[21],"tags":[],"class_list":["post-20707","post","type-post","status-publish","format-standard","has-post-thumbnail","hentry","category-deportes"],"featured_image_urls":{"full":["https:\/\/fmamiga909.com.ar\/wp-content\/uploads\/2025\/05\/wp-header-logo-117.png",960,540,false],"thumbnail":["https:\/\/fmamiga909.com.ar\/wp-content\/uploads\/2025\/05\/wp-header-logo-117-150x150.png",150,150,true],"medium":["https:\/\/fmamiga909.com.ar\/wp-content\/uploads\/2025\/05\/wp-header-logo-117-300x169.png",300,169,true],"medium_large":["https:\/\/fmamiga909.com.ar\/wp-content\/uploads\/2025\/05\/wp-header-logo-117.png",960,540,false],"large":["https:\/\/fmamiga909.com.ar\/wp-content\/uploads\/2025\/05\/wp-header-logo-117.png",640,360,false],"1536x1536":["https:\/\/fmamiga909.com.ar\/wp-content\/uploads\/2025\/05\/wp-header-logo-117.png",960,540,false],"2048x2048":["https:\/\/fmamiga909.com.ar\/wp-content\/uploads\/2025\/05\/wp-header-logo-117.png",960,540,false],"newsium-slider-full":["https:\/\/fmamiga909.com.ar\/wp-content\/uploads\/2025\/05\/wp-header-logo-117.png",960,540,false],"newsium-featured":["https:\/\/fmamiga909.com.ar\/wp-content\/uploads\/2025\/05\/wp-header-logo-117.png",960,540,false],"newsium-medium":["https:\/\/fmamiga909.com.ar\/wp-content\/uploads\/2025\/05\/wp-header-logo-117-720x475.png",720,475,true]},"author_info":{"display_name":"Fredy Giuliano","author_link":"https:\/\/fmamiga909.com.ar\/?author=3"},"category_info":"<a href=\"https:\/\/fmamiga909.com.ar\/?cat=21\" rel=\"category\">Deportes<\/a>","tag_info":"Deportes","comment_count":"0","_links":{"self":[{"href":"https:\/\/fmamiga909.com.ar\/index.php?rest_route=\/wp\/v2\/posts\/20707","targetHints":{"allow":["GET"]}}],"collection":[{"href":"https:\/\/fmamiga909.com.ar\/index.php?rest_route=\/wp\/v2\/posts"}],"about":[{"href":"https:\/\/fmamiga909.com.ar\/index.php?rest_route=\/wp\/v2\/types\/post"}],"author":[{"embeddable":true,"href":"https:\/\/fmamiga909.com.ar\/index.php?rest_route=\/wp\/v2\/users\/3"}],"replies":[{"embeddable":true,"href":"https:\/\/fmamiga909.com.ar\/index.php?rest_route=%2Fwp%2Fv2%2Fcomments&post=20707"}],"version-history":[{"count":0,"href":"https:\/\/fmamiga909.com.ar\/index.php?rest_route=\/wp\/v2\/posts\/20707\/revisions"}],"wp:featuredmedia":[{"embeddable":true,"href":"https:\/\/fmamiga909.com.ar\/index.php?rest_route=\/wp\/v2\/media\/20708"}],"wp:attachment":[{"href":"https:\/\/fmamiga909.com.ar\/index.php?rest_route=%2Fwp%2Fv2%2Fmedia&parent=20707"}],"wp:term":[{"taxonomy":"category","embeddable":true,"href":"https:\/\/fmamiga909.com.ar\/index.php?rest_route=%2Fwp%2Fv2%2Fcategories&post=20707"},{"taxonomy":"post_tag","embeddable":true,"href":"https:\/\/fmamiga909.com.ar\/index.php?rest_route=%2Fwp%2Fv2%2Ftags&post=20707"}],"curies":[{"name":"wp","href":"https:\/\/api.w.org\/{rel}","templated":true}]}}