{"id":20731,"date":"2025-05-12T20:13:03","date_gmt":"2025-05-12T20:13:03","guid":{"rendered":"https:\/\/fmamiga909.com.ar\/?p=20731"},"modified":"2025-05-12T20:13:03","modified_gmt":"2025-05-12T20:13:03","slug":"el-mensaje-de-briatore-para-el-debut-de-colapinto","status":"publish","type":"post","link":"https:\/\/fmamiga909.com.ar\/?p=20731","title":{"rendered":"El mensaje de Briatore para el debut de Colapinto"},"content":{"rendered":"<div><!-- Body --><\/p>\n<p>Franco Colapinto arranc\u00f3 la semana del regreso. Despu\u00e9s de la confirmaci\u00f3n de su reemplazo por Jack Doohan en el equipo Alpine, el piloto argentino se prepara para competir este fin de semana en el Gran Premio de Emilia Romagna, en el circuito italiano de Imola. Antes de viajar a Italia, Colapinto comenz\u00f3 con la preparaci\u00f3n en la f\u00e1brica de Enstone, donde estuvo con el Director Deportivo de la escuder\u00eda y principal impulsor de su llegada, Flavio Briatore.<\/p>\n<p>\u00abDirecto al trabajo. Unos d\u00edas ajetreados aqu\u00ed en Enstone, poni\u00e9ndonos al d\u00eda con Pierre y Franco antes de su debut en Imola\u00bb, public\u00f3 Briatore en su cuenta de Instagram, con im\u00e1genes suyas con sus dos pilotos. La semana pasada, antes de la confirmaci\u00f3n de Colapinto, el italiano qued\u00f3 como m\u00e1xima\u00a0 autoridad de la escuder\u00eda a partir de la renuncia de Oliver Oakes, que ven\u00eda cumpliendo esa funci\u00f3n.<\/p>\n<p>En la redes de Alpine tambi\u00e9n se hicieron eco del debut del argentino. \u201cHola a todos. Estoy aqu\u00ed en Enstone con algunos buenos coches. Coches r\u00e1pidos\u2033, coment\u00f3 Colapinto en el video subido por la escuder\u00eda, junto al Renault con el que Fernando Alonso se consagr\u00f3 campe\u00f3n del mundo. Adem\u00e1s, se refiri\u00f3 a su tarea espec\u00edfica, ahora que cambi\u00f3 su estatus en el equipo. \u201c<b>He estado haciendo algunas vueltas en el simulador y ahora como piloto de carreras, finalmente. As\u00ed que estoy muy emocionado por el fin de semana de preparaci\u00f3n para Imola con el equipo, con los ingenieros, un mont\u00f3n de trabajo hecho<\/b>. As\u00ed que&#8230; d\u00edas emocionantes por delante y no puedo esperar para el fin de semana de carreras\u00bb, complet\u00f3 el pilarense, que correr\u00e1 en Imola su d\u00e9cima competencia en la m\u00e1xima categor\u00eda.\u00a0<\/p>\n<p><!-- Live Blog Post --><\/div>\n<p><a href=\"https:\/\/www.pagina12.com.ar\/825085-el-mensaje-de-briatore-para-el-debut-de-colapinto\">source<\/a><\/p>\n","protected":false},"excerpt":{"rendered":"<p>Franco Colapinto arranc\u00f3 la semana del regreso. Despu\u00e9s de la confirmaci\u00f3n de su reemplazo por&#8230;<\/p>\n","protected":false},"author":3,"featured_media":20732,"comment_status":"closed","ping_status":"closed","sticky":false,"template":"","format":"standard","meta":{"footnotes":""},"categories":[21],"tags":[],"class_list":["post-20731","post","type-post","status-publish","format-standard","has-post-thumbnail","hentry","category-deportes"],"featured_image_urls":{"full":["https:\/\/fmamiga909.com.ar\/wp-content\/uploads\/2025\/05\/wp-header-logo-129.png",960,540,false],"thumbnail":["https:\/\/fmamiga909.com.ar\/wp-content\/uploads\/2025\/05\/wp-header-logo-129-150x150.png",150,150,true],"medium":["https:\/\/fmamiga909.com.ar\/wp-content\/uploads\/2025\/05\/wp-header-logo-129-300x169.png",300,169,true],"medium_large":["https:\/\/fmamiga909.com.ar\/wp-content\/uploads\/2025\/05\/wp-header-logo-129.png",960,540,false],"large":["https:\/\/fmamiga909.com.ar\/wp-content\/uploads\/2025\/05\/wp-header-logo-129.png",640,360,false],"1536x1536":["https:\/\/fmamiga909.com.ar\/wp-content\/uploads\/2025\/05\/wp-header-logo-129.png",960,540,false],"2048x2048":["https:\/\/fmamiga909.com.ar\/wp-content\/uploads\/2025\/05\/wp-header-logo-129.png",960,540,false],"newsium-slider-full":["https:\/\/fmamiga909.com.ar\/wp-content\/uploads\/2025\/05\/wp-header-logo-129.png",960,540,false],"newsium-featured":["https:\/\/fmamiga909.com.ar\/wp-content\/uploads\/2025\/05\/wp-header-logo-129.png",960,540,false],"newsium-medium":["https:\/\/fmamiga909.com.ar\/wp-content\/uploads\/2025\/05\/wp-header-logo-129-720x475.png",720,475,true]},"author_info":{"display_name":"Fredy Giuliano","author_link":"https:\/\/fmamiga909.com.ar\/?author=3"},"category_info":"<a href=\"https:\/\/fmamiga909.com.ar\/?cat=21\" rel=\"category\">Deportes<\/a>","tag_info":"Deportes","comment_count":"0","_links":{"self":[{"href":"https:\/\/fmamiga909.com.ar\/index.php?rest_route=\/wp\/v2\/posts\/20731","targetHints":{"allow":["GET"]}}],"collection":[{"href":"https:\/\/fmamiga909.com.ar\/index.php?rest_route=\/wp\/v2\/posts"}],"about":[{"href":"https:\/\/fmamiga909.com.ar\/index.php?rest_route=\/wp\/v2\/types\/post"}],"author":[{"embeddable":true,"href":"https:\/\/fmamiga909.com.ar\/index.php?rest_route=\/wp\/v2\/users\/3"}],"replies":[{"embeddable":true,"href":"https:\/\/fmamiga909.com.ar\/index.php?rest_route=%2Fwp%2Fv2%2Fcomments&post=20731"}],"version-history":[{"count":0,"href":"https:\/\/fmamiga909.com.ar\/index.php?rest_route=\/wp\/v2\/posts\/20731\/revisions"}],"wp:featuredmedia":[{"embeddable":true,"href":"https:\/\/fmamiga909.com.ar\/index.php?rest_route=\/wp\/v2\/media\/20732"}],"wp:attachment":[{"href":"https:\/\/fmamiga909.com.ar\/index.php?rest_route=%2Fwp%2Fv2%2Fmedia&parent=20731"}],"wp:term":[{"taxonomy":"category","embeddable":true,"href":"https:\/\/fmamiga909.com.ar\/index.php?rest_route=%2Fwp%2Fv2%2Fcategories&post=20731"},{"taxonomy":"post_tag","embeddable":true,"href":"https:\/\/fmamiga909.com.ar\/index.php?rest_route=%2Fwp%2Fv2%2Ftags&post=20731"}],"curies":[{"name":"wp","href":"https:\/\/api.w.org\/{rel}","templated":true}]}}