{"id":20757,"date":"2025-05-13T20:36:11","date_gmt":"2025-05-13T20:36:11","guid":{"rendered":"https:\/\/fmamiga909.com.ar\/?p=20757"},"modified":"2025-05-13T20:36:11","modified_gmt":"2025-05-13T20:36:11","slug":"benja-dominguez-y-castro-quieren-hacer-historia-con-el-bologna","status":"publish","type":"post","link":"https:\/\/fmamiga909.com.ar\/?p=20757","title":{"rendered":"Benja Dom\u00ednguez y Castro quieren hacer historia con el Bologna"},"content":{"rendered":"<div><!-- Body --><\/p>\n<p><b>El Bologna de Benjam\u00edn Dom\u00ednguez y Santiago Castro<\/b> tiene una oportunidad invaluable este mi\u00e9rcoles de reencontrarse con la gloria de vidas pasadas cuando, <b>desde las 16, se enfrente al Milan en la final de la Copa Italia<\/b>.<\/p>\n<p>El partido se jugar\u00e1 en Estadio Ol\u00edmpico de Roma y se podr\u00e1 ver a trav\u00e9s de<b> Fox Sports y DSports<\/b>.<\/p>\n<p>El Bologna es uno de los clubes hist\u00f3ricos de Italia y supo conseguir <b>siete Scudettos a lo largo de su historia<\/b>, el \u00faltimo en 1964. En la Copa Italia, en tanto, se consagr\u00f3 en 1970 y 1974. A partir de all\u00ed,<b> la decadencia, incluso con descensos a la Serie C en los &#8217;80 y &#8217;90.<\/b> Retorn\u00f3 a la Serie A en 2015 y logr\u00f3 mantenerse en la categor\u00eda, protagonizando una evoluci\u00f3n en los \u00faltimos a\u00f1os: 9\u00ba en 2023, <b>5\u00ba en 2024<\/b> y 7\u00ba en el actual campeonato.<\/p>\n<div class=\"iframely-embed medium-embedded-content\" data-html=\"Jmx0O2Jsb2NrcXVvdGUgY2xhc3M9InR3aXR0ZXItdHdlZXQiIGRhdGEtZG50PSJ0cnVlIiBhbGlnbj0iY2VudGVyIiZndDsmbHQ7cCBsYW5nPSJlbiIgZGlyPSJsdHIiJmd0O1dlJmFtcDsjMzk7cmUgcmVhZHksIGFyZSB5b3U\/IPCflJwmbHQ7YSBocmVmPSJodHRwczovL3R3aXR0ZXIuY29tL2hhc2h0YWcvU2lNdW92ZUxhQ2l0dCVDMyVBMD9zcmM9aGFzaCZhbXA7YW1wO3JlZl9zcmM9dHdzcmMlNUV0ZnciJmd0OyNTaU11b3ZlTGFDaXR0w6AmbHQ7L2EmZ3Q7ICZsdDthIGhyZWY9Imh0dHBzOi8vdHdpdHRlci5jb20vaGFzaHRhZy9XZUFyZU9uZT9zcmM9aGFzaCZhbXA7YW1wO3JlZl9zcmM9dHdzcmMlNUV0ZnciJmd0OyNXZUFyZU9uZSZsdDsvYSZndDsgJmx0O2EgaHJlZj0iaHR0cHM6Ly90LmNvLzh2YUtHVkRoMnAiJmd0O3BpYy50d2l0dGVyLmNvbS84dmFLR1ZEaDJwJmx0Oy9hJmd0OyZsdDsvcCZndDsmYW1wO21kYXNoOyBCb2xvZ25hIEZDIDE5MDkgKEBCb2xvZ25hRkMxOTA5ZW4pICZsdDthIGhyZWY9Imh0dHBzOi8vdHdpdHRlci5jb20vQm9sb2duYUZDMTkwOWVuL3N0YXR1cy8xOTIyMzI2NDQ4ODgwMDk1NjQ4P3JlZl9zcmM9dHdzcmMlNUV0ZnciJmd0O01heSAxMywgMjAyNSZsdDsvYSZndDsmbHQ7L2Jsb2NrcXVvdGUmZ3Q7CiZsdDtzY3JpcHQgYXN5bmMgc3JjPSJodHRwczovL3BsYXRmb3JtLnR3aXR0ZXIuY29tL3dpZGdldHMuanMiIGNoYXJzZXQ9InV0Zi04IiZndDsmbHQ7L3NjcmlwdCZndDsKCiZsdDtkaXYgY2xhc3M9Im1lZGl1bS1pbnNlcnQtZW1iZWRzLW1ldGEiJmd0OyZsdDtzY3JpcHQgdHlwZT0idGV4dC9qc29uIiZndDt7InVybCI6Imh0dHBzOi8vdHdpdHRlci5jb20vQm9sb2duYUZDMTkwOWVuL3N0YXR1cy8xOTIyMzI2NDQ4ODgwMDk1NjQ4IiwidHlwZSI6InJpY2giLCJ2ZXJzaW9uIjoiMS4wIiwidGl0bGUiOiJCb2xvZ25hIEZDIDE5MDkgb24gVHdpdHRlciAvIFgiLCJhdXRob3IiOiJCb2xvZ25hIEZDIDE5MDkiLCJhdXRob3JfdXJsIjoiaHR0cHM6Ly90d2l0dGVyLmNvbS9Cb2xvZ25hRkMxOTA5ZW4iLCJwcm92aWRlcl9uYW1lIjoiVHdpdHRlciIsImRlc2NyaXB0aW9uIjoiV2UncmUgcmVhZHksIGFyZSB5b3U\/IPCflJwjU2lNdW92ZUxhQ2l0dMOgICNXZUFyZU9uZSBwaWMudHdpdHRlci5jb20vOHZhS0dWRGgycOKAlCBCb2xvZ25hIEZDIDE5MDkgKEBCb2xvZ25hRkMxOTA5ZW4pIE1heSAxMywgMjAyNVxuXG5cbiIsInRodW1ibmFpbF91cmwiOiJodHRwczovL3Bicy50d2ltZy5jb20vYW1wbGlmeV92aWRlb190aHVtYi8xOTIyMzI2MTg3MDI5NzgyNTI4L2ltZy9lclVBbFV2ak43LVV2TXFuLmpwZzpsYXJnZSIsInRodW1ibmFpbF93aWR0aCI6MTkyMCwidGh1bWJuYWlsX2hlaWdodCI6MTA4MCwiY2FjaGVfYWdlIjo4NjQwMCwib3B0aW9ucyI6eyJfaGlkZV9tZWRpYSI6eyJsYWJlbCI6IkhpZGUgcGhvdG9zLCB2aWRlb3MsIGFuZCBjYXJkcyIsInZhbHVlIjpmYWxzZX0sIl90aGVtZSI6eyJ2YWx1ZSI6IiIsInZhbHVlcyI6eyJkYXJrIjoiVXNlIGRhcmsgdGhlbWUifX0sIl9tYXh3aWR0aCI6eyJ2YWx1ZSI6IiIsImxhYmVsIjoiQWRqdXN0IHdpZHRoIiwicGxhY2Vob2xkZXIiOiIyMjAtNTUwLCBpbiBweCJ9fX0mbHQ7L3NjcmlwdCZndDsmbHQ7L2RpdiZndDs=\">\n                <a data-iframely-url=\"\" href=\"https:\/\/twitter.com\/BolognaFC1909en\/status\/1922326448880095648\">https:\/\/twitter.com\/BolognaFC1909en\/status\/1922326448880095648<\/a>\n              <\/div>\n<p>En la Copa Italia elimin\u00f3 al Empoli en semis (5-1 global), Juventus en cuartos (1-1 y penales) y Fiorentina en octavos (2-2 y penales). <b>El exGimnasia Benja Dom\u00ednguez es una de las figuras del equipo<\/b> y lleva 4 goles y 3 asistencias en 27 partidos esta temporada. Por su lado, <b>el exV\u00e9lez Santiago Castro viene saliendo del banco en los \u00faltimos partidos<\/b> pero tambi\u00e9n es pieza importante: 10 goles y 8 partidos en 43 partidos.<\/p>\n<p>\u00abEs una final que el Bologna no juega desde hace 51 a\u00f1os. Treinta mil aficionados estar\u00e1n en el Ol\u00edmpico, <b>muchos j\u00f3venes que nunca han visto los colores rojo y azul levantar un trofeo. Espero que tengan esta alegr\u00eda\u00bb, dijo el DT Vincenzo Italiano<\/b> en la previa.<\/p>\n<p>Del otro lado estar\u00e1 el poderoso <b>Milan, de muy floja temporada (8\u00ba) luego de ser subcampe\u00f3n el a\u00f1o pasado<\/b>. En esta Copa super\u00f3 al Inter en semis (4-1), a la Roma en cuartos (3-1) y al Sassuolo en octavos (6-1). Tiene entre sus filas al delantero mexicano <b>Santiago Gim\u00e9nez, hijo del exBoca \u00abChaco\u00bb Gim\u00e9nez<\/b>.<\/p>\n<p>El elenco <i>rossonero <\/i>est\u00e1 obligado para maquillar su a\u00f1o -lej\u00edsimos de la pelea en la Serie A y eliminado en 16avos de la Champions ante el menos favorito Feyenoord- y conseguir clasificar a una competencia europea, ya que<b> la Copa Italia premia al campe\u00f3n con un boleto para la pr\u00f3xima Europa League.<\/b><\/p>\n<p><b>\u00abForma parte de la historia del Milan tener esta presi\u00f3n, es normal en los grandes clubes<\/b>. Tenemos que aceptarla y centrarnos en el trabajo ganando esta Copa Italia. El Milan es un club hist\u00f3rico acostumbrado a conseguir resultados, queremos sacar uno positivo para llevarnos el t\u00edtulo y jugar en Europa el a\u00f1o que viene\u00bb, dijo el portugu\u00e9s <b>Sergio Conceicao<\/b>, quien asumi\u00f3 como DT a principios de a\u00f1o y por ahora no convence.<\/p>\n<p><!-- Live Blog Post --><\/div>\n<p><script async src=\"\/\/platform.twitter.com\/widgets.js\" charset=\"utf-8\"><\/script><br \/><a href=\"https:\/\/www.pagina12.com.ar\/825345-benja-dominguez-y-castro-quieren-hacer-historia-con-el-bolog\">source<\/a><\/p>\n","protected":false},"excerpt":{"rendered":"<p>El Bologna de Benjam\u00edn Dom\u00ednguez y Santiago Castro tiene una oportunidad invaluable este mi\u00e9rcoles de&#8230;<\/p>\n","protected":false},"author":3,"featured_media":20758,"comment_status":"closed","ping_status":"closed","sticky":false,"template":"","format":"standard","meta":{"footnotes":""},"categories":[21],"tags":[],"class_list":["post-20757","post","type-post","status-publish","format-standard","has-post-thumbnail","hentry","category-deportes"],"featured_image_urls":{"full":["https:\/\/fmamiga909.com.ar\/wp-content\/uploads\/2025\/05\/wp-header-logo-142.png",960,540,false],"thumbnail":["https:\/\/fmamiga909.com.ar\/wp-content\/uploads\/2025\/05\/wp-header-logo-142-150x150.png",150,150,true],"medium":["https:\/\/fmamiga909.com.ar\/wp-content\/uploads\/2025\/05\/wp-header-logo-142-300x169.png",300,169,true],"medium_large":["https:\/\/fmamiga909.com.ar\/wp-content\/uploads\/2025\/05\/wp-header-logo-142.png",960,540,false],"large":["https:\/\/fmamiga909.com.ar\/wp-content\/uploads\/2025\/05\/wp-header-logo-142.png",640,360,false],"1536x1536":["https:\/\/fmamiga909.com.ar\/wp-content\/uploads\/2025\/05\/wp-header-logo-142.png",960,540,false],"2048x2048":["https:\/\/fmamiga909.com.ar\/wp-content\/uploads\/2025\/05\/wp-header-logo-142.png",960,540,false],"newsium-slider-full":["https:\/\/fmamiga909.com.ar\/wp-content\/uploads\/2025\/05\/wp-header-logo-142.png",960,540,false],"newsium-featured":["https:\/\/fmamiga909.com.ar\/wp-content\/uploads\/2025\/05\/wp-header-logo-142.png",960,540,false],"newsium-medium":["https:\/\/fmamiga909.com.ar\/wp-content\/uploads\/2025\/05\/wp-header-logo-142-720x475.png",720,475,true]},"author_info":{"display_name":"Fredy Giuliano","author_link":"https:\/\/fmamiga909.com.ar\/?author=3"},"category_info":"<a href=\"https:\/\/fmamiga909.com.ar\/?cat=21\" rel=\"category\">Deportes<\/a>","tag_info":"Deportes","comment_count":"0","_links":{"self":[{"href":"https:\/\/fmamiga909.com.ar\/index.php?rest_route=\/wp\/v2\/posts\/20757","targetHints":{"allow":["GET"]}}],"collection":[{"href":"https:\/\/fmamiga909.com.ar\/index.php?rest_route=\/wp\/v2\/posts"}],"about":[{"href":"https:\/\/fmamiga909.com.ar\/index.php?rest_route=\/wp\/v2\/types\/post"}],"author":[{"embeddable":true,"href":"https:\/\/fmamiga909.com.ar\/index.php?rest_route=\/wp\/v2\/users\/3"}],"replies":[{"embeddable":true,"href":"https:\/\/fmamiga909.com.ar\/index.php?rest_route=%2Fwp%2Fv2%2Fcomments&post=20757"}],"version-history":[{"count":0,"href":"https:\/\/fmamiga909.com.ar\/index.php?rest_route=\/wp\/v2\/posts\/20757\/revisions"}],"wp:featuredmedia":[{"embeddable":true,"href":"https:\/\/fmamiga909.com.ar\/index.php?rest_route=\/wp\/v2\/media\/20758"}],"wp:attachment":[{"href":"https:\/\/fmamiga909.com.ar\/index.php?rest_route=%2Fwp%2Fv2%2Fmedia&parent=20757"}],"wp:term":[{"taxonomy":"category","embeddable":true,"href":"https:\/\/fmamiga909.com.ar\/index.php?rest_route=%2Fwp%2Fv2%2Fcategories&post=20757"},{"taxonomy":"post_tag","embeddable":true,"href":"https:\/\/fmamiga909.com.ar\/index.php?rest_route=%2Fwp%2Fv2%2Ftags&post=20757"}],"curies":[{"name":"wp","href":"https:\/\/api.w.org\/{rel}","templated":true}]}}