{"id":20775,"date":"2025-05-14T21:45:42","date_gmt":"2025-05-14T21:45:42","guid":{"rendered":"https:\/\/fmamiga909.com.ar\/?p=20775"},"modified":"2025-05-14T21:45:42","modified_gmt":"2025-05-14T21:45:42","slug":"el-mensaje-de-riquelme-a-los-hinchas-de-boca-los-quiero-no-se-dejen-llenar-la-cabeza","status":"publish","type":"post","link":"https:\/\/fmamiga909.com.ar\/?p=20775","title":{"rendered":"El mensaje de Riquelme a los hinchas de Boca: &quot;Los quiero&#8230; no se dejen llenar la cabeza&quot;"},"content":{"rendered":"<div><!-- Body --><\/p>\n<p><span>En el marco del 75\u00b0 Congreso de la FIFA, el presidente de Boca, Juan Rom\u00e1n Riquelme reapareci\u00f3 p\u00fablicamente desde Paraguay y le dej\u00f3 un mensaje a los hinchas en medio de la crisis institucional que atraviesa el Xeneize.<\/span><\/p>\n<p>El ex jugador fue claro con el consejo que les dio a los simpatizantes xeneizes: \u00abLos quiero\u2026 los quiero y los quiero mucho. Que disfruten y no se dejen llenar la cabeza, nada m\u00e1s\u00bb, expres\u00f3 el dirigente, a quien se lo vi\u00f3 de pantaloncito corto y camista verde, divirti\u00e9ndose dentro de una cancha de f\u00fatbol junto a otros ex futbolistas como el brasile\u00f1o Felipe Melo y los argentinos Oscar Ruggeri y Juan Pablo Sorin; otro que se sum\u00f3 a picado fue el presidente de la AFA, Claudio \u00abChiqui\u00bb Tapia.<\/p>\n<p>Luego de hacer uno de los goles, Riquelme se acerc\u00f3 a la prensa con la gente de la FIFA para hablar del Mundial de Clubes, y sobre el final de la charla, cuando el periodista Fernando Czyz, de DSports, lo invit\u00f3 a dejarle un mensaje a los hinchas, el dirigente solt\u00f3 su mensaje, en respuesta a las cr\u00edticas recibidas en La Bombonera por parte de los hinchas con respecto al flojo rendimiento del equipo, que incluyeron cantitos contra \u00abla Comisi\u00f3n\u00bb y tambi\u00e9n pidiendo \u00abque se vayan todos\u00bb.\u00a0<\/p>\n<h2>Herr\u00f3n quiere jugar con dos nueves<\/h2>\n<p>En cuanto a lo futbol\u00edstico, mientras Riquelme busca entrenador a falta de un mes para el inicio del Mundial de Clubes, Boca enfrentar\u00e1 a Independiente el pr\u00f3ximo lunes por los cuartos de final del Torneo Apertura de la Liga Profesional y el t\u00e9cnico interino Mariano Herron estar\u00eda pensando volver a poner dos centrodelanteros dentro del once inicial. El goleador Milton Gim\u00e9nez, recuperado de un esguince en el tobillo derecho, tiene altas chances de ser titular y acompa\u00f1ar\u00eda en la dupla de ataque el uruguayo Miguel Merentiel.<\/p>\n<p>Gim\u00e9nez ingres\u00f3 en el segundo tiempo del partido que Boca le gan\u00f3 a Lan\u00fas por penales 4-2, y este mi\u00e9rcoles se entren\u00f3 normalmente y ser\u00eda el reemplazante del chileno Carlos Palacios o de Alan Velasco, ya que ambos no conformaron a Herr\u00f3n en el \u00faltimo partido.<\/p>\n<div class=\"medium-insert-embeds\">\n<figure>\n<div class=\"medium-insert-embed\">\n<div align=\"center\">\n<figure role=\"group\" class=\"caption caption-drupal-entity\"><figcaption>Milton Gim\u00e9nez con chances de ingresar al once titular y compartir ataque con Merentiel.<\/figcaption><\/figure>\n<\/div><\/div>\n<\/figure>\n<\/div>\n<p>Por otra parte, el uruguayo Edinson Cavani podr\u00eda ir al banco de suplentes en el decisivo cotejo, aunque trabaj\u00f3 a la par de sus compa\u00f1eros, todav\u00eda le falta afianzarse f\u00edsicamente. Adem\u00e1s, el que se sum\u00f3 al grupo fue el espa\u00f1ol Ander Herrera, que tuvo un desgarro en el isquiotibial derecho, pero ya est\u00e1 pleno f\u00edsicamente e ingresar\u00eda en el mediocampo \u00abXeneize\u00bb, aunque todav\u00eda es una inc\u00f3gnita a qui\u00e9n reemplazar\u00e1, ya que no conform\u00f3 la actuaci\u00f3n de Tom\u00e1s Belmonte.<\/p>\n<p>De cara al cl\u00e1sico frente a Independiente, Boca formar\u00eda con: Agust\u00edn Marches\u00edn, Lucas Blondel, Rodrigo Battaglia, Marcos Rojo, Lautaro Blanco; Ander Herrera o Tom\u00e1s Belmonte, Milton Delgado, Kevin Zen\u00f3n, Alan Velasco; Milton Gim\u00e9nez y Miguel Merentiel.<\/p>\n<p><!-- Live Blog Post --><\/div>\n<p><a href=\"https:\/\/www.pagina12.com.ar\/825675-el-mensaje-de-riquelme-a-los-hinchas-de-boca-los-quiero-no-s\">source<\/a><\/p>\n","protected":false},"excerpt":{"rendered":"<p>En el marco del 75\u00b0 Congreso de la FIFA, el presidente de Boca, Juan Rom\u00e1n&#8230;<\/p>\n","protected":false},"author":3,"featured_media":20776,"comment_status":"closed","ping_status":"closed","sticky":false,"template":"","format":"standard","meta":{"footnotes":""},"categories":[21],"tags":[],"class_list":["post-20775","post","type-post","status-publish","format-standard","has-post-thumbnail","hentry","category-deportes"],"featured_image_urls":{"full":["https:\/\/fmamiga909.com.ar\/wp-content\/uploads\/2025\/05\/wp-header-logo-151.png",960,540,false],"thumbnail":["https:\/\/fmamiga909.com.ar\/wp-content\/uploads\/2025\/05\/wp-header-logo-151-150x150.png",150,150,true],"medium":["https:\/\/fmamiga909.com.ar\/wp-content\/uploads\/2025\/05\/wp-header-logo-151-300x169.png",300,169,true],"medium_large":["https:\/\/fmamiga909.com.ar\/wp-content\/uploads\/2025\/05\/wp-header-logo-151.png",960,540,false],"large":["https:\/\/fmamiga909.com.ar\/wp-content\/uploads\/2025\/05\/wp-header-logo-151.png",640,360,false],"1536x1536":["https:\/\/fmamiga909.com.ar\/wp-content\/uploads\/2025\/05\/wp-header-logo-151.png",960,540,false],"2048x2048":["https:\/\/fmamiga909.com.ar\/wp-content\/uploads\/2025\/05\/wp-header-logo-151.png",960,540,false],"newsium-slider-full":["https:\/\/fmamiga909.com.ar\/wp-content\/uploads\/2025\/05\/wp-header-logo-151.png",960,540,false],"newsium-featured":["https:\/\/fmamiga909.com.ar\/wp-content\/uploads\/2025\/05\/wp-header-logo-151.png",960,540,false],"newsium-medium":["https:\/\/fmamiga909.com.ar\/wp-content\/uploads\/2025\/05\/wp-header-logo-151-720x475.png",720,475,true]},"author_info":{"display_name":"Fredy Giuliano","author_link":"https:\/\/fmamiga909.com.ar\/?author=3"},"category_info":"<a href=\"https:\/\/fmamiga909.com.ar\/?cat=21\" rel=\"category\">Deportes<\/a>","tag_info":"Deportes","comment_count":"0","_links":{"self":[{"href":"https:\/\/fmamiga909.com.ar\/index.php?rest_route=\/wp\/v2\/posts\/20775","targetHints":{"allow":["GET"]}}],"collection":[{"href":"https:\/\/fmamiga909.com.ar\/index.php?rest_route=\/wp\/v2\/posts"}],"about":[{"href":"https:\/\/fmamiga909.com.ar\/index.php?rest_route=\/wp\/v2\/types\/post"}],"author":[{"embeddable":true,"href":"https:\/\/fmamiga909.com.ar\/index.php?rest_route=\/wp\/v2\/users\/3"}],"replies":[{"embeddable":true,"href":"https:\/\/fmamiga909.com.ar\/index.php?rest_route=%2Fwp%2Fv2%2Fcomments&post=20775"}],"version-history":[{"count":0,"href":"https:\/\/fmamiga909.com.ar\/index.php?rest_route=\/wp\/v2\/posts\/20775\/revisions"}],"wp:featuredmedia":[{"embeddable":true,"href":"https:\/\/fmamiga909.com.ar\/index.php?rest_route=\/wp\/v2\/media\/20776"}],"wp:attachment":[{"href":"https:\/\/fmamiga909.com.ar\/index.php?rest_route=%2Fwp%2Fv2%2Fmedia&parent=20775"}],"wp:term":[{"taxonomy":"category","embeddable":true,"href":"https:\/\/fmamiga909.com.ar\/index.php?rest_route=%2Fwp%2Fv2%2Fcategories&post=20775"},{"taxonomy":"post_tag","embeddable":true,"href":"https:\/\/fmamiga909.com.ar\/index.php?rest_route=%2Fwp%2Fv2%2Ftags&post=20775"}],"curies":[{"name":"wp","href":"https:\/\/api.w.org\/{rel}","templated":true}]}}