{"id":20787,"date":"2025-05-15T12:18:38","date_gmt":"2025-05-15T12:18:38","guid":{"rendered":"https:\/\/fmamiga909.com.ar\/?p=20787"},"modified":"2025-05-15T12:18:38","modified_gmt":"2025-05-15T12:18:38","slug":"franco-colapinto-vuelve-a-la-formula-1-en-el-gp-de-emilia-romana-dias-horarios-y-donde-ver","status":"publish","type":"post","link":"https:\/\/fmamiga909.com.ar\/?p=20787","title":{"rendered":"Franco Colapinto vuelve a la F\u00f3rmula 1 en el GP de Emilia-Roma\u00f1a: d\u00edas, horarios y d\u00f3nde ver"},"content":{"rendered":"<div><!-- Body --><\/p>\n<p><b>Franco Colapinto<\/b> volver\u00e1 este fin de semana a competir en la\u00a0<b>F\u00f3rmula 1\u00a0<\/b>en el <b\/><a href=\"https:\/\/www.pagina12.com.ar\/823718-como-es-el-gp-de-emilia-romana-de-formula-1-en-imola-donde-c\"><b>Gran Premio de Emilia-Roma\u00f1a<\/b> que se disputa en <b>Imola<\/b><\/a><b\/>. Lo har\u00e1 como piloto titular de la\u00a0 escuder\u00eda <b>Alpine.\u00a0<\/b>\u00bfD\u00f3nde verlo en vivo online y por TV?\u00a0<\/p>\n<h3\/>\n<h3\/>\n<h3\/>\n<h2>A qu\u00e9 hora habla Colapinto en la conferencia de prensa de la F1<\/h2>\n<p><strong>Colapinto\u00a0<\/strong>dar\u00e1 este <strong>jueves<\/strong> su <strong>primera conferencia de prensa oficial de la FIA en la temporada 2025 de <\/strong><strong>F\u00f3rmula 1<\/strong>, en la antesala del <strong>Gran Premio de Emilia-Roma\u00f1a<\/strong>.<\/p>\n<p>La rueda de prensa se celebrar\u00e1 a las <strong>9:30 de la ma\u00f1ana<\/strong> (hora argentina) y contar\u00e1 con la presencia del pilarense junto al canadiense <strong>Lance Stroll<\/strong> (Aston Martin) y el australiano <strong>Oscar Piastri<\/strong> (McLaren).<\/p>\n<p>Este ser\u00e1 el primer gran evento en el que participar\u00e1 Colapinto en la previa de un Gran Premio desde que se confirm\u00f3 su ascenso como piloto principal del equipo Alpine en reemplazo del australiano <strong>Jack Doohan<\/strong>.<\/p>\n<h2>D\u00f3nde ver a Colapinto en el GP de Emilia-Roma\u00f1a de F1 en vivo online y por TV<\/h2>\n<p>El<b> GP de Emilia-Roma\u00f1a<\/b> en Imola solo se podr\u00e1 ver en vivo a trav\u00e9s de <b>Disney+ Premium<\/b>. <b>Fox Sports<\/b> televisar\u00e1 en diferido el evento. Otra opci\u00f3n es <a href=\"https:\/\/www.formula1.com\/es-ar\/subscribe-to-f1-tv\" target=\"_blank\"><b>F1 TV<\/b>, el canal oficial de la F\u00f3rmula 1<\/a>, que tiene un costo de 70 d\u00f3lares anuales en su versi\u00f3n b\u00e1sica y de 105 de la misma moneda en la Premium.<\/p>\n<h2>Cronograma con d\u00edas y horarios para el GP de Emilia-Roma\u00f1a de F\u00f3rmula 1<\/h2>\n<h3>Viernes 16<\/h3>\n<ul>\n<li>08:30 | Pr\u00e1ctica libre 1\u00a0<\/li>\n<li>12:00 | Pr\u00e1ctica libre 2\u00a0<\/li>\n<\/ul>\n<div>\n<h3>S\u00e1bado 17<\/h3>\n<ul>\n<li>07:30 | Pr\u00e1ctica libre 1 <\/li>\n<li>12:00 | Pr\u00e1ctica libre 2<\/li>\n<\/ul>\n<h3>Domingo 18\u00a0<\/h3>\n<\/div>\n<h2>\u00bfC\u00f3mo es el Aut\u00f3dromo Internazionale Enzo e Dino Ferrari?\u00a0<\/h2>\n<p>La piedra fundamental de Imola \u2014o Aut\u00f3dromo Internazionale Enzo e Dino Ferrari, como se le conoce desde 1988\u2014 se coloc\u00f3 en marzo de 1950. Estuvo listo para las pruebas en octubre de 1952, mientras que las carreras comenzaron en el circuito en 1953.<\/p>\n<p>Imola alberg\u00f3 por primera vez una carrera de F\u00f3rmula 1 no puntuable en 1963, pero tras gestiones pol\u00edticas con Monza \u2014el otro GP que se desarrolla en Italia\u2014 en 1980 la pista recibi\u00f3 el honor de ser la sede del GP de Italia. A partir de 1981 ambos circuitos colaboraron y convivieron en armon\u00eda. All\u00ed Imola adopt\u00f3 el famoso t\u00edtulo de \u00abSan Marino\u00bb y organiz\u00f3 27 Grandes Premios hasta 2006.  El circuito volvi\u00f3 al calendario en 2020, ya como sede del vigente <b>Gran Premio de Emilia-Roma\u00f1a<\/b>.<\/p>\n<div class=\"iframely-embed medium-embedded-content\" data-html=\"Jmx0O2RpdiZndDsmbHQ7ZGl2IHN0eWxlPSJsZWZ0OiAwOyB3aWR0aDogMTAwJTsgaGVpZ2h0OiAwOyBwb3NpdGlvbjogcmVsYXRpdmU7IHBhZGRpbmctYm90dG9tOiA1Ni40NTgzJTsiJmd0OyZsdDtpZnJhbWUgc3JjPSJodHRwczovL2lmcmFtZWx5LnBhZ2luYTEyLmNvbS5hci9hcGkvaWZyYW1lP2NsaWNrX3RvX3BsYXk9MSZhbXA7dXJsPWh0dHBzJTNBJTJGJTJGZ2VvLmRhaWx5bW90aW9uLmNvbSUyRnBsYXllciUyRnh0NWVlLmh0bWwlM0Z2aWRlbyUzRHg5ajRha3MmYW1wO2tleT00Njc2YjVmZGMwODMyNTdlYTg3ZjcxNjA4Yzc0ZTlmZSIgc3R5bGU9InRvcDogMDsgbGVmdDogMDsgd2lkdGg6IDEwMCU7IGhlaWdodDogMTAwJTsgcG9zaXRpb246IGFic29sdXRlOyBib3JkZXI6IDA7IiBhbGxvd2Z1bGxzY3JlZW4gc2Nyb2xsaW5nPSJubyIgYWxsb3c9ImVuY3J5cHRlZC1tZWRpYSAqOyImZ3Q7Jmx0Oy9pZnJhbWUmZ3Q7Jmx0Oy9kaXYmZ3Q7Jmx0Oy9kaXYmZ3Q7Jmx0O2RpdiBjbGFzcz0ibWVkaXVtLWluc2VydC1lbWJlZHMtbWV0YSImZ3Q7Jmx0O3NjcmlwdCB0eXBlPSJ0ZXh0L2pzb24iJmd0O3sidXJsIjoiaHR0cHM6Ly9nZW8uZGFpbHltb3Rpb24uY29tL3BsYXllci94dDVlZS5odG1sP3ZpZGVvPXg5ajRha3MiLCJ0eXBlIjoidmlkZW8iLCJ2ZXJzaW9uIjoiMS4wIiwidGl0bGUiOiJNZWpvcmVzIE1vbWVudG9zIHwgR3JhbiBQcmVtaW8gZGUgRW1pbGlhIFJvbWFnbmEgMjAyNCIsImF1dGhvciI6IlDDoWdpbmExMiIsImF1dGhvcl91cmwiOiJodHRwczovL3d3dy5kYWlseW1vdGlvbi5jb20vUGFnaW5hMTIiLCJwcm92aWRlcl9uYW1lIjoiRGFpbHltb3Rpb24iLCJkZXNjcmlwdGlvbiI6IlZlciBNZWpvcmVzIE1vbWVudG9zIHwgR3JhbiBQcmVtaW8gZGUgRW1pbGlhIFJvbWFnbmEgMjAyNCAtIFDDoWdpbmExMiBlbiBEYWlseW1vdGlvbiIsInRodW1ibmFpbF91cmwiOiJodHRwczovL3MxLmRtY2RuLm5ldC92L1lNU01DMWU2dWNEcnp6Z1V6L3g3MjAiLCJ0aHVtYm5haWxfd2lkdGgiOjEyODAsInRodW1ibmFpbF9oZWlnaHQiOjcyMCwiY2FjaGVfYWdlIjo4NjQwMH0mbHQ7L3NjcmlwdCZndDsmbHQ7L2RpdiZndDs=\">\n                <a data-iframely-url=\"\" href=\"https:\/\/geo.dailymotion.com\/player\/xt5ee.html?video=x9j4aks\">https:\/\/geo.dailymotion.com\/player\/xt5ee.html?video=x9j4aks<\/a>\n              <\/div>\n<p>En cuanto a las caracter\u00edsticas del circuito,<b> Pierre Gasly, compa\u00f1ero de Colapinto, calific\u00f3 la experiencia como como una de las mejores que hab\u00eda tenido en un coche de F\u00f3rmula 1<\/b>. Su entonces compa\u00f1ero de equipo, Daniil Kvyat, coment\u00f3 que \u201crealmente te llena de adrenalina\u201d al destacar curvas como Acque Minerali, tan r\u00e1pida como incre\u00edble.<\/p>\n<p>Originalmente era un circuito muy recto, pero poco a poco se fue dotando de curvas artificiales. Sin embargo, segu\u00eda siendo uno de los m\u00e1s peligrosos. La curva Tamburello era cr\u00edtica, ya que era muy r\u00e1pida al entrar y ten\u00eda una superficie irregular. Nelson Piquet y Gerhard Berger sufrieron accidentes en esta curva.<\/p>\n<p><b>En 1994, sin embargo, Imola fue testigo de uno de los fines de semana m\u00e1s negros de la historia de la F\u00f3rmula 1<\/b>. Rubens Barrichello se estrell\u00f3 el viernes, pero s\u00f3lo sufri\u00f3 heridas leves. El s\u00e1bado, <b>Roland Ratzenberger<\/b> perdi\u00f3 la vida en la curva Villeneuve. Pero lo m\u00e1s terrible lleg\u00f3 el domingo. Fue en la curva Tamburello donde <b>muri\u00f3 el legendario<\/b> <b>Ayrton Senna<\/b>. El tr\u00e1gico evento culminar\u00eda despu\u00e9s con varios heridos leves entre los espectadores que fueron alcanzados por los escombros tras una colisi\u00f3n al inicio de la carrera.<\/p>\n<p>El circuito, que se corre en sentido antihorario, es sin dudas r\u00e1pido y conserva una esencia a la vieja escuela, donde los pilotos se juegan el todo por el todo en curvas ic\u00f3nicas. <b>Una vuelta a la pista con 4,9 kil\u00f3metros y en el GP de Emilia-Roma\u00f1a se corren 63 vueltas, por lo que la distancia total del recorrido es de 309.049 kil\u00f3metros<\/b>. El r\u00e9cord de la  vuelta m\u00e1s r\u00e1pida es del brit\u00e1nico <b>Lewis Hamilton<\/b>, que en 2020 la hizo en 1:15:484.<\/p>\n<p>La F1 no es el \u00fanico gran acontecimiento que alberga Imola. Tambi\u00e9n fue escenario del Campeonato del Mundo de Motociclismo de Carretera, el Campeonato del Mundo de Superbikes e incluso el Campeonato del Mundo de Motocross. Actualmente, tambi\u00e9n se celebran all\u00ed las series European Le Mans.<\/p>\n<p>La pista est\u00e1 ubicada en una zona espectacular: al sur, las colinas de la Toscana; al este, las playas del Adri\u00e1tico; y al oeste, las delicias gastron\u00f3micas de ciudades como Bolonia, Parma y M\u00f3dena, sin olvidar el santuario de la F1 que es la sede de Ferrari en la cercana Maranello.\u00a0<\/p>\n<p>Segu\u00ed leyendo:<\/p>\n<h3\/><!-- Live Blog Post --><\/div>\n<p><a href=\"https:\/\/www.pagina12.com.ar\/825275-la-agenda-de-franco-colapinto-en-el-gp-de-emilia-romana-de-f\">source<\/a><\/p>\n","protected":false},"excerpt":{"rendered":"<p>Franco Colapinto volver\u00e1 este fin de semana a competir en la\u00a0F\u00f3rmula 1\u00a0en el Gran Premio&#8230;<\/p>\n","protected":false},"author":3,"featured_media":20788,"comment_status":"closed","ping_status":"closed","sticky":false,"template":"","format":"standard","meta":{"footnotes":""},"categories":[21],"tags":[],"class_list":["post-20787","post","type-post","status-publish","format-standard","has-post-thumbnail","hentry","category-deportes"],"featured_image_urls":{"full":["https:\/\/fmamiga909.com.ar\/wp-content\/uploads\/2025\/05\/wp-header-logo-157.png",960,540,false],"thumbnail":["https:\/\/fmamiga909.com.ar\/wp-content\/uploads\/2025\/05\/wp-header-logo-157-150x150.png",150,150,true],"medium":["https:\/\/fmamiga909.com.ar\/wp-content\/uploads\/2025\/05\/wp-header-logo-157-300x169.png",300,169,true],"medium_large":["https:\/\/fmamiga909.com.ar\/wp-content\/uploads\/2025\/05\/wp-header-logo-157.png",960,540,false],"large":["https:\/\/fmamiga909.com.ar\/wp-content\/uploads\/2025\/05\/wp-header-logo-157.png",640,360,false],"1536x1536":["https:\/\/fmamiga909.com.ar\/wp-content\/uploads\/2025\/05\/wp-header-logo-157.png",960,540,false],"2048x2048":["https:\/\/fmamiga909.com.ar\/wp-content\/uploads\/2025\/05\/wp-header-logo-157.png",960,540,false],"newsium-slider-full":["https:\/\/fmamiga909.com.ar\/wp-content\/uploads\/2025\/05\/wp-header-logo-157.png",960,540,false],"newsium-featured":["https:\/\/fmamiga909.com.ar\/wp-content\/uploads\/2025\/05\/wp-header-logo-157.png",960,540,false],"newsium-medium":["https:\/\/fmamiga909.com.ar\/wp-content\/uploads\/2025\/05\/wp-header-logo-157-720x475.png",720,475,true]},"author_info":{"display_name":"Fredy Giuliano","author_link":"https:\/\/fmamiga909.com.ar\/?author=3"},"category_info":"<a href=\"https:\/\/fmamiga909.com.ar\/?cat=21\" rel=\"category\">Deportes<\/a>","tag_info":"Deportes","comment_count":"0","_links":{"self":[{"href":"https:\/\/fmamiga909.com.ar\/index.php?rest_route=\/wp\/v2\/posts\/20787","targetHints":{"allow":["GET"]}}],"collection":[{"href":"https:\/\/fmamiga909.com.ar\/index.php?rest_route=\/wp\/v2\/posts"}],"about":[{"href":"https:\/\/fmamiga909.com.ar\/index.php?rest_route=\/wp\/v2\/types\/post"}],"author":[{"embeddable":true,"href":"https:\/\/fmamiga909.com.ar\/index.php?rest_route=\/wp\/v2\/users\/3"}],"replies":[{"embeddable":true,"href":"https:\/\/fmamiga909.com.ar\/index.php?rest_route=%2Fwp%2Fv2%2Fcomments&post=20787"}],"version-history":[{"count":0,"href":"https:\/\/fmamiga909.com.ar\/index.php?rest_route=\/wp\/v2\/posts\/20787\/revisions"}],"wp:featuredmedia":[{"embeddable":true,"href":"https:\/\/fmamiga909.com.ar\/index.php?rest_route=\/wp\/v2\/media\/20788"}],"wp:attachment":[{"href":"https:\/\/fmamiga909.com.ar\/index.php?rest_route=%2Fwp%2Fv2%2Fmedia&parent=20787"}],"wp:term":[{"taxonomy":"category","embeddable":true,"href":"https:\/\/fmamiga909.com.ar\/index.php?rest_route=%2Fwp%2Fv2%2Fcategories&post=20787"},{"taxonomy":"post_tag","embeddable":true,"href":"https:\/\/fmamiga909.com.ar\/index.php?rest_route=%2Fwp%2Fv2%2Ftags&post=20787"}],"curies":[{"name":"wp","href":"https:\/\/api.w.org\/{rel}","templated":true}]}}