{"id":20807,"date":"2025-05-16T12:47:27","date_gmt":"2025-05-16T12:47:27","guid":{"rendered":"https:\/\/fmamiga909.com.ar\/?p=20807"},"modified":"2025-05-16T12:47:27","modified_gmt":"2025-05-16T12:47:27","slug":"franco-colapinto-en-imola-practicas-libres-1-y-2","status":"publish","type":"post","link":"https:\/\/fmamiga909.com.ar\/?p=20807","title":{"rendered":"Franco Colapinto en Imola: pr\u00e1cticas libres 1 y 2"},"content":{"rendered":"<div id=\"post-0944\">\n<div class=\"col 2-col\">\n<h2>Todos los resultados de la primera pr\u00e1ctica<\/h2>\n<p>La primera\u00a0pr\u00e1ctica libre en el GP de Imola finaliz\u00f3 con Oscar Piastri, de McLaren, en el primer puesto, con un tiempo de 1:16.545. Detr\u00e1s, se ubic\u00f3 su compa\u00f1ero de escuder\u00eda Lando Norris (+0.032). Mientras que en la tercera posici\u00f3n qued\u00f3 Williams con Carlos Sainz.\u00a0<\/p>\n<p>As\u00ed quedaron los siguientes puestos:\u00a0 George Russell (4 ), Lewis Hamilton (5 ), Pierre Gasly (6 ), Max Verstappen (7 ), Alex Albon (8 ), Gabriel Bortoleto (9 y Nico Hulkenberg (10). Colapinto qued\u00f3 en el puesto 17.<\/p>\n<\/div>\n<\/div>\n<div id=\"post-0936\">\n<div class=\"col 2-col\">\n<h2>Colapinto termin\u00f3 en el puesto 17\u00b0 en la primera prueba libre<\/h2>\n<p>En su debut con Alpine en la F\u00f3rmula 1, el piloto argentino Franco Colapinto termin\u00f3 en el puesto 17\u00a0en la primera pr\u00e1ctica del GP de Imola. Su compa\u00f1ero de escuder\u00eda, el franc\u00e9s Pierre Gasly, qued\u00f3 en la sexta posici\u00f3n.<\/p>\n<\/div>\n<\/div>\n<div id=\"post-0833\">\n<div class=\"col 2-col\">\n<h2>Colapinto, con neum\u00e1ticos medios<\/h2>\n<p>El piloto argentino sali\u00f3 a bordo de su Alpine por primera vez y lo hizo con neum\u00e1ticos amarillos, la gama media de los disponibles para esta carrera.<\/p>\n<\/div>\n<\/div>\n<div id=\"post-0832\">\n<div class=\"col 2-col\">\n<h2>Empez\u00f3 la pr\u00e1ctica 1 y sali\u00f3 Colapinto a la pista<\/h2>\n<p>El piloto argentino Franco Colapinto participa de las pr\u00e1cticas libres 1 en el Gran Premio de Emilia-Roma\u00f1a, en Imola, en su regreso a la F\u00f3rmula 1.<\/p>\n<p>   Colapinto, que corre para la escuder\u00eda francesa Alpine, reemplaza al australiano Jack Doohan, quien tuvo muy flojos resultados en los primeros cinco Grandes Premios.<\/p>\n<p>   Esta es la segunda temporada en la que Colapinto corre en la F\u00f3rmula 1, ya que en el 2024 disput\u00f3 nueve Grandes Premios con la escuder\u00eda Williams, periodo en el que pudo sumar cinco puntos debido al octavo puesto conseguido en Azerbaiy\u00e1n y al d\u00e9cimo en Estados Unidos.<\/p>\n<\/div>\n<\/div>\n<div id=\"post-0815\">\n<div class=\"col 2-col\">\n<h2>Colapinto sabe que lleg\u00f3 su hora\u00a0<\/h2>\n<p><b>La hora de Franco Colapinto lleg\u00f3.<\/b> Empieza a correr el reloj de las cinco carreras que Alpine le confirm\u00f3 al argentino para que demuestre aquello de lo que es capaz como due\u00f1o de uno de los 20 asientos del automovilismo m\u00e1s codiciados del mundo, los de la F\u00f3rmula 1.\u00a0<\/p>\n<p>La presi\u00f3n que ten\u00eda el australiano Jack Doohan recae, ahora, sobre el pilarense, quien al respecto asegur\u00f3 este jueves que posiblemente necesite m\u00e1s del tiempo del previsto para descubrir todo el potencial de su monoplaza.\u00a0<\/p>\n<p>En una aventura que tiene forma de examen para Colapinto, no solo ilusiona su desparpajo y el gran desembarco en la categor\u00eda que mostr\u00f3 el a\u00f1o pasado sino tambi\u00e9n sus palabras de confianza y felicidad.\u00a0<\/p>\n<p><b>\u00abEstoy muy emocionado. Todo es nuevo otra vez, empezamos desde cero. Estoy feliz de estar de vuelta\u00bb<\/b>, expres\u00f3 el due\u00f1o del n\u00famero 43 en su primera conferencia de este a\u00f1o como piloto titular de Alpine, durante el d\u00eda dedicado a la atenci\u00f3n al periodismo en la previa del Gran Premio de Emilia-Romagna.<\/p>\n<h3><b><a href=\"https:\/\/www.pagina12.com.ar\/825986-colapinto-sabe-que-llego-su-hora\">Le\u00e9 la nota completa<\/a><\/b><\/h3>\n<\/div>\n<\/div>\n<p><a href=\"https:\/\/www.pagina12.com.ar\/826093-franco-colapinto-en-imola-practicas-libres-1-y-2\">source<\/a><\/p>\n","protected":false},"excerpt":{"rendered":"<p>Todos los resultados de la primera pr\u00e1ctica La primera\u00a0pr\u00e1ctica libre en el GP de Imola&#8230;<\/p>\n","protected":false},"author":3,"featured_media":20808,"comment_status":"closed","ping_status":"closed","sticky":false,"template":"","format":"standard","meta":{"footnotes":""},"categories":[21],"tags":[],"class_list":["post-20807","post","type-post","status-publish","format-standard","has-post-thumbnail","hentry","category-deportes"],"featured_image_urls":{"full":["https:\/\/fmamiga909.com.ar\/wp-content\/uploads\/2025\/05\/wp-header-logo-167.png",960,540,false],"thumbnail":["https:\/\/fmamiga909.com.ar\/wp-content\/uploads\/2025\/05\/wp-header-logo-167-150x150.png",150,150,true],"medium":["https:\/\/fmamiga909.com.ar\/wp-content\/uploads\/2025\/05\/wp-header-logo-167-300x169.png",300,169,true],"medium_large":["https:\/\/fmamiga909.com.ar\/wp-content\/uploads\/2025\/05\/wp-header-logo-167.png",960,540,false],"large":["https:\/\/fmamiga909.com.ar\/wp-content\/uploads\/2025\/05\/wp-header-logo-167.png",640,360,false],"1536x1536":["https:\/\/fmamiga909.com.ar\/wp-content\/uploads\/2025\/05\/wp-header-logo-167.png",960,540,false],"2048x2048":["https:\/\/fmamiga909.com.ar\/wp-content\/uploads\/2025\/05\/wp-header-logo-167.png",960,540,false],"newsium-slider-full":["https:\/\/fmamiga909.com.ar\/wp-content\/uploads\/2025\/05\/wp-header-logo-167.png",960,540,false],"newsium-featured":["https:\/\/fmamiga909.com.ar\/wp-content\/uploads\/2025\/05\/wp-header-logo-167.png",960,540,false],"newsium-medium":["https:\/\/fmamiga909.com.ar\/wp-content\/uploads\/2025\/05\/wp-header-logo-167-720x475.png",720,475,true]},"author_info":{"display_name":"Fredy Giuliano","author_link":"https:\/\/fmamiga909.com.ar\/?author=3"},"category_info":"<a href=\"https:\/\/fmamiga909.com.ar\/?cat=21\" rel=\"category\">Deportes<\/a>","tag_info":"Deportes","comment_count":"0","_links":{"self":[{"href":"https:\/\/fmamiga909.com.ar\/index.php?rest_route=\/wp\/v2\/posts\/20807","targetHints":{"allow":["GET"]}}],"collection":[{"href":"https:\/\/fmamiga909.com.ar\/index.php?rest_route=\/wp\/v2\/posts"}],"about":[{"href":"https:\/\/fmamiga909.com.ar\/index.php?rest_route=\/wp\/v2\/types\/post"}],"author":[{"embeddable":true,"href":"https:\/\/fmamiga909.com.ar\/index.php?rest_route=\/wp\/v2\/users\/3"}],"replies":[{"embeddable":true,"href":"https:\/\/fmamiga909.com.ar\/index.php?rest_route=%2Fwp%2Fv2%2Fcomments&post=20807"}],"version-history":[{"count":0,"href":"https:\/\/fmamiga909.com.ar\/index.php?rest_route=\/wp\/v2\/posts\/20807\/revisions"}],"wp:featuredmedia":[{"embeddable":true,"href":"https:\/\/fmamiga909.com.ar\/index.php?rest_route=\/wp\/v2\/media\/20808"}],"wp:attachment":[{"href":"https:\/\/fmamiga909.com.ar\/index.php?rest_route=%2Fwp%2Fv2%2Fmedia&parent=20807"}],"wp:term":[{"taxonomy":"category","embeddable":true,"href":"https:\/\/fmamiga909.com.ar\/index.php?rest_route=%2Fwp%2Fv2%2Fcategories&post=20807"},{"taxonomy":"post_tag","embeddable":true,"href":"https:\/\/fmamiga909.com.ar\/index.php?rest_route=%2Fwp%2Fv2%2Ftags&post=20807"}],"curies":[{"name":"wp","href":"https:\/\/api.w.org\/{rel}","templated":true}]}}