{"id":20809,"date":"2025-05-16T13:19:26","date_gmt":"2025-05-16T13:19:26","guid":{"rendered":"https:\/\/fmamiga909.com.ar\/?p=20809"},"modified":"2025-05-16T13:19:26","modified_gmt":"2025-05-16T13:19:26","slug":"como-le-fue-a-colapinto-en-la-practica-libre-1-de-imola-de-formula-1-y-a-que-hora-es-la-2","status":"publish","type":"post","link":"https:\/\/fmamiga909.com.ar\/?p=20809","title":{"rendered":"\u00bfC\u00f3mo le fue a Colapinto en la Pr\u00e1ctica libre 1 de Imola de F\u00f3rmula 1 y a qu\u00e9 hora es la 2?"},"content":{"rendered":"<div id=\"post-0936\">\n<div class=\"col 2-col\">\n<h2>Colapinto termin\u00f3 en el puesto 17\u00b0 en la primera prueba libre<\/h2>\n<p>En su debut con Alpine en la F\u00f3rmula 1, el piloto argentino Franco Colapinto termin\u00f3 en el puesto 17\u00a0en la primera pr\u00e1ctica del GP de Imola. Su compa\u00f1ero de escuder\u00eda, el franc\u00e9s Pierre Gasly, qued\u00f3 en la sexta posici\u00f3n.<\/p>\n<\/div>\n<\/div>\n<div id=\"post-1010\">\n<div class=\"col 2-col\">\n<h2>\u00bfA qu\u00e9 hora es la pr\u00e1ctica libre 2?<\/h2>\n<p>Entre las 12 y las 13, se llevar\u00e1n a cabo las segundas pr\u00e1cticas libres en el circuito de Imola, donde los pilotos seguir\u00e1n preparando en el mejor estado posible sus monoplazas.<\/p>\n<\/div>\n<\/div>\n<div id=\"post-1007\">\n<div class=\"col 2-col\">\n<h2>C\u00f3mo est\u00e1 la pelea por el campeonato de la F\u00f3rmula 1\u00a0<\/h2>\n<p>El l\u00edder del campeonato es el australiano de McLaren, Oscar Piastri, que tiene 131 puntos producto de los cuatro triunfos que consigui\u00f3 este a\u00f1o (China, Bahr\u00e9in, Arabia Saudita y Miami).<\/p>\n<p>   En la segunda posici\u00f3n aparece su compa\u00f1ero de equipo, el brit\u00e1nico Lando Norris, con 115 puntos, mientras que tercero est\u00e1 el neerland\u00e9s y cuatro veces campe\u00f3n del mundo, Max Verstappen (Red Bull), que pese a tener un auto muy inferior se mantiene medianamente cerca con 99 unidades.<br \/>.<\/p>\n<\/div>\n<\/div>\n<div id=\"post-0944\">\n<div class=\"col 2-col\">\n<h2>Todos los resultados de la primera pr\u00e1ctica<\/h2>\n<p>La primera\u00a0pr\u00e1ctica libre en el GP de Imola finaliz\u00f3 con Oscar Piastri, de McLaren, en el primer puesto, con un tiempo de 1:16.545. Detr\u00e1s, se ubic\u00f3 su compa\u00f1ero de escuder\u00eda Lando Norris (+0.032). Mientras que en la tercera posici\u00f3n qued\u00f3 Williams con Carlos Sainz.\u00a0<\/p>\n<p>As\u00ed quedaron los siguientes puestos:\u00a0 George Russell (4 ), Lewis Hamilton (5 ), Pierre Gasly (6 ), Max Verstappen (7 ), Alex Albon (8 ), Gabriel Bortoleto (9 y Nico Hulkenberg (10). Colapinto qued\u00f3 en el puesto 17.<\/p>\n<\/div>\n<\/div>\n<div id=\"post-0833\">\n<div class=\"col 2-col\">\n<h2>Colapinto, con neum\u00e1ticos medios<\/h2>\n<p>El piloto argentino sali\u00f3 a bordo de su Alpine por primera vez y lo hizo con neum\u00e1ticos amarillos, la gama media de los disponibles para esta carrera.<\/p>\n<\/div>\n<\/div>\n<div id=\"post-0832\">\n<div class=\"col 2-col\">\n<h2>Empez\u00f3 la pr\u00e1ctica 1 y sali\u00f3 Colapinto a la pista<\/h2>\n<p>El piloto argentino Franco Colapinto participa de las pr\u00e1cticas libres 1 en el Gran Premio de Emilia-Roma\u00f1a, en Imola, en su regreso a la F\u00f3rmula 1.<\/p>\n<p>   Colapinto, que corre para la escuder\u00eda francesa Alpine, reemplaza al australiano Jack Doohan, quien tuvo muy flojos resultados en los primeros cinco Grandes Premios.<\/p>\n<p>   Esta es la segunda temporada en la que Colapinto corre en la F\u00f3rmula 1, ya que en el 2024 disput\u00f3 nueve Grandes Premios con la escuder\u00eda Williams, periodo en el que pudo sumar cinco puntos debido al octavo puesto conseguido en Azerbaiy\u00e1n y al d\u00e9cimo en Estados Unidos.<\/p>\n<\/div>\n<\/div>\n<div id=\"post-0815\">\n<div class=\"col 2-col\">\n<h2>Colapinto sabe que lleg\u00f3 su hora\u00a0<\/h2>\n<p><b>La hora de Franco Colapinto lleg\u00f3.<\/b> Empieza a correr el reloj de las cinco carreras que Alpine le confirm\u00f3 al argentino para que demuestre aquello de lo que es capaz como due\u00f1o de uno de los 20 asientos del automovilismo m\u00e1s codiciados del mundo, los de la F\u00f3rmula 1.\u00a0<\/p>\n<p>La presi\u00f3n que ten\u00eda el australiano Jack Doohan recae, ahora, sobre el pilarense, quien al respecto asegur\u00f3 este jueves que posiblemente necesite m\u00e1s del tiempo del previsto para descubrir todo el potencial de su monoplaza.\u00a0<\/p>\n<p>En una aventura que tiene forma de examen para Colapinto, no solo ilusiona su desparpajo y el gran desembarco en la categor\u00eda que mostr\u00f3 el a\u00f1o pasado sino tambi\u00e9n sus palabras de confianza y felicidad.\u00a0<\/p>\n<p><b>\u00abEstoy muy emocionado. Todo es nuevo otra vez, empezamos desde cero. Estoy feliz de estar de vuelta\u00bb<\/b>, expres\u00f3 el due\u00f1o del n\u00famero 43 en su primera conferencia de este a\u00f1o como piloto titular de Alpine, durante el d\u00eda dedicado a la atenci\u00f3n al periodismo en la previa del Gran Premio de Emilia-Romagna.<\/p>\n<h3><b><a href=\"https:\/\/www.pagina12.com.ar\/825986-colapinto-sabe-que-llego-su-hora\">Le\u00e9 la nota completa<\/a><\/b><\/h3>\n<\/div>\n<\/div>\n<div id=\"post-0749\">\n<div class=\"col 2-col\">\n<h2>Colapinto: \u00abItalia es un lugar muy especial para m\u00ed\u00bb<\/h2>\n<p>El piloto argentino Franco Colapinto, sustituto del australiano Jack Doohan en la escuder\u00eda Alpine de F\u00f3rmula Uno a partir de esta semana, en el Gran Premio de Emilia-Romagna, declar\u00f3, con miras a la prueba, que se disputar\u00e1 en Imola (Italia), que est\u00e1 \u00abentusiasmado con afrontar una semana de carreras por primer vez desde diciembre\u00bb.<\/p>\n<p>\u00abEstoy muy entusiasmado con afrontar una semana de carreras por primer vez desde diciembre. Estoy muy agradecido por que se me presente esta oportunidad. Ahora tengo que ponerme al d\u00eda y demostrar lo que soy capaz de hacer en el coche\u00bb, manifest\u00f3 el piloto de Pilar (Buenos Aires), de 21 a\u00f1os, ya disput\u00f3 las \u00faltimas nueve carreras de 2024, causando una grata impresi\u00f3n y puntuando en dos de ellas -Azerbaiy\u00e1n y Estados Unidos- a bordo de un Williams.<\/p>\n<p>\u00abItalia es un lugar muy especial para m\u00ed, por una serie de motivos. Es donde hice mi debut en la F1 el a\u00f1o pasado. Y ahora voy a Imola para disputar mi primera carrera con Alpine. Tambi\u00e9n tengo unos recuerdos estupendos de haber ganado por primera vez en la F\u00f3rmula Renault all\u00e1 por 2020 en Monza; y luego, mis primeras victorias en F3 y en F2 llegaron en Imola en 2022 y en 2024\u00bb, explic\u00f3 Colapinto, que ser\u00e1 a partir de este fin de semana el nuevo compa\u00f1ero del franc\u00e9s Pierre Gasly.<\/p>\n<\/div>\n<\/div>\n<p><a href=\"https:\/\/www.pagina12.com.ar\/826093-franco-colapinto-en-imola-practicas-libres-1-y-2\">source<\/a><\/p>\n","protected":false},"excerpt":{"rendered":"<p>Colapinto termin\u00f3 en el puesto 17\u00b0 en la primera prueba libre En su debut con&#8230;<\/p>\n","protected":false},"author":3,"featured_media":20810,"comment_status":"closed","ping_status":"closed","sticky":false,"template":"","format":"standard","meta":{"footnotes":""},"categories":[21],"tags":[],"class_list":["post-20809","post","type-post","status-publish","format-standard","has-post-thumbnail","hentry","category-deportes"],"featured_image_urls":{"full":["https:\/\/fmamiga909.com.ar\/wp-content\/uploads\/2025\/05\/wp-header-logo-168.png",960,540,false],"thumbnail":["https:\/\/fmamiga909.com.ar\/wp-content\/uploads\/2025\/05\/wp-header-logo-168-150x150.png",150,150,true],"medium":["https:\/\/fmamiga909.com.ar\/wp-content\/uploads\/2025\/05\/wp-header-logo-168-300x169.png",300,169,true],"medium_large":["https:\/\/fmamiga909.com.ar\/wp-content\/uploads\/2025\/05\/wp-header-logo-168.png",960,540,false],"large":["https:\/\/fmamiga909.com.ar\/wp-content\/uploads\/2025\/05\/wp-header-logo-168.png",640,360,false],"1536x1536":["https:\/\/fmamiga909.com.ar\/wp-content\/uploads\/2025\/05\/wp-header-logo-168.png",960,540,false],"2048x2048":["https:\/\/fmamiga909.com.ar\/wp-content\/uploads\/2025\/05\/wp-header-logo-168.png",960,540,false],"newsium-slider-full":["https:\/\/fmamiga909.com.ar\/wp-content\/uploads\/2025\/05\/wp-header-logo-168.png",960,540,false],"newsium-featured":["https:\/\/fmamiga909.com.ar\/wp-content\/uploads\/2025\/05\/wp-header-logo-168.png",960,540,false],"newsium-medium":["https:\/\/fmamiga909.com.ar\/wp-content\/uploads\/2025\/05\/wp-header-logo-168-720x475.png",720,475,true]},"author_info":{"display_name":"Fredy Giuliano","author_link":"https:\/\/fmamiga909.com.ar\/?author=3"},"category_info":"<a href=\"https:\/\/fmamiga909.com.ar\/?cat=21\" rel=\"category\">Deportes<\/a>","tag_info":"Deportes","comment_count":"0","_links":{"self":[{"href":"https:\/\/fmamiga909.com.ar\/index.php?rest_route=\/wp\/v2\/posts\/20809","targetHints":{"allow":["GET"]}}],"collection":[{"href":"https:\/\/fmamiga909.com.ar\/index.php?rest_route=\/wp\/v2\/posts"}],"about":[{"href":"https:\/\/fmamiga909.com.ar\/index.php?rest_route=\/wp\/v2\/types\/post"}],"author":[{"embeddable":true,"href":"https:\/\/fmamiga909.com.ar\/index.php?rest_route=\/wp\/v2\/users\/3"}],"replies":[{"embeddable":true,"href":"https:\/\/fmamiga909.com.ar\/index.php?rest_route=%2Fwp%2Fv2%2Fcomments&post=20809"}],"version-history":[{"count":0,"href":"https:\/\/fmamiga909.com.ar\/index.php?rest_route=\/wp\/v2\/posts\/20809\/revisions"}],"wp:featuredmedia":[{"embeddable":true,"href":"https:\/\/fmamiga909.com.ar\/index.php?rest_route=\/wp\/v2\/media\/20810"}],"wp:attachment":[{"href":"https:\/\/fmamiga909.com.ar\/index.php?rest_route=%2Fwp%2Fv2%2Fmedia&parent=20809"}],"wp:term":[{"taxonomy":"category","embeddable":true,"href":"https:\/\/fmamiga909.com.ar\/index.php?rest_route=%2Fwp%2Fv2%2Fcategories&post=20809"},{"taxonomy":"post_tag","embeddable":true,"href":"https:\/\/fmamiga909.com.ar\/index.php?rest_route=%2Fwp%2Fv2%2Ftags&post=20809"}],"curies":[{"name":"wp","href":"https:\/\/api.w.org\/{rel}","templated":true}]}}