{"id":20829,"date":"2025-05-17T01:54:18","date_gmt":"2025-05-17T01:54:18","guid":{"rendered":"https:\/\/fmamiga909.com.ar\/?p=20829"},"modified":"2025-05-17T01:54:18","modified_gmt":"2025-05-17T01:54:18","slug":"como-le-fue-a-colapinto-en-las-practicas-libres-1-y-2-de-imola-en-su-regreso-a-la-formula-1","status":"publish","type":"post","link":"https:\/\/fmamiga909.com.ar\/?p=20829","title":{"rendered":"C\u00f3mo le fue a Colapinto en las pr\u00e1cticas libres 1 y 2 de Imola en su regreso a la F\u00f3rmula 1"},"content":{"rendered":"<div id=\"post-1830\">\n<div class=\"col 1-col\"><time datetime=\"\"><\/p>\n<p>18:30<\/p>\n<p>16\/05\/2025<\/p>\n<p>4 horas atr\u00e1s<\/p>\n<p><\/time><\/div>\n<div class=\"col 2-col\">\n<h2>Un arranque positivo para Colapinto y Alpine<\/h2>\n<p><b>Cuando el Rayo McQueen se concentraba con los ojos cerrados, en la previa al bullicio del paddock, y se hablaba a s\u00ed mismo para sus adentros, d\u00e1ndose confianza y focaliz\u00e1ndose en la carrera, Franco Colapinto ten\u00eda apenas dos a\u00f1os.<\/b>\u00a0<\/p>\n<p>Pero este viernes, casi 20 a\u00f1os despu\u00e9s de la aparici\u00f3n del protagonista de <i>Cars<\/i>, fue el argentino quien cerr\u00f3 los ojos delante de los focos y luces que lo alumbraban en el garage de Alpine, para visualizar, quiz\u00e1s, el circuito de Imola y sus mil variables, o tal vez s\u00f3lo para concentrarse e imaginar la velocidad, ese ente fascinante al que domar, tal como lo hac\u00eda el auto de carreras m\u00e1s famoso del estudio Pixar.\u00a0<\/p>\n<h3\/><\/div>\n<\/div>\n<div id=\"post-1800\">\n<div class=\"col 1-col\"><time datetime=\"\"><\/p>\n<p>18:00<\/p>\n<p>16\/05\/2025<\/p>\n<p>5 horas atr\u00e1s<\/p>\n<p><\/time><\/div>\n<div class=\"col 2-col\">\n<h2>\u00abBuen primer d\u00eda\u00bb: las primeras sensaciones de Colapinto tras las Pr\u00e1cticas Libres 1 y 2<\/h2>\n<p>\u00abBuen primer d\u00eda ac\u00e1 en Imola. Muy contento de volver.  Agradecido, obviamente, al equipo por la oportunidad\u00bb, declar\u00f3 Colapinto a ESPN tras finalizar sus primeras pr\u00e1cticas libres,\u00a0en su primera carrera como piloto de F\u00f3rmula 1 en Alpine despu\u00e9s de cinco meses.\u00a0<\/p>\n<p>\u00abDe a poco, dando pasitos hacia adelante. Me sent\u00ed bien, aunque todav\u00eda hay mucho por aprender y seguir entendiendo con el equipo y con el auto\u00bb, a\u00f1adi\u00f3.<\/p>\n<div class=\"iframely-embed medium-embedded-content\" data-html=\"Jmx0O2RpdiZndDsmbHQ7ZGl2IHN0eWxlPSJsZWZ0OiAwOyB3aWR0aDogMTAwJTsgaGVpZ2h0OiAwOyBwb3NpdGlvbjogcmVsYXRpdmU7IHBhZGRpbmctYm90dG9tOiA1Ni4wNDE3JTsiJmd0OyZsdDtpZnJhbWUgc3JjPSJodHRwczovL2lmcmFtZWx5LnBhZ2luYTEyLmNvbS5hci9hcGkvaWZyYW1lP2NsaWNrX3RvX3BsYXk9MSZhbXA7dXJsPWh0dHBzJTNBJTJGJTJGZ2VvLmRhaWx5bW90aW9uLmNvbSUyRnBsYXllciUyRnh0NWVlLmh0bWwlM0Z2aWRlbyUzRHg5am5hNm8mYW1wO2tleT00Njc2YjVmZGMwODMyNTdlYTg3ZjcxNjA4Yzc0ZTlmZSIgc3R5bGU9InRvcDogMDsgbGVmdDogMDsgd2lkdGg6IDEwMCU7IGhlaWdodDogMTAwJTsgcG9zaXRpb246IGFic29sdXRlOyBib3JkZXI6IDA7IiBhbGxvd2Z1bGxzY3JlZW4gc2Nyb2xsaW5nPSJubyIgYWxsb3c9ImVuY3J5cHRlZC1tZWRpYSAqOyImZ3Q7Jmx0Oy9pZnJhbWUmZ3Q7Jmx0Oy9kaXYmZ3Q7Jmx0Oy9kaXYmZ3Q7Jmx0O2RpdiBjbGFzcz0ibWVkaXVtLWluc2VydC1lbWJlZHMtbWV0YSImZ3Q7Jmx0O3NjcmlwdCB0eXBlPSJ0ZXh0L2pzb24iJmd0O3sidXJsIjoiaHR0cHM6Ly9nZW8uZGFpbHltb3Rpb24uY29tL3BsYXllci94dDVlZS5odG1sP3ZpZGVvPXg5am5hNm8iLCJ0eXBlIjoidmlkZW8iLCJ2ZXJzaW9uIjoiMS4wIiwidGl0bGUiOiJMYSBwYWxhYnJhIGRlIENvbGFwaW50byB0cmFzIGxhcyBQcsOhY3RpY2FzIExpYnJlcyAxIHkgMiIsImF1dGhvciI6IlDDoWdpbmExMiIsImF1dGhvcl91cmwiOiJodHRwczovL3d3dy5kYWlseW1vdGlvbi5jb20vUGFnaW5hMTIiLCJwcm92aWRlcl9uYW1lIjoiRGFpbHltb3Rpb24iLCJkZXNjcmlwdGlvbiI6IlZlciBMYSBwYWxhYnJhIGRlIENvbGFwaW50byB0cmFzIGxhcyBQcsOhY3RpY2FzIExpYnJlcyAxIHkgMiAtIFDDoWdpbmExMiBlbiBEYWlseW1vdGlvbiIsInRodW1ibmFpbF91cmwiOiJodHRwczovL3MxLmRtY2RuLm5ldC92L1lQcWZHMWU5dzlFZmtGbUZSL3g3MjAiLCJ0aHVtYm5haWxfd2lkdGgiOjEyODAsInRodW1ibmFpbF9oZWlnaHQiOjcyMCwiY2FjaGVfYWdlIjo4NjQwMH0mbHQ7L3NjcmlwdCZndDsmbHQ7L2RpdiZndDs=\">\n                <a data-iframely-url=\"\" href=\"https:\/\/geo.dailymotion.com\/player\/xt5ee.html?video=x9jna6o\">https:\/\/geo.dailymotion.com\/player\/xt5ee.html?video=x9jna6o<\/a>\n              <\/div>\n<\/p><\/div>\n<\/div>\n<div id=\"post-1545\">\n<div class=\"col 1-col\"><time datetime=\"\"><\/p>\n<p>15:45<\/p>\n<p>16\/05\/2025<\/p>\n<p>7 horas atr\u00e1s<\/p>\n<p><\/time><\/div>\n<div class=\"col 2-col\">\n<h2>Briatore sobre Colapinto: \u00abSi lo hace bien, ser\u00e1 piloto para siempre\u00bb<\/h2>\n<p><b>Flavio Briatore<\/b>, asesor ejecutivo de Alpine, desminti\u00f3 que la participaci\u00f3n de Colapinto como piloto titular sea temporal. <b>\u00abFranco har\u00e1 las carreras que tenga que hacer. He le\u00eddo que tendr\u00e1 cinco carreras, pero no, no hay l\u00edmite para sus carreras\u00bb<\/b>, dijo Briatore al medio\u00a0<em>Sky Sports<\/em> de Italia.<\/p>\n<p><b>\u00abTiene que ir r\u00e1pido, no chocar y sumar puntos. S\u00f3lo le pido estas tres cosas, no le pido diez. Si las hace bien, pilotar\u00e1 para siempre\u00bb<\/b>, resumi\u00f3 el empresario italiano.<\/p>\n<\/div>\n<\/div>\n<div id=\"post-1512\">\n<div class=\"col 1-col\"><time datetime=\"\"><\/p>\n<p>15:12<\/p>\n<p>16\/05\/2025<\/p>\n<p>8 horas atr\u00e1s<\/p>\n<p><\/time><\/div>\n<div class=\"col 2-col\">\n<h2>Pierre Gasly tras dar la sorpresa: \u00abEstoy muy satisfecho con el auto\u00bb<\/h2>\n<p>El franc\u00e9s <b>Pierre Gasly<\/b>, compa\u00f1ero de <b>Franco Colapinto<\/b> en <b>Alpine<\/b>, se ubic\u00f3 tercero en la Pr\u00e1ctica libre 2 con <strong>1:15.318. <\/strong>Adelante quedaron\u00a0<strong>Lando Norr<\/strong><b>is<\/b> segundo con 1:15:318 y <b>Oscar Piastri<\/b> primero con 1:15:293.<\/p>\n<p>\u201cHa sido un viernes muy, muy bueno. Desde la primera vuelta pude notar que el coche estaba mucho mejor que en Miami. Me alegra que hayamos logrado responder algunas de las inc\u00f3gnitas que ten\u00edamos despu\u00e9s de la \u00faltima carrera. Muy contento con la sensaci\u00f3n en el coche, reacciona de la manera que quiero. Realmente puedo estar al l\u00edmite y llevarlo al m\u00e1ximo, as\u00ed que es una buena sensaci\u00f3n\u00bb, destac\u00f3 Gasly.<\/p>\n<\/div>\n<\/div>\n<div id=\"post-1411\">\n<div class=\"col 1-col\"><time datetime=\"\"><\/p>\n<p>14:11<\/p>\n<p>16\/05\/2025<\/p>\n<p>9 horas atr\u00e1s<\/p>\n<p><\/time><\/div>\n<\/div>\n<p><a href=\"https:\/\/www.pagina12.com.ar\/826093-franco-colapinto-en-imola-practicas-libres-1-y-2\">source<\/a><\/p>\n","protected":false},"excerpt":{"rendered":"<p>18:30 16\/05\/2025 4 horas atr\u00e1s Un arranque positivo para Colapinto y Alpine Cuando el Rayo&#8230;<\/p>\n","protected":false},"author":3,"featured_media":20830,"comment_status":"closed","ping_status":"closed","sticky":false,"template":"","format":"standard","meta":{"footnotes":""},"categories":[21],"tags":[],"class_list":["post-20829","post","type-post","status-publish","format-standard","has-post-thumbnail","hentry","category-deportes"],"featured_image_urls":{"full":["https:\/\/fmamiga909.com.ar\/wp-content\/uploads\/2025\/05\/wp-header-logo-178.png",960,540,false],"thumbnail":["https:\/\/fmamiga909.com.ar\/wp-content\/uploads\/2025\/05\/wp-header-logo-178-150x150.png",150,150,true],"medium":["https:\/\/fmamiga909.com.ar\/wp-content\/uploads\/2025\/05\/wp-header-logo-178-300x169.png",300,169,true],"medium_large":["https:\/\/fmamiga909.com.ar\/wp-content\/uploads\/2025\/05\/wp-header-logo-178.png",960,540,false],"large":["https:\/\/fmamiga909.com.ar\/wp-content\/uploads\/2025\/05\/wp-header-logo-178.png",640,360,false],"1536x1536":["https:\/\/fmamiga909.com.ar\/wp-content\/uploads\/2025\/05\/wp-header-logo-178.png",960,540,false],"2048x2048":["https:\/\/fmamiga909.com.ar\/wp-content\/uploads\/2025\/05\/wp-header-logo-178.png",960,540,false],"newsium-slider-full":["https:\/\/fmamiga909.com.ar\/wp-content\/uploads\/2025\/05\/wp-header-logo-178.png",960,540,false],"newsium-featured":["https:\/\/fmamiga909.com.ar\/wp-content\/uploads\/2025\/05\/wp-header-logo-178.png",960,540,false],"newsium-medium":["https:\/\/fmamiga909.com.ar\/wp-content\/uploads\/2025\/05\/wp-header-logo-178-720x475.png",720,475,true]},"author_info":{"display_name":"Fredy Giuliano","author_link":"https:\/\/fmamiga909.com.ar\/?author=3"},"category_info":"<a href=\"https:\/\/fmamiga909.com.ar\/?cat=21\" rel=\"category\">Deportes<\/a>","tag_info":"Deportes","comment_count":"0","_links":{"self":[{"href":"https:\/\/fmamiga909.com.ar\/index.php?rest_route=\/wp\/v2\/posts\/20829","targetHints":{"allow":["GET"]}}],"collection":[{"href":"https:\/\/fmamiga909.com.ar\/index.php?rest_route=\/wp\/v2\/posts"}],"about":[{"href":"https:\/\/fmamiga909.com.ar\/index.php?rest_route=\/wp\/v2\/types\/post"}],"author":[{"embeddable":true,"href":"https:\/\/fmamiga909.com.ar\/index.php?rest_route=\/wp\/v2\/users\/3"}],"replies":[{"embeddable":true,"href":"https:\/\/fmamiga909.com.ar\/index.php?rest_route=%2Fwp%2Fv2%2Fcomments&post=20829"}],"version-history":[{"count":0,"href":"https:\/\/fmamiga909.com.ar\/index.php?rest_route=\/wp\/v2\/posts\/20829\/revisions"}],"wp:featuredmedia":[{"embeddable":true,"href":"https:\/\/fmamiga909.com.ar\/index.php?rest_route=\/wp\/v2\/media\/20830"}],"wp:attachment":[{"href":"https:\/\/fmamiga909.com.ar\/index.php?rest_route=%2Fwp%2Fv2%2Fmedia&parent=20829"}],"wp:term":[{"taxonomy":"category","embeddable":true,"href":"https:\/\/fmamiga909.com.ar\/index.php?rest_route=%2Fwp%2Fv2%2Fcategories&post=20829"},{"taxonomy":"post_tag","embeddable":true,"href":"https:\/\/fmamiga909.com.ar\/index.php?rest_route=%2Fwp%2Fv2%2Ftags&post=20829"}],"curies":[{"name":"wp","href":"https:\/\/api.w.org\/{rel}","templated":true}]}}