{"id":20843,"date":"2025-05-17T20:50:28","date_gmt":"2025-05-17T20:50:28","guid":{"rendered":"https:\/\/fmamiga909.com.ar\/?p=20843"},"modified":"2025-05-17T20:50:28","modified_gmt":"2025-05-17T20:50:28","slug":"borron-y-cuenta-nueva-para-colapinto-tras-una-dificil-clasificacion-en-imola","status":"publish","type":"post","link":"https:\/\/fmamiga909.com.ar\/?p=20843","title":{"rendered":"Borr\u00f3n y cuenta nueva para Colapinto tras una dif\u00edcil clasificaci\u00f3n en Imola"},"content":{"rendered":"<div><!-- Body --><\/p>\n<p><b>Definitivamente no fue el s\u00e1bado so\u00f1ado por Franco Colapinto en su regreso a la F\u00f3rmula 1 con Alpine: <\/b>el piloto argentino se hab\u00eda metido entre los mejores quince tiempos pero sobre el cierre de la primera ventana clasificatoria <b>se despist\u00f3 solo y tuvo un fuerte choque, lo que lo dej\u00f3 afuera del resto de la clasificaci\u00f3n. <\/b>Y eso no fue todo: a causa de un error en la comunicaci\u00f3n con su equipo durante la Qualy 1, <b>el pilarense fue penalizado con una posici\u00f3n de multa y largar\u00e1 en la posici\u00f3n 16 el Gran Premio de Emilia-Romagna que se disputar\u00e1 este domingo desde las 10 de nuestro pa\u00eds.<\/b> En una tanda que tuvo adem\u00e1s la sorpresa de la eliminaci\u00f3n de las Ferrari antes de llegar al \u00faltimo corte -el de los diez mejores registros- y un escalofriante accidente del japon\u00e9s Yuki Tsunoda, el l\u00edder del campeonato Oscar Piastri fue el m\u00e1s veloz del d\u00eda y conquist\u00f3 la pole position.<\/p>\n<div class=\"iframely-embed medium-embedded-content\" data-html=\"Jmx0O2Jsb2NrcXVvdGUgY2xhc3M9InR3aXR0ZXItdHdlZXQiIGRhdGEtZG50PSJ0cnVlIiBhbGlnbj0iY2VudGVyIiZndDsmbHQ7cCBsYW5nPSJlbiIgZGlyPSJsdHIiJmd0O0ZyYW5jbyBDb2xhcGludG8gc3VmZmVycyBhIGJpZyBvZmYgYXMgaGUgbWFrZXMgaGlzIEZvcm11bGEgMSBxdWFsaWZ5aW5nIHJldHVybiDwn5KUJmx0O2EgaHJlZj0iaHR0cHM6Ly90d2l0dGVyLmNvbS9oYXNodGFnL0YxP3NyYz1oYXNoJmFtcDthbXA7cmVmX3NyYz10d3NyYyU1RXRmdyImZ3Q7I0YxJmx0Oy9hJmd0OyAmbHQ7YSBocmVmPSJodHRwczovL3R3aXR0ZXIuY29tL2hhc2h0YWcvSW1vbGFHUD9zcmM9aGFzaCZhbXA7YW1wO3JlZl9zcmM9dHdzcmMlNUV0ZnciJmd0OyNJbW9sYUdQJmx0Oy9hJmd0OyAmbHQ7YSBocmVmPSJodHRwczovL3QuY28vc0FFYzFrR3JjaiImZ3Q7cGljLnR3aXR0ZXIuY29tL3NBRWMxa0dyY2ombHQ7L2EmZ3Q7Jmx0Oy9wJmd0OyZhbXA7bWRhc2g7IEZvcm11bGEgMSAoQEYxKSAmbHQ7YSBocmVmPSJodHRwczovL3R3aXR0ZXIuY29tL0YxL3N0YXR1cy8xOTIzNzUwMzI1MTc0ODA4NzAxP3JlZl9zcmM9dHdzcmMlNUV0ZnciJmd0O01heSAxNywgMjAyNSZsdDsvYSZndDsmbHQ7L2Jsb2NrcXVvdGUmZ3Q7CiZsdDtzY3JpcHQgYXN5bmMgc3JjPSJodHRwczovL3BsYXRmb3JtLnR3aXR0ZXIuY29tL3dpZGdldHMuanMiIGNoYXJzZXQ9InV0Zi04IiZndDsmbHQ7L3NjcmlwdCZndDsKCiZsdDtkaXYgY2xhc3M9Im1lZGl1bS1pbnNlcnQtZW1iZWRzLW1ldGEiJmd0OyZsdDtzY3JpcHQgdHlwZT0idGV4dC9qc29uIiZndDt7InVybCI6Imh0dHBzOi8vdHdpdHRlci5jb20vRjEvc3RhdHVzLzE5MjM3NTAzMjUxNzQ4MDg3MDEiLCJ0eXBlIjoicmljaCIsInZlcnNpb24iOiIxLjAiLCJ0aXRsZSI6IkZvcm11bGEgMSBvbiBUd2l0dGVyIC8gWCIsImF1dGhvciI6IkZvcm11bGEgMSIsImF1dGhvcl91cmwiOiJodHRwczovL3R3aXR0ZXIuY29tL0YxIiwicHJvdmlkZXJfbmFtZSI6IlR3aXR0ZXIiLCJkZXNjcmlwdGlvbiI6IkZyYW5jbyBDb2xhcGludG8gc3VmZmVycyBhIGJpZyBvZmYgYXMgaGUgbWFrZXMgaGlzIEZvcm11bGEgMSBxdWFsaWZ5aW5nIHJldHVybiDwn5KUI0YxICNJbW9sYUdQIHBpYy50d2l0dGVyLmNvbS9zQUVjMWtHcmNq4oCUIEZvcm11bGEgMSAoQEYxKSBNYXkgMTcsIDIwMjVcblxuXG4iLCJ0aHVtYm5haWxfdXJsIjoiaHR0cHM6Ly9wYnMudHdpbWcuY29tL21lZGlhL0dyS0lzMGdYc0FBcXpSUy5qcGc6bGFyZ2UiLCJ0aHVtYm5haWxfd2lkdGgiOjE5MjAsInRodW1ibmFpbF9oZWlnaHQiOjEwODAsImNhY2hlX2FnZSI6ODY0MDAsIm9wdGlvbnMiOnsiX2hpZGVfbWVkaWEiOnsibGFiZWwiOiJIaWRlIHBob3RvcywgdmlkZW9zLCBhbmQgY2FyZHMiLCJ2YWx1ZSI6ZmFsc2V9LCJfdGhlbWUiOnsidmFsdWUiOiIiLCJ2YWx1ZXMiOnsiZGFyayI6IlVzZSBkYXJrIHRoZW1lIn19LCJfbWF4d2lkdGgiOnsidmFsdWUiOiIiLCJsYWJlbCI6IkFkanVzdCB3aWR0aCIsInBsYWNlaG9sZGVyIjoiMjIwLTU1MCwgaW4gcHgifX19Jmx0Oy9zY3JpcHQmZ3Q7Jmx0Oy9kaXYmZ3Q7\">\n                <a data-iframely-url=\"\" href=\"https:\/\/twitter.com\/F1\/status\/1923750325174808701\">https:\/\/twitter.com\/F1\/status\/1923750325174808701<\/a>\n              <\/div>\n<p><b>\u201cEstoy muy triste\u201d<\/b>, fueron las primeras palabras del pilarense en di\u00e1logo con la prensa tras el accidente, cuando a\u00fan estaba vibrando la \u00faltima tanda de la clasificaci\u00f3n. \u201cCreo que ten\u00edamos potencial para llegar a Q3. Me estaba acercando a Pierre (Gasly) m\u00e1s y m\u00e1s, pero en una vuelta de Q1 en la que estaba adapt\u00e1ndome a la velocidad del auto y ten\u00eda mucho para mejorar es una pena terminar as\u00ed. El equipo ahora tiene mucho trabajo. <b>Estoy seguro de que vamos a remontar ma\u00f1ana (por el domingo). Con m\u00e1rgenes tan chiquitos, es muy costoso un error\u201d<\/b>, asegur\u00f3 Colapinto, cuyo mejor tiempo de clasificaci\u00f3n termin\u00f3 siendo 1m16s256. Adem\u00e1s, se refiri\u00f3 a la adaptaci\u00f3n que est\u00e1 llevando adelante con el A525: \u201cEs un auto muy diferente a lo que estaba acostumbrado. Me llev\u00f3 un poquito de tiempo llegar al l\u00edmite, pero como les cost\u00f3 a todos los que cambiaron de equipo. A Carlos (Sainz) y (Lewis) Hamilton tambi\u00e9n\u201c.<\/p>\n<h2>Accidentes que no fueron tragedias<\/h2>\n<p>En una jornada que no fue tr\u00e1gica para la F\u00f3rmula 1 gracias a las mejoras en seguridad que vienen implement\u00e1ndose en los \u00faltimos tiempos, tanto el accidente de Colapinto como el de Tsunoda se produjeron en lugares del circuito que hab\u00edan sido fatales para otros pilotos en la fat\u00eddica edici\u00f3n del Gran Premio que tuvo lugar en Imola en 1994. <b>El argentino perdi\u00f3 el control del auto saliendo de la curva Tamburello, a metros de donde se accident\u00f3 mortalmente el hist\u00f3rico Ayrton Senna.<\/b> Y lo mismo ocurri\u00f3 con el japon\u00e9s, que se despist\u00f3, volc\u00f3 y gir\u00f3 en el aire durante la curva Gilles Villeneuve del trazado, la n\u00famero cuatro, aquella en la que un d\u00eda antes de la muerte del brasile\u00f1o se hab\u00eda accidentado tambi\u00e9n fatalmente el piloto austr\u00edaco Roland Ratzenberger. <b>El Alpine 43 se dio de frente contra la barrera de protecci\u00f3n en la mencionada altura del trazado, rompiendo la parte delantera del monoplaza de Colapinto<\/b>, pero el vuelco del hombre de Red Bull realmente hel\u00f3 la sangre y m\u00e1s a\u00fan luego de ver lo destrozado que qued\u00f3 el RB21. Afortunadamente, tanto Colapinto como Tsunoda salieron ilesos de sus accidentes este s\u00e1bado.<\/p>\n<div class=\"iframely-embed medium-embedded-content\" data-html=\"Jmx0O2Jsb2NrcXVvdGUgY2xhc3M9InR3aXR0ZXItdHdlZXQiIGRhdGEtZG50PSJ0cnVlIiBhbGlnbj0iY2VudGVyIiZndDsmbHQ7cCBsYW5nPSJlbiIgZGlyPSJsdHIiJmd0O1RoYW5rIHlvdSB0ZWFtIPCfkpkgQSBiaWcgZWZmb3J0IHRvIGdldCBGcmFuY28gYmFjayBvbiB0cmFjayBmb3IgdG9tb3Jyb3cgJmx0O2EgaHJlZj0iaHR0cHM6Ly90LmNvL0JlUVlUb2RhYVkiJmd0O3BpYy50d2l0dGVyLmNvbS9CZVFZVG9kYWFZJmx0Oy9hJmd0OyZsdDsvcCZndDsmYW1wO21kYXNoOyBCV1QgQWxwaW5lIEZvcm11bGEgT25lIFRlYW0gKEBBbHBpbmVGMVRlYW0pICZsdDthIGhyZWY9Imh0dHBzOi8vdHdpdHRlci5jb20vQWxwaW5lRjFUZWFtL3N0YXR1cy8xOTIzODAzMDg2OTE0NDkwNjE5P3JlZl9zcmM9dHdzcmMlNUV0ZnciJmd0O01heSAxNywgMjAyNSZsdDsvYSZndDsmbHQ7L2Jsb2NrcXVvdGUmZ3Q7CiZsdDtzY3JpcHQgYXN5bmMgc3JjPSJodHRwczovL3BsYXRmb3JtLnR3aXR0ZXIuY29tL3dpZGdldHMuanMiIGNoYXJzZXQ9InV0Zi04IiZndDsmbHQ7L3NjcmlwdCZndDsKCiZsdDtkaXYgY2xhc3M9Im1lZGl1bS1pbnNlcnQtZW1iZWRzLW1ldGEiJmd0OyZsdDtzY3JpcHQgdHlwZT0idGV4dC9qc29uIiZndDt7InVybCI6Imh0dHBzOi8vdHdpdHRlci5jb20vQWxwaW5lRjFUZWFtL3N0YXR1cy8xOTIzODAzMDg2OTE0NDkwNjE5IiwidHlwZSI6InJpY2giLCJ2ZXJzaW9uIjoiMS4wIiwidGl0bGUiOiJCV1QgQWxwaW5lIEZvcm11bGEgT25lIFRlYW0gb24gVHdpdHRlciAvIFgiLCJhdXRob3IiOiJCV1QgQWxwaW5lIEZvcm11bGEgT25lIFRlYW0iLCJhdXRob3JfdXJsIjoiaHR0cHM6Ly90d2l0dGVyLmNvbS9BbHBpbmVGMVRlYW0iLCJwcm92aWRlcl9uYW1lIjoiVHdpdHRlciIsImRlc2NyaXB0aW9uIjoiVGhhbmsgeW91IHRlYW0g8J+SmSBBIGJpZyBlZmZvcnQgdG8gZ2V0IEZyYW5jbyBiYWNrIG9uIHRyYWNrIGZvciB0b21vcnJvdyBwaWMudHdpdHRlci5jb20vQmVRWVRvZGFhWeKAlCBCV1QgQWxwaW5lIEZvcm11bGEgT25lIFRlYW0gKEBBbHBpbmVGMVRlYW0pIE1heSAxNywgMjAyNVxuXG5cbiIsInRodW1ibmFpbF91cmwiOiJodHRwczovL3Bicy50d2ltZy5jb20vYW1wbGlmeV92aWRlb190aHVtYi8xOTIzODAyNTc3NDQwODAwNzY4L2ltZy80anNyVE1BZTBhc09hbHJFLmpwZzpsYXJnZSIsInRodW1ibmFpbF93aWR0aCI6MTE1MiwidGh1bWJuYWlsX2hlaWdodCI6MjA0OCwiY2FjaGVfYWdlIjo4NjQwMCwib3B0aW9ucyI6eyJfaGlkZV9tZWRpYSI6eyJsYWJlbCI6IkhpZGUgcGhvdG9zLCB2aWRlb3MsIGFuZCBjYXJkcyIsInZhbHVlIjpmYWxzZX0sIl90aGVtZSI6eyJ2YWx1ZSI6IiIsInZhbHVlcyI6eyJkYXJrIjoiVXNlIGRhcmsgdGhlbWUifX0sIl9tYXh3aWR0aCI6eyJ2YWx1ZSI6IiIsImxhYmVsIjoiQWRqdXN0IHdpZHRoIiwicGxhY2Vob2xkZXIiOiIyMjAtNTUwLCBpbiBweCJ9fX0mbHQ7L3NjcmlwdCZndDsmbHQ7L2RpdiZndDs=\">\n                <a data-iframely-url=\"\" href=\"https:\/\/twitter.com\/AlpineF1Team\/status\/1923803086914490619\">https:\/\/twitter.com\/AlpineF1Team\/status\/1923803086914490619<\/a>\n              <\/div>\n<p>Respecto del accidente, el pilarense se explic\u00f3. \u00ab<b>Fue la primera vez que realmente llegu\u00e9 al l\u00edmite del auto y lo estaba forzando un poco m\u00e1s. Decid\u00ed usar m\u00e1s los pianos y darlo todo, pero fue demasiado y perd\u00ed el control de la parte trasera\u00bb<\/b>, dijo Colapinto, quien le pidi\u00f3 perd\u00f3n dos veces a su equipo por el radio apenas confirm\u00f3 que se encontraba bien. Flavio Briatore, l\u00edder de la escuder\u00eda, respald\u00f3 la maniobra del argentino: \u00abFranco se ha estado familiarizando con el auto y ha hecho un excelente trabajo con el equipo y los ingenieros. Con los autos tan cerca entre s\u00ed, estaba forzando el l\u00edmite y, por desgracia, perdi\u00f3 el control. Habl\u00e9 con Franco: lo superar\u00e1 r\u00e1pidamente y volver\u00e1 con fuerza ma\u00f1ana. El equipo preparar\u00e1 el auto, revisar\u00e1 nuestras opciones y ver\u00e1 qu\u00e9 podemos hacer en la carrera\u00bb.<\/p>\n<h2>Una penalizaci\u00f3n que duele<\/h2>\n<p>Lo cierto es que las malas noticias no terminaron all\u00ed para el argentino. Una vez concluida la acci\u00f3n en el aut\u00f3dromo Enzo y Dino Ferrari, se conoci\u00f3 a trav\u00e9s de la Federaci\u00f3n Internacional del Autom\u00f3vil (FIA) <b>una penalizaci\u00f3n para el argentino<\/b> tras la investigaci\u00f3n de una maniobra cuya resoluci\u00f3n hab\u00eda quedado en suspenso durante la clasificaci\u00f3n. Se trat\u00f3 de un momento durante la Qualy 1 en el cual hubo una mala comunicaci\u00f3n entre Colapinto y su ingeniero por el radio, y <b>el pilarense ingres\u00f3 en el carril r\u00e1pido de la calle de boxes antes de que se reanudara la tanda luego del accidente de Tsunoda.<\/b> \u201cEl equipo argument\u00f3 que no se obtuvo ninguna ventaja deportiva en este caso, ya que quedaba tiempo suficiente para que los dem\u00e1s equipos ejecutaran sus planes de carrera, al ser el inicio de la sesi\u00f3n\u201c, se lee en el comunicado publicado por la FIA, que adem\u00e1s destaca que \u201del representante del equipo y el piloto se disculparon por la infracci\u00f3n involuntaria\u201c. Lo cierto es que, m\u00e1s all\u00e1 del descargo de Alpine ante los comisarios deportivos, <b>la sanci\u00f3n por no seguir las indicaciones del director de la carrera lleg\u00f3 y obliga al piloto argentino a retroceder una posici\u00f3n en la grilla de largada, quedando as\u00ed en el 16\u00ba lugar<\/b>, detr\u00e1s de Liam Lawson (Racing Bulls), quien se beneficia por la penalizaci\u00f3n.<\/p>\n<div class=\"iframely-embed medium-embedded-content\" data-html=\"Jmx0O2Jsb2NrcXVvdGUgY2xhc3M9InR3aXR0ZXItdHdlZXQiIGRhdGEtZG50PSJ0cnVlIiBhbGlnbj0iY2VudGVyIiZndDsmbHQ7cCBsYW5nPSJlbiIgZGlyPSJsdHIiJmd0O0RPQyAyOCAtIEluZnJpbmdlbWVudCAtIENhciA0MyAtIEFsbGVnZWQgZmFpbHVyZSB0byBmb2xsb3cgUmFjZSBEaXJlY3RvciZhbXA7IzM5O3MgaW5zdHJ1Y3Rpb25zIChGYXN0IGxhbmUpICZsdDthIGhyZWY9Imh0dHBzOi8vdC5jby9uVkxQdjYyN2pLIiZndDtodHRwczovL3QuY28vblZMUHY2MjdqSyZsdDsvYSZndDsgJmx0O2EgaHJlZj0iaHR0cHM6Ly90d2l0dGVyLmNvbS9oYXNodGFnL0VtaWxpYVJvbWFnbmFHUD9zcmM9aGFzaCZhbXA7YW1wO3JlZl9zcmM9dHdzcmMlNUV0ZnciJmd0OyNFbWlsaWFSb21hZ25hR1AmbHQ7L2EmZ3Q7ICZsdDthIGhyZWY9Imh0dHBzOi8vdHdpdHRlci5jb20vaGFzaHRhZy9GMT9zcmM9aGFzaCZhbXA7YW1wO3JlZl9zcmM9dHdzcmMlNUV0ZnciJmd0OyNGMSZsdDsvYSZndDsgJmx0O2EgaHJlZj0iaHR0cHM6Ly90d2l0dGVyLmNvbS9oYXNodGFnL0ZJQT9zcmM9aGFzaCZhbXA7YW1wO3JlZl9zcmM9dHdzcmMlNUV0ZnciJmd0OyNGSUEmbHQ7L2EmZ3Q7ICZsdDthIGhyZWY9Imh0dHBzOi8vdC5jby9hVFUxRjF6UlNWIiZndDtwaWMudHdpdHRlci5jb20vYVRVMUYxelJTViZsdDsvYSZndDsmbHQ7L3AmZ3Q7JmFtcDttZGFzaDsgRklBIChAZmlhKSAmbHQ7YSBocmVmPSJodHRwczovL3R3aXR0ZXIuY29tL2ZpYS9zdGF0dXMvMTkyMzc4NDQyMDU2NzI0NDg5ND9yZWZfc3JjPXR3c3JjJTVFdGZ3IiZndDtNYXkgMTcsIDIwMjUmbHQ7L2EmZ3Q7Jmx0Oy9ibG9ja3F1b3RlJmd0OwombHQ7c2NyaXB0IGFzeW5jIHNyYz0iaHR0cHM6Ly9wbGF0Zm9ybS50d2l0dGVyLmNvbS93aWRnZXRzLmpzIiBjaGFyc2V0PSJ1dGYtOCImZ3Q7Jmx0Oy9zY3JpcHQmZ3Q7CgombHQ7ZGl2IGNsYXNzPSJtZWRpdW0taW5zZXJ0LWVtYmVkcy1tZXRhIiZndDsmbHQ7c2NyaXB0IHR5cGU9InRleHQvanNvbiImZ3Q7eyJ1cmwiOiJodHRwczovL3R3aXR0ZXIuY29tL2ZpYS9zdGF0dXMvMTkyMzc4NDQyMDU2NzI0NDg5NCIsInR5cGUiOiJyaWNoIiwidmVyc2lvbiI6IjEuMCIsInRpdGxlIjoiRklBIG9uIFR3aXR0ZXIgLyBYIiwiYXV0aG9yIjoiRklBIiwiYXV0aG9yX3VybCI6Imh0dHBzOi8vdHdpdHRlci5jb20vZmlhIiwicHJvdmlkZXJfbmFtZSI6IlR3aXR0ZXIiLCJkZXNjcmlwdGlvbiI6IkRPQyAyOCAtIEluZnJpbmdlbWVudCAtIENhciA0MyAtIEFsbGVnZWQgZmFpbHVyZSB0byBmb2xsb3cgUmFjZSBEaXJlY3RvcidzIGluc3RydWN0aW9ucyAoRmFzdCBsYW5lKSBodHRwczovL3QuY28vblZMUHY2MjdqSyAjRW1pbGlhUm9tYWduYUdQICNGMSAjRklBIHBpYy50d2l0dGVyLmNvbS9hVFUxRjF6UlNW4oCUIEZJQSAoQGZpYSkgTWF5IDE3LCAyMDI1XG5cblxuIiwidGh1bWJuYWlsX3VybCI6Imh0dHBzOi8vcGJzLnR3aW1nLmNvbS9tZWRpYS9HcktudVV2V0VBQUtrZGIuanBnOmxhcmdlIiwidGh1bWJuYWlsX3dpZHRoIjoxNDQ3LCJ0aHVtYm5haWxfaGVpZ2h0IjoyMDQ4LCJjYWNoZV9hZ2UiOjg2NDAwLCJvcHRpb25zIjp7Il9oaWRlX21lZGlhIjp7ImxhYmVsIjoiSGlkZSBwaG90b3MsIHZpZGVvcywgYW5kIGNhcmRzIiwidmFsdWUiOmZhbHNlfSwiX3RoZW1lIjp7InZhbHVlIjoiIiwidmFsdWVzIjp7ImRhcmsiOiJVc2UgZGFyayB0aGVtZSJ9fSwiX21heHdpZHRoIjp7InZhbHVlIjoiIiwibGFiZWwiOiJBZGp1c3Qgd2lkdGgiLCJwbGFjZWhvbGRlciI6IjIyMC01NTAsIGluIHB4In19fSZsdDsvc2NyaXB0Jmd0OyZsdDsvZGl2Jmd0Ow==\">\n                <a data-iframely-url=\"\" href=\"https:\/\/twitter.com\/fia\/status\/1923784420567244894\">https:\/\/twitter.com\/fia\/status\/1923784420567244894<\/a>\n              <\/div>\n<p>M\u00e1s all\u00e1 de lo relativo a Colapinto, <b>la clasificaci\u00f3n demostr\u00f3 las exigencias t\u00e9cnicas de un circuito dif\u00edcil que requiere de una precisi\u00f3n quir\u00fargica de los pilotos para maximizar el rendimiento de sus autos<\/b>. Lo vivi\u00f3 as\u00ed hasta el propio Piastri, el m\u00e1s veloz de la jornada y quien conquist\u00f3 la posici\u00f3n privilegiada para el domingo, quien apenas se baj\u00f3 de su monoplaza le susurr\u00f3 al tetracampe\u00f3n del mundo Max Verstappen, y segundo clasificado este s\u00e1bado, que hab\u00eda sido una \u201csesi\u00f3n complicada\u201d. Tal fue as\u00ed que en la Q2 quedaron afuera las Ferraris de Charles Leclerc y Lewis Hamilton, mientras que se metieron entre los diez mejores tiempos los Aston Martin de Fernando Alonso y Lance Stroll, posiblemente gracias a una mejor interpretaci\u00f3n de los ingenieros de la escuder\u00eda brit\u00e1nica sobre los dif\u00edciles y enga\u00f1osos neum\u00e1ticos a estrenar en Imola (los famosos C6, de compuesto s\u00faper blando), que desde el equipo decidieron no utilizar para lograr su positiva clasificaci\u00f3n. <b>Lando Norris, el otro due\u00f1o del asiento de McLaren, volvi\u00f3 a cometer algunos errores en su actuaci\u00f3n clasificatoria y qued\u00f3 relegado a la cuarta posici\u00f3n<\/b>\u00a0porque George Russell (Mercedes) estuvo m\u00e1s r\u00e1pido que \u00e9l y largar\u00e1 tercero.<\/p>\n<div class=\"iframely-embed medium-embedded-content\" data-html=\"Jmx0O2Jsb2NrcXVvdGUgY2xhc3M9InR3aXR0ZXItdHdlZXQiIGRhdGEtZG50PSJ0cnVlIiBhbGlnbj0iY2VudGVyIiZndDsmbHQ7cCBsYW5nPSJlbiIgZGlyPSJsdHIiJmd0O1B1c2hpbmcgdGhlIGxpbWl0cyBpbiBRdWFsaSBhbmQgdW5mb3J0dW5hdGVseSBjYW1lIHRvIGEgcHJlbWF0dXJlIGVuZC4mbHQ7YnImZ3Q7Jmx0O2JyJmd0O0dsYWQgdG8gc2VlIHlvdeKAmXJlIG9rLCAmbHQ7YSBocmVmPSJodHRwczovL3R3aXR0ZXIuY29tL0ZyYW5Db2xhcGludG8\/cmVmX3NyYz10d3NyYyU1RXRmdyImZ3Q7QEZyYW5Db2xhcGludG8mbHQ7L2EmZ3Q7LiBXZeKAmWxsIGdldCB0aGUgY2FyIHJlcGFpcmVkIGFuZCB3ZeKAmWxsIGdvIGFnYWluIGluIHRvbW9ycm934oCZcyAmbHQ7YSBocmVmPSJodHRwczovL3R3aXR0ZXIuY29tL2hhc2h0YWcvSW1vbGFHUD9zcmM9aGFzaCZhbXA7YW1wO3JlZl9zcmM9dHdzcmMlNUV0ZnciJmd0OyNJbW9sYUdQJmx0Oy9hJmd0OyDwn4eu8J+HuSAmbHQ7YSBocmVmPSJodHRwczovL3QuY28vVERmYjcyQm5uZyImZ3Q7cGljLnR3aXR0ZXIuY29tL1REZmI3MkJubmcmbHQ7L2EmZ3Q7Jmx0Oy9wJmd0OyZhbXA7bWRhc2g7IEJXVCBBbHBpbmUgRm9ybXVsYSBPbmUgVGVhbSAoQEFscGluZUYxVGVhbSkgJmx0O2EgaHJlZj0iaHR0cHM6Ly90d2l0dGVyLmNvbS9BbHBpbmVGMVRlYW0vc3RhdHVzLzE5MjM3NzUxMjU1NTc1MTA1NDg\/cmVmX3NyYz10d3NyYyU1RXRmdyImZ3Q7TWF5IDE3LCAyMDI1Jmx0Oy9hJmd0OyZsdDsvYmxvY2txdW90ZSZndDsKJmx0O3NjcmlwdCBhc3luYyBzcmM9Imh0dHBzOi8vcGxhdGZvcm0udHdpdHRlci5jb20vd2lkZ2V0cy5qcyIgY2hhcnNldD0idXRmLTgiJmd0OyZsdDsvc2NyaXB0Jmd0OwoKJmx0O2RpdiBjbGFzcz0ibWVkaXVtLWluc2VydC1lbWJlZHMtbWV0YSImZ3Q7Jmx0O3NjcmlwdCB0eXBlPSJ0ZXh0L2pzb24iJmd0O3sidXJsIjoiaHR0cHM6Ly90d2l0dGVyLmNvbS9BbHBpbmVGMVRlYW0vc3RhdHVzLzE5MjM3NzUxMjU1NTc1MTA1NDgiLCJ0eXBlIjoicmljaCIsInZlcnNpb24iOiIxLjAiLCJ0aXRsZSI6IkJXVCBBbHBpbmUgRm9ybXVsYSBPbmUgVGVhbSBvbiBUd2l0dGVyIC8gWCIsImF1dGhvciI6IkJXVCBBbHBpbmUgRm9ybXVsYSBPbmUgVGVhbSIsImF1dGhvcl91cmwiOiJodHRwczovL3R3aXR0ZXIuY29tL0FscGluZUYxVGVhbSIsInByb3ZpZGVyX25hbWUiOiJUd2l0dGVyIiwiZGVzY3JpcHRpb24iOiJQdXNoaW5nIHRoZSBsaW1pdHMgaW4gUXVhbGkgYW5kIHVuZm9ydHVuYXRlbHkgY2FtZSB0byBhIHByZW1hdHVyZSBlbmQuR2xhZCB0byBzZWUgeW914oCZcmUgb2ssIEBGcmFuQ29sYXBpbnRvLiBXZeKAmWxsIGdldCB0aGUgY2FyIHJlcGFpcmVkIGFuZCB3ZeKAmWxsIGdvIGFnYWluIGluIHRvbW9ycm934oCZcyAjSW1vbGFHUCDwn4eu8J+HuSBwaWMudHdpdHRlci5jb20vVERmYjcyQm5uZ+KAlCBCV1QgQWxwaW5lIEZvcm11bGEgT25lIFRlYW0gKEBBbHBpbmVGMVRlYW0pIE1heSAxNywgMjAyNVxuXG5cbiIsInRodW1ibmFpbF91cmwiOiJodHRwczovL3Bicy50d2ltZy5jb20vbWVkaWEvR3JLZkQ1N1cwQUE2QzBfLmpwZzpsYXJnZSIsInRodW1ibmFpbF93aWR0aCI6MTYzOSwidGh1bWJuYWlsX2hlaWdodCI6MjA0OCwiY2FjaGVfYWdlIjo4NjQwMCwib3B0aW9ucyI6eyJfaGlkZV9tZWRpYSI6eyJsYWJlbCI6IkhpZGUgcGhvdG9zLCB2aWRlb3MsIGFuZCBjYXJkcyIsInZhbHVlIjpmYWxzZX0sIl90aGVtZSI6eyJ2YWx1ZSI6IiIsInZhbHVlcyI6eyJkYXJrIjoiVXNlIGRhcmsgdGhlbWUifX0sIl9tYXh3aWR0aCI6eyJ2YWx1ZSI6IiIsImxhYmVsIjoiQWRqdXN0IHdpZHRoIiwicGxhY2Vob2xkZXIiOiIyMjAtNTUwLCBpbiBweCJ9fX0mbHQ7L3NjcmlwdCZndDsmbHQ7L2RpdiZndDs=\">\n                <a data-iframely-url=\"\" href=\"https:\/\/twitter.com\/AlpineF1Team\/status\/1923775125557510548\">https:\/\/twitter.com\/AlpineF1Team\/status\/1923775125557510548<\/a>\n              <\/div>\n<p><b>Como le dijo Briatore, Colapinto deber\u00e1 ser el m\u00e1s veloz en darle la vuelta a la historia de este s\u00e1bado en Imola<\/b>, dejando atr\u00e1s lo negativo y qued\u00e1ndose con lo bueno que tuvo su actuaci\u00f3n: su acceso a la Q2 en su primera clasificaci\u00f3n con Alpine y lo cerca que hab\u00eda quedado de su compa\u00f1ero Pierre Gasly: en la pr\u00e1ctica libre 3 de este s\u00e1bado, el momento en el que m\u00e1s cerca estuvieron, el argentino qued\u00f3 a solo 220 mil\u00e9simas del franc\u00e9s. <b>As\u00ed deber\u00e1 llegar Colapinto al Gran Premio de Emilia-Romagna de este domingo, a las 10 de nuestro pa\u00eds<\/b> (transmite Disney+), ese que marcar\u00e1 su regreso a la jornada de carrera con la F\u00f3rmula 1:<b> con la desaz\u00f3n en el olvido, la ilusi\u00f3n intacta y el nuevo desaf\u00edo por vivir.<\/b><\/p>\n<p><!-- Live Blog Post --><\/div>\n<p><script async src=\"\/\/platform.twitter.com\/widgets.js\" charset=\"utf-8\"><\/script><br \/><a href=\"https:\/\/www.pagina12.com.ar\/826448-borron-y-cuenta-nueva-para-colapinto-tras-una-dificil-clasif\">source<\/a><\/p>\n","protected":false},"excerpt":{"rendered":"<p>Definitivamente no fue el s\u00e1bado so\u00f1ado por Franco Colapinto en su regreso a la F\u00f3rmula&#8230;<\/p>\n","protected":false},"author":3,"featured_media":20844,"comment_status":"closed","ping_status":"closed","sticky":false,"template":"","format":"standard","meta":{"footnotes":""},"categories":[21],"tags":[],"class_list":["post-20843","post","type-post","status-publish","format-standard","has-post-thumbnail","hentry","category-deportes"],"featured_image_urls":{"full":["https:\/\/fmamiga909.com.ar\/wp-content\/uploads\/2025\/05\/wp-header-logo-185.png",960,540,false],"thumbnail":["https:\/\/fmamiga909.com.ar\/wp-content\/uploads\/2025\/05\/wp-header-logo-185-150x150.png",150,150,true],"medium":["https:\/\/fmamiga909.com.ar\/wp-content\/uploads\/2025\/05\/wp-header-logo-185-300x169.png",300,169,true],"medium_large":["https:\/\/fmamiga909.com.ar\/wp-content\/uploads\/2025\/05\/wp-header-logo-185.png",960,540,false],"large":["https:\/\/fmamiga909.com.ar\/wp-content\/uploads\/2025\/05\/wp-header-logo-185.png",640,360,false],"1536x1536":["https:\/\/fmamiga909.com.ar\/wp-content\/uploads\/2025\/05\/wp-header-logo-185.png",960,540,false],"2048x2048":["https:\/\/fmamiga909.com.ar\/wp-content\/uploads\/2025\/05\/wp-header-logo-185.png",960,540,false],"newsium-slider-full":["https:\/\/fmamiga909.com.ar\/wp-content\/uploads\/2025\/05\/wp-header-logo-185.png",960,540,false],"newsium-featured":["https:\/\/fmamiga909.com.ar\/wp-content\/uploads\/2025\/05\/wp-header-logo-185.png",960,540,false],"newsium-medium":["https:\/\/fmamiga909.com.ar\/wp-content\/uploads\/2025\/05\/wp-header-logo-185-720x475.png",720,475,true]},"author_info":{"display_name":"Fredy Giuliano","author_link":"https:\/\/fmamiga909.com.ar\/?author=3"},"category_info":"<a href=\"https:\/\/fmamiga909.com.ar\/?cat=21\" rel=\"category\">Deportes<\/a>","tag_info":"Deportes","comment_count":"0","_links":{"self":[{"href":"https:\/\/fmamiga909.com.ar\/index.php?rest_route=\/wp\/v2\/posts\/20843","targetHints":{"allow":["GET"]}}],"collection":[{"href":"https:\/\/fmamiga909.com.ar\/index.php?rest_route=\/wp\/v2\/posts"}],"about":[{"href":"https:\/\/fmamiga909.com.ar\/index.php?rest_route=\/wp\/v2\/types\/post"}],"author":[{"embeddable":true,"href":"https:\/\/fmamiga909.com.ar\/index.php?rest_route=\/wp\/v2\/users\/3"}],"replies":[{"embeddable":true,"href":"https:\/\/fmamiga909.com.ar\/index.php?rest_route=%2Fwp%2Fv2%2Fcomments&post=20843"}],"version-history":[{"count":0,"href":"https:\/\/fmamiga909.com.ar\/index.php?rest_route=\/wp\/v2\/posts\/20843\/revisions"}],"wp:featuredmedia":[{"embeddable":true,"href":"https:\/\/fmamiga909.com.ar\/index.php?rest_route=\/wp\/v2\/media\/20844"}],"wp:attachment":[{"href":"https:\/\/fmamiga909.com.ar\/index.php?rest_route=%2Fwp%2Fv2%2Fmedia&parent=20843"}],"wp:term":[{"taxonomy":"category","embeddable":true,"href":"https:\/\/fmamiga909.com.ar\/index.php?rest_route=%2Fwp%2Fv2%2Fcategories&post=20843"},{"taxonomy":"post_tag","embeddable":true,"href":"https:\/\/fmamiga909.com.ar\/index.php?rest_route=%2Fwp%2Fv2%2Ftags&post=20843"}],"curies":[{"name":"wp","href":"https:\/\/api.w.org\/{rel}","templated":true}]}}